{"id":82795,"date":"2025-11-06T13:59:08","date_gmt":"2025-11-06T13:59:08","guid":{"rendered":"https:\/\/www.europesays.com\/fi\/82795\/"},"modified":"2025-11-06T13:59:08","modified_gmt":"2025-11-06T13:59:08","slug":"pia-hiltunen-repeaa-sdpn-rivista-potkulaissa-en-peraanny","status":"publish","type":"post","link":"https:\/\/www.europesays.com\/fi\/82795\/","title":{"rendered":"Pia Hiltunen repe\u00e4\u00e4 Sdp:n rivist\u00e4 \u201dpotkulaissa\u201d: En per\u00e4\u00e4nny"},"content":{"rendered":"<p>Eduskunta|SDP:n Pia Hiltunen toimii vastoin puolueensa linjaa. H\u00e4n kertoo k\u00e4yneens\u00e4 keskustelun ryhm\u00e4johdon kanssa, mutta pysyy kannassaan.<\/p>\n<p>Lue tiivistelm\u00e4<\/p>\n<p>Tiivistelm\u00e4 on teko\u00e4lyn tekem\u00e4 ja ihmisen tarkistama.<\/p>\n<p class=\"article-body mb-nof-24 px-nof-16 sndp-summary-bullet-point-font\">SDP:n kansanedustaja Pia Hiltunen kannattaa hallituksen lakiesityst\u00e4 ty\u00f6ntekij\u00f6iden irtisanomisen helpottamisesta vastoin puolueensa linjaa.<\/p>\n<p class=\"article-body mb-nof-24 px-nof-16 sndp-summary-bullet-point-font\">Hiltunen kertoo k\u00e4yneens\u00e4 keskustelun puolueen ryhm\u00e4johdon kanssa, mutta pysyy kannassaan.<\/p>\n<p class=\"article-body mb-nof-24 px-nof-16 sndp-summary-bullet-point-font\">Hiltunen perustelee kantaansa yritt\u00e4j\u00e4perhetaustallaan ja pienyritysten kasvun tukemisella.<\/p>\n<p class=\"article-body mb-nof-24 px-nof-16\">Sdp:n kansanedustaja <a class=\"article-personlink\" href=\"https:\/\/www.hs.fi\/haku\/?query=Pia%20Hiltunen\" rel=\"nofollow noopener\" target=\"_blank\">Pia Hiltunen<\/a> repe\u00e4\u00e4 puolueensa linjasta: h\u00e4n kannattaa <a class=\"article-personlink\" href=\"https:\/\/www.hs.fi\/haku\/?query=Petteri%20Orpon\" rel=\"nofollow noopener\" target=\"_blank\">Petteri Orpon<\/a> (kok) hallituksen lakiesityst\u00e4, joka helpottaa ty\u00f6ntekij\u00f6iden henkil\u00f6perusteista irtisanomista.<\/p>\n<p class=\"article-body mb-nof-24 px-nof-16\">Hiltunen kertoi kannastaan keskiviikkona <a class=\"article-genericlink\" href=\"https:\/\/www.facebook.com\/pia.hiltunen.507\/posts\/pfbid0575otYX7JYgFvW2eik6Z629xyMGyL7CE2VN4UwQ5KUWKihXZYNR1xojAHdoHzsiPl\" rel=\"nofollow noopener\" target=\"_blank\">Facebookissa<\/a>. Torstaina h\u00e4n julkaisi uuden <a class=\"article-genericlink\" href=\"https:\/\/www.facebook.com\/pia.hiltunen.507\/posts\/pfbid0smkHKTsU1xrS8FcsfBP6QmhZ6HU91sivd9rSpFUd5Vb6otAe8JayZGpSULDir2qkl\" rel=\"nofollow noopener\" target=\"_blank\">p\u00e4ivityksen<\/a>, jossa h\u00e4n sanoi, ett\u00e4 \u201dperehtyy\u201d viel\u00e4 asiaan.<\/p>\n<p class=\"article-body mb-nof-24 px-nof-16\">HS kysyi Hiltuselta viestitse, per\u00e4\u00e4ntyyk\u00f6 h\u00e4n keskiviikkona kertomastaan kannasta.<\/p>\n<p class=\"article-body mb-nof-24 px-nof-16\">\u201dEn per\u00e4\u00e4nny. Seuraan nyt, miten asian k\u00e4sittely etenee valiokunnassa ja mit\u00e4 asiantuntijakuulemisissa tulee esille\u201d, Hiltunen vastasi.<\/p>\n<p class=\"article-body mb-nof-24 px-nof-16\">Oletko keskustellut asiasta Sdp:n ryhm\u00e4njohdon kanssa? Onko sinulle tullut painetta muuttaa kantaasi?<\/p>\n<p class=\"article-body mb-nof-24 px-nof-16\">\u201dK\u00e4vimme hyv\u00e4n, avoimen keskustelun.\u201d<\/p>\n<p class=\"article-body mb-nof-24 px-nof-16\">SDP on puolueena vastustanut ankarasti irtisanomista helpottavaa lakia. Sdp:lle l\u00e4heinen ty\u00f6ntekij\u00e4j\u00e4rjest\u00f6 SAK:n on nimitt\u00e4nyt esityst\u00e4 \u201dpotkulaiksi\u201d.<\/p>\n<p class=\"article-body mb-nof-24 px-nof-16\">\u201dT\u00e4m\u00e4 laki ei luo edellytyksi\u00e4 millek\u00e4\u00e4n mielivaltaiselle irtisanomiselle, vaan on tarkoitettu kevent\u00e4m\u00e4\u00e4n pienten yritysten edellytyksi\u00e4 palkata ty\u00f6ntekij\u00f6it\u00e4. Me tarvitsemme kipe\u00e4sti kasvua, puhumme yritt\u00e4jien toimintaedellytysten parantamisesta ja tunnistamme juurikin pienten ja keskisuurten yritysten kasvupotentiaali\u201d, Hiltunen kirjoitti keskiviikkona.<\/p>\n<p class=\"article-body mb-nof-24 px-nof-16\">H\u00e4n kertoi kasvaneensa yritt\u00e4j\u00e4perheess\u00e4 ja n\u00e4hneens\u00e4, millaisia haasteita pienyritt\u00e4j\u00e4t kohtaavat palkatessaan henkil\u00f6st\u00f6\u00e4 ja mit\u00e4 riskej\u00e4 siihen liittyy.<\/p>\n<p class=\"article-body mb-nof-24 px-nof-16\">\u201dSiksi n\u00e4en, ett\u00e4 t\u00e4m\u00e4 laki on tarpeen.\u201d<\/p>\n<p class=\"article-body mb-nof-24 px-nof-16\">Torstaina Hiltunen kirjoitti asiasta uudelleen. H\u00e4n kirjoitti, ett\u00e4 hallituksen ja opposition kovakin v\u00e4\u00e4nt\u00e4minen asioista kuuluu politiikkaan, mutta \u201drepiv\u00e4 linja ei kuitenkaan ole minun linjani\u201d.<\/p>\n<p class=\"article-body mb-nof-24 px-nof-16\">\u201dKyseinen laki oli l\u00e4hetekeskustelussa ja on nyt menossa ty\u00f6- ja tasa-arvovaliokuntaan k\u00e4sitelt\u00e4v\u00e4ksi. Perehdyn irtisanomislain k\u00e4sittelyyn huolellisesti ja seuraan sen etenemist\u00e4 valiokunnassa.\u201d<\/p>\n<p class=\"article-body mb-nof-24 px-nof-16\">\u201dSamaan aikaan ymm\u00e4rr\u00e4n, ett\u00e4 hallitus on tuonut useita esityksi\u00e4, joilla ty\u00f6ntekij\u00f6iden oikeuksia on pyritty heikent\u00e4m\u00e4\u00e4n ja se ei ole my\u00f6sk\u00e4\u00e4n minun linjani. Ty\u00f6el\u00e4m\u00e4n on oltava reilu jokaiselle\u201d, Hiltunen kirjoitti.<\/p>\n","protected":false},"excerpt":{"rendered":"Eduskunta|SDP:n Pia Hiltunen toimii vastoin puolueensa linjaa. H\u00e4n kertoo k\u00e4yneens\u00e4 keskustelun ryhm\u00e4johdon kanssa, mutta pysyy kannassaan. Lue tiivistelm\u00e4&hellip;\n","protected":false},"author":2,"featured_media":82796,"comment_status":"","ping_status":"","sticky":false,"template":"","format":"standard","meta":{"footnotes":""},"categories":[5],"tags":[22,23,26,27,33,31,30,17,46,24,25,28,29,15,18,21,32,19,20,16],"class_list":{"0":"post-82795","1":"post","2":"type-post","3":"status-publish","4":"format-standard","5":"has-post-thumbnail","7":"category-otsikot","8":"tag-breaking-news","9":"tag-breakingnews","10":"tag-featured-news","11":"tag-featurednews","12":"tag-fi","13":"tag-finland","14":"tag-finnish","15":"tag-headlines","16":"tag-helsingin-sanomat","17":"tag-latest-news","18":"tag-latestnews","19":"tag-main-news","20":"tag-mainnews","21":"tag-news","22":"tag-otsikot","23":"tag-paauutiset","24":"tag-suomi","25":"tag-top-stories","26":"tag-topstories","27":"tag-uutiset"},"share_on_mastodon":{"url":"https:\/\/pubeurope.com\/@fi\/115503114657007449","error":""},"_links":{"self":[{"href":"https:\/\/www.europesays.com\/fi\/wp-json\/wp\/v2\/posts\/82795","targetHints":{"allow":["GET"]}}],"collection":[{"href":"https:\/\/www.europesays.com\/fi\/wp-json\/wp\/v2\/posts"}],"about":[{"href":"https:\/\/www.europesays.com\/fi\/wp-json\/wp\/v2\/types\/post"}],"author":[{"embeddable":true,"href":"https:\/\/www.europesays.com\/fi\/wp-json\/wp\/v2\/users\/2"}],"replies":[{"embeddable":true,"href":"https:\/\/www.europesays.com\/fi\/wp-json\/wp\/v2\/comments?post=82795"}],"version-history":[{"count":0,"href":"https:\/\/www.europesays.com\/fi\/wp-json\/wp\/v2\/posts\/82795\/revisions"}],"wp:featuredmedia":[{"embeddable":true,"href":"https:\/\/www.europesays.com\/fi\/wp-json\/wp\/v2\/media\/82796"}],"wp:attachment":[{"href":"https:\/\/www.europesays.com\/fi\/wp-json\/wp\/v2\/media?parent=82795"}],"wp:term":[{"taxonomy":"category","embeddable":true,"href":"https:\/\/www.europesays.com\/fi\/wp-json\/wp\/v2\/categories?post=82795"},{"taxonomy":"post_tag","embeddable":true,"href":"https:\/\/www.europesays.com\/fi\/wp-json\/wp\/v2\/tags?post=82795"}],"curies":[{"name":"wp","href":"https:\/\/api.w.org\/{rel}","templated":true}]}}