{"id":82815,"date":"2025-11-06T14:43:09","date_gmt":"2025-11-06T14:43:09","guid":{"rendered":"https:\/\/www.europesays.com\/fi\/82815\/"},"modified":"2025-11-06T14:43:09","modified_gmt":"2025-11-06T14:43:09","slug":"thl-tiukensi-koronarokotteiden-riskiryhmia-influenssarokotus-tarkea-lapsille-etela-karjala","status":"publish","type":"post","link":"https:\/\/www.europesays.com\/fi\/82815\/","title":{"rendered":"THL tiukensi korona\u00adrokotteiden riskiryhmi\u00e4 \u2013 influenssa\u00adrokotus t\u00e4rke\u00e4 lapsille | Etel\u00e4-Karjala"},"content":{"rendered":"<p class=\"aw-1gybjub aw-5vja16 kEtdKx kmuxyA yle__article__paragraph\">L\u00e4\u00e4k\u00e4ri vetoaa ihmisi\u00e4 ottamaan influenssarokotteen paitsi itsens\u00e4, my\u00f6s p\u00e4ivystys- ja osastotoiminnan kestokyvyn suojaksi.<\/p>\n<p><img decoding=\"async\" alt=\"Sairas lapsi makaa sohvalla.\" src=\"https:\/\/www.europesays.com\/fi\/wp-content\/uploads\/2025\/09\/39-151059768a714a07f235.jpeg\" class=\"aw-1l9m598 hKVVvP\"\/><\/p>\n<p>Avaa kuvien katselu<\/p>\n<p>THL muistuttaa, ett\u00e4 lapset kannattaa rokottaa tavallisia  hengitystieinfektiota ankarampioireista influenssaa vastaan. Kuva: IMAGO\/photothek\/ All Over Press<\/p>\n<p>Juttu tiivistettyn\u00e4<\/p>\n<ul class=\"aw-1jjocuh iJTSwP yle__article__list yle__article__list--ul\">\n<li class=\"aw-1j7gwms gNYKfi\">Etel\u00e4-Karjalan tartuntatautil\u00e4\u00e4k\u00e4ri kehottaa vanhempia rokottamaan alle kouluik\u00e4iset lapset influenssaa vastaan.<\/li>\n<li class=\"aw-1j7gwms gNYKfi\">Joka viides lapsi sairastuu influenssaan vuosittain.<\/li>\n<li class=\"aw-1j7gwms gNYKfi\">Influenssa altistaa sairastuneen j\u00e4lkitaudeille.<\/li>\n<li class=\"aw-1j7gwms gNYKfi\">Koronavirusrokotteiden riskiryhm\u00e4t ovat muuttuneet viime vuodesta; tehosterokotteen saavat vain i\u00e4kk\u00e4imm\u00e4t ja vakavimpiin riskiryhmiin kuuluvat.<\/li>\n<\/ul>\n<p class=\"aw-1gybjub aw-1p7kakr kEtdKx cEmitX yle__article__paragraph\">T\u00e4m\u00e4 on teko\u00e4lyn avulla tuotettu, toimittajan tarkistama tiivistelm\u00e4.<\/p>\n<p class=\"aw-1gybjub aw-1p7kakr kEtdKx cEmitX yle__article__paragraph\">Tartuntatautil\u00e4\u00e4k\u00e4ri <strong class=\"aw-ak79eh KyCXm yle__article__strong\">Sami Raasakka<\/strong> Etel\u00e4-Karjalan hyvinvointialueelta kehottaa vanhempia rokotuttamaan erityisesti alle kouluik\u00e4iset lapset influenssaa vastaan. Samaa mielt\u00e4 on Terveyden- ja hyvinvoinnin laitos THL:n johtava asiantuntija <strong class=\"aw-ak79eh KyCXm yle__article__strong\">Mia Kontio<\/strong>.<\/p>\n<p class=\"aw-1gybjub aw-1p7kakr kEtdKx cEmitX yle__article__paragraph\">Jopa joka viides lapsi sairastuu vuosittain influenssaan. Tauti altistaa lapsen j\u00e4lkitaudeille, joista yleisimpi\u00e4 ovat bakteerin aiheuttamat korvatulehdukset ja keuhkokuume.<\/p>\n<p class=\"aw-1gybjub aw-1p7kakr kEtdKx cEmitX yle__article__paragraph\">Mia Kontion mukaan pikkulasten vanhemmat eiv\u00e4t miell\u00e4 influenssaa vakavaksi taudiksi ja j\u00e4tt\u00e4v\u00e4t lapsensa rokottamatta. Pikkulapset kuitenkin sairastavat influenssaa enemm\u00e4n kuin muut ik\u00e4ryhm\u00e4t.<\/p>\n<p class=\"aw-1gybjub aw-1p7kakr kEtdKx cEmitX yle__article__paragraph\">Pikkulapsista monilla tauti on oireeton, mutta he tartuttavat sit\u00e4 silti eteenp\u00e4in.<\/p>\n<p class=\"aw-1gybjub aw-1p7kakr kEtdKx cEmitX yle__article__paragraph\">\u2013 Lasten rokottaminen v\u00e4hent\u00e4\u00e4 my\u00f6s heid\u00e4n l\u00e4hipiirins\u00e4 saamia tartuntoja, Sami Raasakka muistuttaa.<\/p>\n<p class=\"aw-1gybjub aw-1p7kakr kEtdKx cEmitX yle__article__paragraph\">Influenssarokote on maksuton alle 7-vuotiaille lapsille osana rokotusohjelmaa.<\/p>\n<p><img decoding=\"async\" alt=\"Terveyskeskusl\u00e4\u00e4k\u00e4ri Vilma Halme,  tutkii potilaan korvaa.\" src=\"https:\/\/www.europesays.com\/fi\/wp-content\/uploads\/2025\/11\/39-139675867618e0777cc9.jpeg\" loading=\"lazy\" class=\"aw-1l9m598 hKVVvP\"\/><\/p>\n<p>Avaa kuvien katselu<\/p>\n<p>Yksi influenssatartunnan j\u00e4lkitaudeista on korvatulehdus. Kuva: Jouni Immonen \/ YleKoronarokotteen riskiryhm\u00e4 tiukkeni<\/p>\n<p class=\"aw-1gybjub aw-1p7kakr kEtdKx cEmitX yle__article__paragraph\">THL on tiukentanut koronarokotteiden riskiryhmi\u00e4 viime vuodesta, eli rokotteen saa nyt aiempaa harvempi. Riskiryhmiin on valittu ne, joille rokotuksen hy\u00f6ty on merkitt\u00e4v\u00e4 nimenomaan vakavamman tautimuodon ehk\u00e4isemisess\u00e4. N\u00e4it\u00e4 ovat ovat l\u00e4hinn\u00e4 vanhimmat ja vakavimmin sairaat ihmiset.<\/p>\n<p class=\"aw-1gybjub aw-1p7kakr kEtdKx cEmitX yle__article__paragraph\">Maailmanlaajuisen pandemian aiheuttanut koronavirus SARS-CoV-2 kiert\u00e4\u00e4 jo kuudetta vuotta. Suomalaiset saivat ensimm\u00e4iset rokotteet vuoden 2020 lopulla.<\/p>\n<p class=\"aw-1gybjub aw-1p7kakr kEtdKx cEmitX yle__article__paragraph\">Moni on sairastanut koronaviruksen jonkin alatyypin tai useampia. Taudilta v\u00e4lttyneit\u00e4 Raasakan mukaan tuskin on en\u00e4\u00e4.<\/p>\n<p class=\"aw-1gybjub aw-1p7kakr kEtdKx cEmitX yle__article__paragraph\">THL:n mukaan koronarokotteiden tehokkuus sairaalahoitoa ja tehohoitoa vaativaa koronatautia vastaan oli viime vuonna 20\u201350 prosenttia.<\/p>\n<p>Koronarokotteiden tehosteannosten kohderyhm\u00e4t<\/p>\n<ul class=\"aw-1jjocuh iJTSwP yle__article__list yle__article__list--ul\">\n<li class=\"aw-1j7gwms gNYKfi\">Syksyn 2025 koronarokotteiden tehosteannosten kohderyhm\u00e4 on muuttunut edellisvuosista.<\/li>\n<li class=\"aw-1j7gwms gNYKfi\">Nyt kohderyhmi\u00e4 ovat 75 vuotta t\u00e4ytt\u00e4neet, hoivakodeissa tai s\u00e4\u00e4nn\u00f6llisess\u00e4 j\u00e4rjestetyss\u00e4 kotihoidossa olevat henkil\u00f6t sek\u00e4 omaishoidettavat i\u00e4kk\u00e4\u00e4t henkil\u00f6t, kaikenik\u00e4iset voimakkaasti immuunipuutteiset ja 18 vuotta t\u00e4ytt\u00e4neet, joilla on kaksi tai useampi vakavan koronataudin riski\u00e4 lis\u00e4\u00e4v\u00e4\u00e4 sairautta.<\/li>\n<li class=\"aw-1j7gwms gNYKfi\">Suositus perustuu Terveyden ja hyvinvoinnin laitoksen (THL:n) analyyseihin ja kansalliseen tutkimukseen.<\/li>\n<li class=\"aw-1j7gwms gNYKfi\">Laboratoriovarmennetun tai kotitestill\u00e4 todennetun koronan viimeisen 6 kuukauden aikana sairastaneen ei tarvitse t\u00e4ll\u00e4 kaudella ottaa tehosterokotetta.<br \/>\nL\u00e4hde: Terveyden- ja hyvinvoinnnin laitos<\/li>\n<\/ul>\n<p class=\"aw-1gybjub aw-1p7kakr kEtdKx cEmitX yle__article__paragraph\"><strong class=\"aw-ak79eh KyCXm yle__article__strong\">Etel\u00e4-Karjalan hyvinvointialueen tartuntatautil\u00e4\u00e4k\u00e4ri Sami Raasakka kertoo, ett\u00e4 influenssarokotteesta on t\u00e4n\u00e4 talvena keskim\u00e4\u00e4rin suurempi hy\u00f6ty kuin koronavirusrokotteesta.<\/strong><\/p>\n<p class=\"aw-1gybjub aw-1p7kakr kEtdKx cEmitX yle__article__paragraph\">Etel\u00e4-Karjalan hyvinvointialue ei j\u00e4rjest\u00e4 t\u00e4n\u00e4k\u00e4\u00e4n vuonna joukkorokotuksia, vaan jokaisen tulee varata oma aika influenssa- ja koronavirusrokotukseen s\u00e4hk\u00f6isen ajanvarauksen kautta. Ensi viikolla eli viikolla 46 avautuu my\u00f6s rokotuspuhelinpalvelu.<\/p>\n<p class=\"aw-1gybjub aw-1p7kakr kEtdKx cEmitX yle__article__paragraph\">Rokotukset alkavat t\u00e4ydell\u00e4 teholla puolentoista viikon kuluttua eli viikolla 47.<\/p>\n<p class=\"aw-1gybjub aw-1p7kakr kEtdKx cEmitX yle__article__paragraph\">\u2013 Edess\u00e4 on iso ponnistus, joka kest\u00e4\u00e4 useita viikkoja. Rokotteita riitt\u00e4\u00e4 kaikille tarvitseville, Raasakka sanoo.<\/p>\n","protected":false},"excerpt":{"rendered":"L\u00e4\u00e4k\u00e4ri vetoaa ihmisi\u00e4 ottamaan influenssarokotteen paitsi itsens\u00e4, my\u00f6s p\u00e4ivystys- ja osastotoiminnan kestokyvyn suojaksi. Avaa kuvien katselu THL muistuttaa,&hellip;\n","protected":false},"author":2,"featured_media":29645,"comment_status":"","ping_status":"","sticky":false,"template":"","format":"standard","meta":{"footnotes":""},"categories":[165],"tags":[1302,12733,33,31,30,166,954,2218,6313,14546,5516,766,71,1446,32,595,4286,167],"class_list":{"0":"post-82815","1":"post","2":"type-post","3":"status-publish","4":"format-standard","5":"has-post-thumbnail","7":"category-terveys","8":"tag-etela-karjala","9":"tag-etela-karjalan-hyvinvointialue","10":"tag-fi","11":"tag-finland","12":"tag-finnish","13":"tag-health","14":"tag-hengitystieinfektiot","15":"tag-hyvinvointialueet","16":"tag-influenssa","17":"tag-influenssarokotteet","18":"tag-koronarokote","19":"tag-koronavirus","20":"tag-kotimaa","21":"tag-lappeenranta","22":"tag-suomi","23":"tag-taudit","24":"tag-terveyden-ja-hyvinvoinnin-laitos","25":"tag-terveys"},"share_on_mastodon":{"url":"https:\/\/pubeurope.com\/@fi\/115503288057814585","error":""},"_links":{"self":[{"href":"https:\/\/www.europesays.com\/fi\/wp-json\/wp\/v2\/posts\/82815","targetHints":{"allow":["GET"]}}],"collection":[{"href":"https:\/\/www.europesays.com\/fi\/wp-json\/wp\/v2\/posts"}],"about":[{"href":"https:\/\/www.europesays.com\/fi\/wp-json\/wp\/v2\/types\/post"}],"author":[{"embeddable":true,"href":"https:\/\/www.europesays.com\/fi\/wp-json\/wp\/v2\/users\/2"}],"replies":[{"embeddable":true,"href":"https:\/\/www.europesays.com\/fi\/wp-json\/wp\/v2\/comments?post=82815"}],"version-history":[{"count":0,"href":"https:\/\/www.europesays.com\/fi\/wp-json\/wp\/v2\/posts\/82815\/revisions"}],"wp:featuredmedia":[{"embeddable":true,"href":"https:\/\/www.europesays.com\/fi\/wp-json\/wp\/v2\/media\/29645"}],"wp:attachment":[{"href":"https:\/\/www.europesays.com\/fi\/wp-json\/wp\/v2\/media?parent=82815"}],"wp:term":[{"taxonomy":"category","embeddable":true,"href":"https:\/\/www.europesays.com\/fi\/wp-json\/wp\/v2\/categories?post=82815"},{"taxonomy":"post_tag","embeddable":true,"href":"https:\/\/www.europesays.com\/fi\/wp-json\/wp\/v2\/tags?post=82815"}],"curies":[{"name":"wp","href":"https:\/\/api.w.org\/{rel}","templated":true}]}}