{"id":82915,"date":"2025-11-06T16:59:10","date_gmt":"2025-11-06T16:59:10","guid":{"rendered":"https:\/\/www.europesays.com\/fi\/82915\/"},"modified":"2025-11-06T16:59:10","modified_gmt":"2025-11-06T16:59:10","slug":"karmeita-tapahtumia-venajalla-putin-voikin-kokea-yllattavan-lopun","status":"publish","type":"post","link":"https:\/\/www.europesays.com\/fi\/82915\/","title":{"rendered":"Karmeita tapahtumia Ven\u00e4j\u00e4ll\u00e4 \u2013 Putin voikin kokea yll\u00e4tt\u00e4v\u00e4n lopun"},"content":{"rendered":"<p><a href=\"https:\/\/www.iltalehti.fi\/kirjoittajat\/Valtteri Varpela\" class=\"article-description-pov-author\" rel=\"nofollow noopener\" target=\"_blank\"><\/p>\n<p>Valtteri Varpela<\/p>\n<p><img decoding=\"async\" class=\"author-image\" src=\"https:\/\/www.europesays.com\/fi\/wp-content\/uploads\/2025\/08\/ed72df1098127f04b4620bcdb671c935ceeb46fd172c810abfc78381bf0f4ca6.png\" alt=\"\"\/><\/a><\/p>\n<p>Py\u00f6ritteli Ven\u00e4j\u00e4n tilannetta miten vain, l\u00e4hivuodet eiv\u00e4t n\u00e4yt\u00e4 Suomen ja muiden reunavaltioiden kannalta helpoilta, kirjoittaa Iltalehden p\u00e4\u00e4toimittaja Valtteri Varpela.<\/p>\n<p>T\u00e4n\u00e4\u00e4n klo 18:23<\/p>\n<p><img decoding=\"async\" class=\"image image-show image-preview\" src=\"https:\/\/www.europesays.com\/fi\/wp-content\/uploads\/2025\/10\/1761902109_779_98e973b5b2b50d3e0041c830d2f6a9977c84f19a2d73c04cd663c3fcea51ef26.jpg\" alt=\"\"\/><img decoding=\"async\" class=\"image image-show\" src=\"https:\/\/www.europesays.com\/fi\/wp-content\/uploads\/2025\/10\/1761902110_783_98e973b5b2b50d3e0041c830d2f6a9977c84f19a2d73c04cd663c3fcea51ef26.jpg\" alt=\"\"\/><\/p>\n<p>Putinin Ven\u00e4j\u00e4n j\u00e4rjestelm\u00e4 opettaa ihmiset kest\u00e4m\u00e4\u00e4n ongelmia, se ei ratkaise niit\u00e4. EPA\/AOP<\/p>\n<p class=\"paragraph\">Ven\u00e4j\u00e4n vallan ytimess\u00e4 on tapahtunut jo tovin asioita, jotka her\u00e4tt\u00e4v\u00e4t kysymyksen: Mit\u00e4 Ven\u00e4j\u00e4ll\u00e4 tapahtuu Vladimir Putinin j\u00e4lkeen?<\/p>\n<p class=\"paragraph\">Ven\u00e4j\u00e4n ja It\u00e4-Euroopan tutkimuksen vanhempi yliopistonlehtori <a href=\"https:\/\/www.iltalehti.fi\/henkilot\/Arto Luukkanen\" class=\"article-link-person-page\" rel=\"nofollow noopener\" target=\"_blank\">Arto Luukkanen<\/a> <a href=\"https:\/\/www.iltalehti.fi\/ulkomaat\/e4679397-636c-4ecf-8e3c-e6468855cbf5\" rel=\"nofollow noopener\" target=\"_blank\">arvioi<\/a> muutama viikko sitten, ett\u00e4 Ven\u00e4j\u00e4ll\u00e4 voi olla jo k\u00e4ynniss\u00e4 vallanvaihto. Ikkunoista putoavat johtajat ovat merkki siit\u00e4, ett\u00e4 v\u00e4kivallan kierre on jo alkanut, ja it\u00e4rajan takana valmistaudutaan jo uuden johtajan ja sodan j\u00e4lkeiseen aikaan.<\/p>\n<p class=\"paragraph\">Luukkanen vertasi Putinin aloittamaa hy\u00f6kk\u00e4yssotaa Ukrainaan ensimm\u00e4iseen maailmansotaan, jota seurasivat Ven\u00e4j\u00e4n sis\u00e4inen valtataistelu ja vallanvaihto.<\/p>\n<p class=\"paragraph\">Ulko- ja turvallisuuspolitiikan asiantuntija <strong>Henri Vanhanen<\/strong> huomauttaa Iltalehteen kirjoittamassaan <a href=\"https:\/\/www.iltalehti.fi\/politiikka\/e6e5498a-69f5-481a-8681-2df7e2fc7b63\" rel=\"nofollow noopener\" target=\"_blank\">vieraskyn\u00e4ss\u00e4\u00e4n<\/a> samasta historiallisesta kaavasta: sek\u00e4 tsaarien ett\u00e4 neuvostojohtajien tyhjiksi rapistuneet lupaukset paremmasta ovat vieneet lopulta romahdukseen.<\/p>\n<p class=\"paragraph\">Putin nousi n\u00e4ille raunioille 90-luvun sekasorron keskell\u00e4 palauttamaan j\u00e4rjestyksen. Ensin h\u00e4n onnistuikin, mutta maa on pudonnut kauas takamatkalle l\u00e4nnen ja Kiinan kyydist\u00e4.<\/p>\n<p class=\"paragraph\">J\u00e4ljell\u00e4 on entist\u00e4 pahemmin luonnonvaroistaan ja sotataloudestaan riippuvainen hiipunut maa, joka on suurvalta en\u00e4\u00e4 aseellisessa mieless\u00e4.<\/p>\n<p class=\"paragraph\">Ven\u00e4j\u00e4n vahvuus on maan ja sen kansalaisten sitkeydess\u00e4 kest\u00e4\u00e4 huonompia aikoja ja joustaa pakkovallan alla. J\u00e4rjestelm\u00e4 opettaa ihmiset kest\u00e4m\u00e4\u00e4n ongelmia, se ei ratkaise niit\u00e4.<\/p>\n<p class=\"paragraph\">Putin on <a href=\"https:\/\/www.iltalehti.fi\/ulkomaat\/2fb98a4f-d57e-4fb1-8ad6-83c5693d1a9e\" rel=\"nofollow noopener\" target=\"_blank\">umpikujassa<\/a>.<\/p>\n<p class=\"paragraph\">Diktaattorit siirtyv\u00e4t vapaaehtoisesti syrj\u00e4\u00e4n vain voitettuaan sodan, eiv\u00e4t h\u00e4vitty\u00e4\u00e4n sit\u00e4.<\/p>\n<p class=\"paragraph\">Sotaa on pakko jatkaa, jotta valtatyhji\u00f6t\u00e4 ei synny. Toisaalta sodan jatkaminen tarkoittaa sit\u00e4, ett\u00e4 maa on yh\u00e4 erist\u00e4ytyneempi muusta maailmasta, mik\u00e4 tekee teknisen ja taloudellisen j\u00e4rjestelm\u00e4n kehitt\u00e4misen mahdottomaksi.<\/p>\n<p class=\"paragraph\">Vanhasen kirjoittaman analyysin mukaan Putinin valtakausi ei todenn\u00e4k\u00f6isesti p\u00e4\u00e4ty n\u00e4ytt\u00e4v\u00e4\u00e4n romahtamiseen, vaan yll\u00e4tt\u00e4v\u00e4mmin hetkeen, jolloin h\u00e4net koetaan tarpeettomaksi.<\/p>\n<p class=\"paragraph\">Vanhasen mukaan Ven\u00e4j\u00e4ll\u00e4 on kolme mahdollista kehityssuuntaa Putinin j\u00e4lkeen. Ensimm\u00e4inen on pys\u00e4htyneisyyden Ven\u00e4j\u00e4, jossa seuraaja jatkaa Putinin linjalla eik\u00e4 ole voittoa eik\u00e4 rauhaa. Toinen vaihtoehto olisi Kiinan varjoon alistuksellisesti asettuva Ven\u00e4j\u00e4 ja viimeinen skenaario irtiotto sodan logiikasta \u201dhengitystilaan\u201d, jossa ei olisi demokratiaa, mutta maa v\u00e4hent\u00e4isi omaa haavoittuvuuttaan.<\/p>\n<p class=\"paragraph\">Tasavallan presidentti <a href=\"https:\/\/www.iltalehti.fi\/henkilot\/Alexander Stubb\" class=\"article-link-person-page\" rel=\"nofollow noopener\" target=\"_blank\">Alexander Stubbin<\/a> analyysissa Ven\u00e4j\u00e4n kehityksest\u00e4 on paljon samaa. Stubb kirjoittaa loppukes\u00e4st\u00e4 julkaistussa kirjassaan Vallan kolmio, ett\u00e4 sodassa on kysymys Putinin perinn\u00f6st\u00e4 ja paikasta historiassa. Siksi h\u00e4n uskoo Putinin menev\u00e4n \u201dp\u00e4\u00e4tyyn asti\u201d.<\/p>\n<p class=\"paragraph\">Stubbin mukaan autoritaaristen maiden heikkous on siin\u00e4, ett\u00e4 kansalaiset siet\u00e4v\u00e4t niit\u00e4 niin kauan kuin talous kasvaa tai valvonta jatkuu s\u00e4\u00e4lim\u00e4tt\u00f6m\u00e4n\u00e4. Jos jompikumpi tai molemmat h\u00e4vi\u00e4v\u00e4t, romahdus on vain ajan kysymys.<\/p>\n<p class=\"paragraph\">T\u00e4ll\u00e4 hetkell\u00e4 Ven\u00e4j\u00e4 ei ole ottamassa Ukrainasta selv\u00e4\u00e4 voittoa eik\u00e4 tappiota. Lopputulema on t\u00e4ysin auki: l\u00e4nsi on ollut yll\u00e4tt\u00e4v\u00e4n yhten\u00e4inen, mutta toisaalta yhten\u00e4isyys horjuu jatkuvasti. Samalla Kiina on jatkanut Ven\u00e4j\u00e4n tukemista.<\/p>\n<p class=\"paragraph\">Putinin j\u00e4lkeinen aika voi p\u00e4\u00e4ty\u00e4 mihin tahansa Vanhasen maalaamista kuvista \u2013 tai kaikkiin.<\/p>\n<p class=\"paragraph\">Ennen sit\u00e4 ilmeist\u00e4 on, ett\u00e4 Putin ei pys\u00e4hdy, ellei h\u00e4nt\u00e4 pakoteta siihen. Putin on liuennut rauhanneuvotteluista aina pois, koska sodan jatkaminen on h\u00e4nen etunsa.<\/p>\n<p class=\"paragraph\">Viron puolustusvoimien komentajan <a href=\"https:\/\/www.iltalehti.fi\/henkilot\/Andrus Merilo\" class=\"article-link-person-page\" rel=\"nofollow noopener\" target=\"_blank\">Andrus Merilon<\/a> arvion mukaan sota voi tavalla tai toisella p\u00e4\u00e4tty\u00e4 jo kuluvan vuoden aikana. Vaikka Ven\u00e4j\u00e4n kehityksen suunnasta siit\u00e4 eteenp\u00e4in on vaikea sanoa, kaiken keski\u00f6ss\u00e4 on h\u00e4nell\u00e4kin havainto, ett\u00e4 Putinin ainoa toive vallassa pysymiseen on oman maansa pit\u00e4minen sodassa.<\/p>\n<p class=\"paragraph\">Suomen kannalta n\u00e4kym\u00e4 on karu: Jos Ukrainan sota p\u00e4\u00e4ttyy, rajamme vieress\u00e4 on maa, jonka koko talous on suuntautunut sotateollisuuteen, jolla on vahva armeija ja modernista sodank\u00e4ynnist\u00e4 tuoretta kokemusta ja oppia saanut diktaattori.<\/p>\n<p class=\"paragraph\">Virolaiskomentajan arvion mukaan menee alle kaksi vuotta, kun Ven\u00e4j\u00e4 ehtii palautua riitt\u00e4v\u00e4n hyvin k\u00e4ytt\u00e4m\u00e4\u00e4n asevoimiaan johonkin muuhun.<\/p>\n","protected":false},"excerpt":{"rendered":"Valtteri Varpela Py\u00f6ritteli Ven\u00e4j\u00e4n tilannetta miten vain, l\u00e4hivuodet eiv\u00e4t n\u00e4yt\u00e4 Suomen ja muiden reunavaltioiden kannalta helpoilta, kirjoittaa Iltalehden&hellip;\n","protected":false},"author":2,"featured_media":82916,"comment_status":"","ping_status":"","sticky":false,"template":"","format":"standard","meta":{"footnotes":""},"categories":[14],"tags":[35,22,23,26,27,33,31,30,17,24,25,28,29,15,18,21,142,637,144,32,19,20,56,16,1262,1665,59,60,61],"class_list":{"0":"post-82915","1":"post","2":"type-post","3":"status-publish","4":"format-standard","5":"has-post-thumbnail","7":"category-ulkomaat","8":"tag-24h","9":"tag-breaking-news","10":"tag-breakingnews","11":"tag-featured-news","12":"tag-featurednews","13":"tag-fi","14":"tag-finland","15":"tag-finnish","16":"tag-headlines","17":"tag-latest-news","18":"tag-latestnews","19":"tag-main-news","20":"tag-mainnews","21":"tag-news","22":"tag-otsikot","23":"tag-paauutiset","24":"tag-poliitikot","25":"tag-politiikka","26":"tag-presidentti","27":"tag-suomi","28":"tag-top-stories","29":"tag-topstories","30":"tag-ulkomaat","31":"tag-uutiset","32":"tag-venajan-politiikka","33":"tag-venalaiset-poliitikot","34":"tag-world","35":"tag-world-news","36":"tag-worldnews"},"share_on_mastodon":{"url":"https:\/\/pubeurope.com\/@fi\/115503822792805346","error":""},"_links":{"self":[{"href":"https:\/\/www.europesays.com\/fi\/wp-json\/wp\/v2\/posts\/82915","targetHints":{"allow":["GET"]}}],"collection":[{"href":"https:\/\/www.europesays.com\/fi\/wp-json\/wp\/v2\/posts"}],"about":[{"href":"https:\/\/www.europesays.com\/fi\/wp-json\/wp\/v2\/types\/post"}],"author":[{"embeddable":true,"href":"https:\/\/www.europesays.com\/fi\/wp-json\/wp\/v2\/users\/2"}],"replies":[{"embeddable":true,"href":"https:\/\/www.europesays.com\/fi\/wp-json\/wp\/v2\/comments?post=82915"}],"version-history":[{"count":0,"href":"https:\/\/www.europesays.com\/fi\/wp-json\/wp\/v2\/posts\/82915\/revisions"}],"wp:featuredmedia":[{"embeddable":true,"href":"https:\/\/www.europesays.com\/fi\/wp-json\/wp\/v2\/media\/82916"}],"wp:attachment":[{"href":"https:\/\/www.europesays.com\/fi\/wp-json\/wp\/v2\/media?parent=82915"}],"wp:term":[{"taxonomy":"category","embeddable":true,"href":"https:\/\/www.europesays.com\/fi\/wp-json\/wp\/v2\/categories?post=82915"},{"taxonomy":"post_tag","embeddable":true,"href":"https:\/\/www.europesays.com\/fi\/wp-json\/wp\/v2\/tags?post=82915"}],"curies":[{"name":"wp","href":"https:\/\/api.w.org\/{rel}","templated":true}]}}