{"id":82921,"date":"2025-11-06T17:02:07","date_gmt":"2025-11-06T17:02:07","guid":{"rendered":"https:\/\/www.europesays.com\/fi\/82921\/"},"modified":"2025-11-06T17:02:07","modified_gmt":"2025-11-06T17:02:07","slug":"elisa-lanseerasi-porojen-seurantapalvelun-palvelu-kehitettiin-yhteistyossa-poronhoitajien-kanssa","status":"publish","type":"post","link":"https:\/\/www.europesays.com\/fi\/82921\/","title":{"rendered":"Elisa lanseerasi porojen seurantapalvelun \u2013\u202fpalvelu kehitettiin yhteisty\u00f6ss\u00e4 poronhoitajien kanssa"},"content":{"rendered":"<p>\n Elisa on lanseerannut yhteisty\u00f6ss\u00e4 poronhoitajien kanssa kehitetyn Porojen seurantapalvelun. Palvelu tarjoaa reaaliaikaista ja tarkkaa tietoa porojen sijainnista ja hyvinvoinnista esineiden internetin (IoT) avulla, yhti\u00f6 kertoo tiedotteessaan.\n <\/p>\n<p>\n \u2013\u202fEsimerkiksi poroerottelu tai vasojen merkint\u00e4 on perinteisesti paljon aikaa vaativaa ty\u00f6t\u00e4. Se nopeutuu huomattavasti, kun yksitt\u00e4isten porojen tarkka sijainti on tiedossa. Erityisen hy\u00f6dyllist\u00e4 on my\u00f6s mahdollisuus l\u00f6yt\u00e4\u00e4 helposti omat porot, jotka ovat vahingoittuneet tai juuttuneet maastoon. J\u00e4rjestelm\u00e4 laukaisee h\u00e4lytyksi\u00e4 reaaliaikaisesti tilanteiden muuttuessa. Ilman laitteita poroja j\u00e4isi paljon luontoon, kertoo Elisan Pohjois-Suomen aluejohtaja Markus Ahokangas Elisan tiedotteessa.\n <\/p>\n<p class=\"article__paragraph\">\n Palvelua k\u00e4ytett\u00e4ess\u00e4 poron kaulaan kiinnitet\u00e4\u00e4n panta, jossa on paikanninlaite.<\/p>\n","protected":false},"excerpt":{"rendered":"Elisa on lanseerannut yhteisty\u00f6ss\u00e4 poronhoitajien kanssa kehitetyn Porojen seurantapalvelun. Palvelu tarjoaa reaaliaikaista ja tarkkaa tietoa porojen sijainnista ja&hellip;\n","protected":false},"author":2,"featured_media":82922,"comment_status":"","ping_status":"","sticky":false,"template":"","format":"standard","meta":{"footnotes":""},"categories":[117],"tags":[33,31,30,72,476,118,32,119,477],"class_list":{"0":"post-82921","1":"post","2":"type-post","3":"status-publish","4":"format-standard","5":"has-post-thumbnail","7":"category-luonto","8":"tag-fi","9":"tag-finland","10":"tag-finnish","11":"tag-luonto","12":"tag-nature","13":"tag-science","14":"tag-suomi","15":"tag-tiede","16":"tag-wildlife"},"share_on_mastodon":{"url":"https:\/\/pubeurope.com\/@fi\/115503834285424661","error":""},"_links":{"self":[{"href":"https:\/\/www.europesays.com\/fi\/wp-json\/wp\/v2\/posts\/82921","targetHints":{"allow":["GET"]}}],"collection":[{"href":"https:\/\/www.europesays.com\/fi\/wp-json\/wp\/v2\/posts"}],"about":[{"href":"https:\/\/www.europesays.com\/fi\/wp-json\/wp\/v2\/types\/post"}],"author":[{"embeddable":true,"href":"https:\/\/www.europesays.com\/fi\/wp-json\/wp\/v2\/users\/2"}],"replies":[{"embeddable":true,"href":"https:\/\/www.europesays.com\/fi\/wp-json\/wp\/v2\/comments?post=82921"}],"version-history":[{"count":0,"href":"https:\/\/www.europesays.com\/fi\/wp-json\/wp\/v2\/posts\/82921\/revisions"}],"wp:featuredmedia":[{"embeddable":true,"href":"https:\/\/www.europesays.com\/fi\/wp-json\/wp\/v2\/media\/82922"}],"wp:attachment":[{"href":"https:\/\/www.europesays.com\/fi\/wp-json\/wp\/v2\/media?parent=82921"}],"wp:term":[{"taxonomy":"category","embeddable":true,"href":"https:\/\/www.europesays.com\/fi\/wp-json\/wp\/v2\/categories?post=82921"},{"taxonomy":"post_tag","embeddable":true,"href":"https:\/\/www.europesays.com\/fi\/wp-json\/wp\/v2\/tags?post=82921"}],"curies":[{"name":"wp","href":"https:\/\/api.w.org\/{rel}","templated":true}]}}