{"id":82927,"date":"2025-11-06T17:18:09","date_gmt":"2025-11-06T17:18:09","guid":{"rendered":"https:\/\/www.europesays.com\/fi\/82927\/"},"modified":"2025-11-06T17:18:09","modified_gmt":"2025-11-06T17:18:09","slug":"kaikki-twilight-elokuvat-putkeen-ja-marrasmarkkinat-torilla-katso-tasta-viikonlopun-menovinkit-paikalliset","status":"publish","type":"post","link":"https:\/\/www.europesays.com\/fi\/82927\/","title":{"rendered":"Kaikki Twilight-elokuvat putkeen ja marrasmarkkinat torilla \u2013\u2009Katso t\u00e4st\u00e4 viikonlopun menovinkit | Paikalliset"},"content":{"rendered":"<p>Koostimme t\u00e4h\u00e4n juttuun joitakin poimintoja Pohjois-Karjalan tapahtumatarjonnasta tulevana viikonloppuna. Lis\u00e4\u00e4 menovinkkej\u00e4 voit katsoa Karjalaisen tapahtumakalenterista <a href=\"https:\/\/tapahtumat.karjalainen.fi\/fi-FI?sort=startDate&amp;start=15.8.2025&amp;end=17.8.2025\" rel=\"nofollow noopener\" target=\"_blank\">t\u00e4\u00e4lt\u00e4<\/a>.<\/p>\n<p>\t\t\t\tTapahtumat<\/p>\n<p><strong class=\"diks-storyline__impact\">Marrasmarkkinat<\/strong> Joensuun torilla perjantaina kello 7\u201318 ja lauantaina kello 7\u201316.<\/p>\n<p><strong class=\"diks-storyline__impact\">Runoilija <\/strong><strong>Heli Laaksosen<\/strong> Ilonhiljaa-runoehtoo Ilomantsissa perjantaina kello 18.<\/p>\n<p><strong class=\"diks-storyline__impact\">Joensuussa<\/strong> Botianialla lauantaina Valoa perheille -tapahtuma kello 10 alkaen.<\/p>\n<p><strong class=\"diks-storyline__impact\">Outokummussa<\/strong> vietet\u00e4\u00e4n lauantaina perheiden p\u00e4iv\u00e4\u00e4 useissa tapahtumapaikoissa kello 10\u201317.<\/p>\n<p><strong class=\"diks-storyline__impact\">Joensuussa<\/strong> L\u00e4\u00e4v\u00e4-ravintolassa stan up -ilta lauantaina.<\/p>\n<p><strong class=\"diks-storyline__impact\">Kirjailija<\/strong><strong> Liisa Isotalo<\/strong> Kes\u00e4lahdella sunnuntaina kello 15.<\/p>\n<p>\t\t\t\tMusiikki<\/p>\n<p><strong class=\"diks-storyline__impact\">Nuorten<\/strong> pianoakatemian konsertti Joensuun konservatoriolla perjantaina kello 19.<\/p>\n<p><strong class=\"diks-storyline__impact\">Joensuussa<\/strong> Kerubissa <strong>Samuli Putro<\/strong> ja <strong>Regina Launivuo<\/strong> perjantaina.<\/p>\n<p><strong class=\"diks-storyline__impact\">Las Palmasissa<\/strong> perjantaina Pasi &amp; Anssi ja lauantaina <strong>Anssi Kela<\/strong>.<\/p>\n<p><strong class=\"diks-storyline__impact\">Joensuusa<\/strong> Bepopissa perjantaina <strong>Karim B<\/strong>.<\/p>\n<p>\t\t\t\tTeatteri<\/p>\n<p><strong class=\"diks-storyline__impact\">Joensuun <\/strong>kaupunginteatterissa teatterikorkeakoulun opiskelijoiden Moraalipaniikki torstaina kello 18 ja perjantaina kello 11.<\/p>\n<p><strong class=\"diks-storyline__impact\">Joensuun<\/strong> kaupunginteatterissa Ronja Ry\u00f6v\u00e4rintyt\u00e4r lauantaina kello 13 ja 17. Perjantain n\u00e4yt\u00f6s on peruttu.<\/p>\n<p><strong class=\"diks-storyline__impact\">Tohmaj\u00e4rvell\u00e4<\/strong> Pahat ajat \u2013 voi Ven\u00e4j\u00e4n kev\u00e4t -esitys lauantaina kello 13.<\/p>\n<p><strong class=\"diks-storyline__impact\">Joensuussa<\/strong> N\u00e4ytt\u00e4m\u00f6ll\u00e4 Circo Aereon Etsiv\u00e4t-esitys lauantaina kello 18 ja sunnuntaina kello 15.<\/p>\n<p>\t\t\t\tElokuvat<\/p>\n<p><strong class=\"diks-storyline__impact\">Joensuun <\/strong>Tapiossa perjantaina ensi-illassa Lent\u00e4v\u00e4 kuolema -dokumentti sek\u00e4 Predator: Badlands -rymistely.<\/p>\n<p><strong class=\"diks-storyline__impact\">Kaikki<\/strong> viisi Twilight-elokuvaa esitet\u00e4\u00e4n Tapiossa perjantain ja lauantain aikana.<\/p>\n<p>\t\t\t\tUrheilu<\/p>\n<p><strong class=\"diks-storyline__impact\">Joensuun <\/strong>pikkujouluravit perjantaina Linnunlahden raviradalla kello 18.<\/p>\n<p><strong class=\"diks-storyline__impact\">Lauantaina<\/strong> Joensuun Kataja\u2013Salon Vilpas Korisliigaa Motonet-areenassa kello 17.<\/p>\n<p><strong class=\"diks-storyline__impact\">Outokummussa<\/strong> Karpaasit\u2013Kyyj\u00e4rven KyKy lentopallon miesten Suomen cupin 2. kierroksen ottelu urheilutalossa lauantaina kello 16.<\/p>\n<p><strong class=\"diks-storyline__impact\">Sunnuntaina <\/strong>Joen Juju-Puijo Wolley lentopallon naisten Suomen cupin 2. kierroksen ottelu Joensuun urheilutalossa kello 17.<\/p>\n<p>P\u00e4ivitetty 6.11. kello 19.04.: Ronja Ry\u00f6v\u00e4rintytt\u00e4ren perjantainen n\u00e4yt\u00f6s Joensuun kaupunginteatterissa on peruttu.<\/p>\n","protected":false},"excerpt":{"rendered":"Koostimme t\u00e4h\u00e4n juttuun joitakin poimintoja Pohjois-Karjalan tapahtumatarjonnasta tulevana viikonloppuna. Lis\u00e4\u00e4 menovinkkej\u00e4 voit katsoa Karjalaisen tapahtumakalenterista t\u00e4\u00e4lt\u00e4. Tapahtumat Marrasmarkkinat&hellip;\n","protected":false},"author":2,"featured_media":82928,"comment_status":"","ping_status":"","sticky":false,"template":"","format":"standard","meta":{"footnotes":""},"categories":[131],"tags":[138,155,137,33,173,31,30,1133,2001,172,47,718,32,485,484,109],"class_list":{"0":"post-82927","1":"post","2":"type-post","3":"status-publish","4":"format-standard","5":"has-post-thumbnail","7":"category-elokuvat","8":"tag-audio","9":"tag-elokuvat","10":"tag-entertainment","11":"tag-fi","12":"tag-film","13":"tag-finland","14":"tag-finnish","15":"tag-joensuu","16":"tag-kirjailijat","17":"tag-movies","18":"tag-musiikki","19":"tag-nayttamotaide","20":"tag-suomi","21":"tag-taide-yleista","22":"tag-taiteellinen-ilmaisu-ja-mediat","23":"tag-viihde"},"share_on_mastodon":{"url":"https:\/\/pubeurope.com\/@fi\/115503897246495718","error":""},"_links":{"self":[{"href":"https:\/\/www.europesays.com\/fi\/wp-json\/wp\/v2\/posts\/82927","targetHints":{"allow":["GET"]}}],"collection":[{"href":"https:\/\/www.europesays.com\/fi\/wp-json\/wp\/v2\/posts"}],"about":[{"href":"https:\/\/www.europesays.com\/fi\/wp-json\/wp\/v2\/types\/post"}],"author":[{"embeddable":true,"href":"https:\/\/www.europesays.com\/fi\/wp-json\/wp\/v2\/users\/2"}],"replies":[{"embeddable":true,"href":"https:\/\/www.europesays.com\/fi\/wp-json\/wp\/v2\/comments?post=82927"}],"version-history":[{"count":0,"href":"https:\/\/www.europesays.com\/fi\/wp-json\/wp\/v2\/posts\/82927\/revisions"}],"wp:featuredmedia":[{"embeddable":true,"href":"https:\/\/www.europesays.com\/fi\/wp-json\/wp\/v2\/media\/82928"}],"wp:attachment":[{"href":"https:\/\/www.europesays.com\/fi\/wp-json\/wp\/v2\/media?parent=82927"}],"wp:term":[{"taxonomy":"category","embeddable":true,"href":"https:\/\/www.europesays.com\/fi\/wp-json\/wp\/v2\/categories?post=82927"},{"taxonomy":"post_tag","embeddable":true,"href":"https:\/\/www.europesays.com\/fi\/wp-json\/wp\/v2\/tags?post=82927"}],"curies":[{"name":"wp","href":"https:\/\/api.w.org\/{rel}","templated":true}]}}