{"id":82931,"date":"2025-11-06T17:20:09","date_gmt":"2025-11-06T17:20:09","guid":{"rendered":"https:\/\/www.europesays.com\/fi\/82931\/"},"modified":"2025-11-06T17:20:09","modified_gmt":"2025-11-06T17:20:09","slug":"kups-tarjoaa-tampereelle-ilmaista-nakyvyytta-sadoille-tuhansille-ulkomaalaisille-katso-kateutta-herattava-video-urheilu","status":"publish","type":"post","link":"https:\/\/www.europesays.com\/fi\/82931\/","title":{"rendered":"KuPS tarjoaa Tampereelle ilmaista n\u00e4kyvyytt\u00e4 sadoille tuhansille ulkomaalaisille\u2009\u2013\u2009Katso kateutta her\u00e4tt\u00e4v\u00e4 video | Urheilu"},"content":{"rendered":"<p>Kun Kuopion stadionolosuhteet jalkapallon eurooppalaiselle huipputasolle kynt\u00e4v\u00e4t, poimii Tampere Kuopion Palloseuran europelien my\u00f6t\u00e4 ilmaista hyv\u00e4\u00e4.<\/p>\n<p>KuPSin oma kotistadion, M\u00f6lym\u00e4ell\u00e4 sijaitseva Keskuskentt\u00e4, ei t\u00e4yt\u00e4 Euroopan jalkapalloliiton olosuhdestandardeja eurosarjojen liigavaiheissa, joten KuPS joutuu pelaamaan Konferenssiliigaa Tampereella.<\/p>\n<p>KuPS kohtaa t\u00e4n\u00e4\u00e4n torstaina kello 19.45 Tammelan kotiottelussaan Slovan Bratislavan.<\/p>\n<p>\t\t<a class=\"diks-gallery__link\" href=\"https:\/\/i.media.fi\/incoming\/xpjvgc\/11077289.jpg\/alternates\/FREE_1440\/11077289.jpg\" data-thumbnail=\"\" data-sub-html=\"KuPS-kannattajat olivat joukkueen tukena Tammelassa jo lokakuun ottelussa. Jussi Pohjavirta\" aria-label=\"Katso isompi kuva\" rel=\"nofollow noopener\" target=\"_blank\"><br \/>\n\t\t\t\t<img class=\"diks-figure__image\" src=\"https:\/\/www.europesays.com\/fi\/wp-content\/uploads\/2025\/11\/11077289.jpg\" loading=\"lazy\" decoding=\"sync\" alt=\"\"\/><\/p>\n<p>\t\t\t<\/a><br \/>\n\t\t\t\t\tKuPS-kannattajat olivat joukkueen tukena Tammelassa jo lokakuun ottelussa. Jussi Pohjavirta<\/p>\n<p>Slovakialaisvieras on kokenut eurosarjajoukkue ja t\u00e4ytt\u00e4\u00e4 KuPSiin verrattuna suurseuran statuksen.<\/p>\n<p>Slovan Bratislavan isous n\u00e4kyy muun muassa seuran sosiaalisessa mediassa. Joukkueen Instagram-tilill\u00e4 on 125\u2009000 seuraajaa ja Facebookissa 119\u2009000, kun KuPSilla on instaseuraajia murto-osa eli 21\u2009700.<\/p>\n<p>Slovan Bratislavan mediatiimi on tykitt\u00e4nyt vuorokauden sis\u00e4\u00e4n runsaasti videomateriaalia joukkueen sosiaaliseen mediaan KuPS-vieraspelist\u00e4\u00e4n.<\/p>\n<p>Juuri ennen ottelun alkua Slovan Bratislavan tilille on ilmestynyt video, jonka arvoa ei voi rahalla ostaa: Nimitt\u00e4in n\u00e4ytt\u00e4v\u00e4 videoesittely Tampereesta.<\/p>\n<p>Katso alla olevalta Instagram-videolta, millaista kuvaa vierailijajoukkue maalailee Tampereesta:<\/p>\n<p>Varmasti moni kuopiolainen haluaisi KuPSin eurovastustajien esittelev\u00e4n kannattajilleen vastaavanlaisella videolla Tampereen sijaan joukkueen oikeaa kotikaupunkia eli Kuopiota.<\/p>\n","protected":false},"excerpt":{"rendered":"Kun Kuopion stadionolosuhteet jalkapallon eurooppalaiselle huipputasolle kynt\u00e4v\u00e4t, poimii Tampere Kuopion Palloseuran europelien my\u00f6t\u00e4 ilmaista hyv\u00e4\u00e4. KuPSin oma kotistadion,&hellip;\n","protected":false},"author":2,"featured_media":82932,"comment_status":"","ping_status":"","sticky":false,"template":"","format":"standard","meta":{"footnotes":""},"categories":[158],"tags":[33,31,30,43,42,1132,3221,4141,41,159,32,551,160],"class_list":{"0":"post-82931","1":"post","2":"type-post","3":"status-publish","4":"format-standard","5":"has-post-thumbnail","7":"category-urheilu","8":"tag-fi","9":"tag-finland","10":"tag-finnish","11":"tag-jalkapallo","12":"tag-jalkapalloon-perustuvat-lajit","13":"tag-kuopio","14":"tag-kuopion-palloseura-kups","15":"tag-kups","16":"tag-liikunta-ja-urheilu","17":"tag-sports","18":"tag-suomi","19":"tag-tampere","20":"tag-urheilu"},"share_on_mastodon":{"url":"https:\/\/pubeurope.com\/@fi\/115503905243918249","error":""},"_links":{"self":[{"href":"https:\/\/www.europesays.com\/fi\/wp-json\/wp\/v2\/posts\/82931","targetHints":{"allow":["GET"]}}],"collection":[{"href":"https:\/\/www.europesays.com\/fi\/wp-json\/wp\/v2\/posts"}],"about":[{"href":"https:\/\/www.europesays.com\/fi\/wp-json\/wp\/v2\/types\/post"}],"author":[{"embeddable":true,"href":"https:\/\/www.europesays.com\/fi\/wp-json\/wp\/v2\/users\/2"}],"replies":[{"embeddable":true,"href":"https:\/\/www.europesays.com\/fi\/wp-json\/wp\/v2\/comments?post=82931"}],"version-history":[{"count":0,"href":"https:\/\/www.europesays.com\/fi\/wp-json\/wp\/v2\/posts\/82931\/revisions"}],"wp:featuredmedia":[{"embeddable":true,"href":"https:\/\/www.europesays.com\/fi\/wp-json\/wp\/v2\/media\/82932"}],"wp:attachment":[{"href":"https:\/\/www.europesays.com\/fi\/wp-json\/wp\/v2\/media?parent=82931"}],"wp:term":[{"taxonomy":"category","embeddable":true,"href":"https:\/\/www.europesays.com\/fi\/wp-json\/wp\/v2\/categories?post=82931"},{"taxonomy":"post_tag","embeddable":true,"href":"https:\/\/www.europesays.com\/fi\/wp-json\/wp\/v2\/tags?post=82931"}],"curies":[{"name":"wp","href":"https:\/\/api.w.org\/{rel}","templated":true}]}}