{"id":82954,"date":"2025-11-06T17:46:11","date_gmt":"2025-11-06T17:46:11","guid":{"rendered":"https:\/\/www.europesays.com\/fi\/82954\/"},"modified":"2025-11-06T17:46:11","modified_gmt":"2025-11-06T17:46:11","slug":"ruotsalaiset-hammastelevat-suomalaisvalmentajan-kaytosta-tukholmassa-jani-honkavaaraa-ei-pelota-tappioidenkaan-jalkeen-urheilu","status":"publish","type":"post","link":"https:\/\/www.europesays.com\/fi\/82954\/","title":{"rendered":"Ruotsalaiset h\u00e4mm\u00e4stelev\u00e4t suomalais\u00advalmentajan k\u00e4yt\u00f6st\u00e4 Tukholmassa \u2013 Jani Honkavaaraa ei pelota tappioidenkaan j\u00e4lkeen | Urheilu"},"content":{"rendered":"<p class=\"aw-1gybjub aw-1p7kakr kEtdKx cEmitX yle__article__paragraph\"><strong class=\"aw-ak79eh KyCXm yle__article__strong\">TUKHOLMA.<\/strong> Parissa vuodessa voi tapahtua monta yll\u00e4tt\u00e4v\u00e4\u00e4 k\u00e4\u00e4nnett\u00e4.<\/p>\n<p class=\"aw-1gybjub aw-1p7kakr kEtdKx cEmitX yle__article__paragraph\">Kev\u00e4\u00e4ll\u00e4 2023 <strong class=\"aw-ak79eh KyCXm yle__article__strong\">Jani Honkavaara<\/strong> analysoi Ylen televisiostudiossa HJK:n ja FC Hongan v\u00e4list\u00e4 Veikkausliiga-kauden avausottelua.<\/p>\n<p class=\"aw-1gybjub aw-1p7kakr kEtdKx cEmitX yle__article__paragraph\">Pelin j\u00e4lkeen Yle Urheilun asiantuntija nosti avauskierroksen suurimmaksi yll\u00e4tykseksi FC Interin vierasvoiton Kuopion Palloseurasta.<\/p>\n<p class=\"aw-1gybjub aw-1p7kakr kEtdKx cEmitX yle__article__paragraph\">Sein\u00e4jokelaisl\u00e4ht\u00f6inen Honkavaara oli valmennustauolla. P\u00e4\u00e4ty\u00f6kseen h\u00e4n toimi Palloliitossa huippu- ja nuorisovaiheen valmennusosaamisen asiantuntijana.<\/p>\n<p class=\"aw-1gybjub aw-1p7kakr kEtdKx cEmitX yle__article__paragraph\">\u2013 Kyll\u00e4 se aito ajatus oli, ett\u00e4 odottelisi v\u00e4h\u00e4n aikaa ja kehitt\u00e4isi itse\u00e4\u00e4n. Ehk\u00e4 v\u00e4h\u00e4n reissaisi jalkapallon per\u00e4ss\u00e4 ja katsoisi, mink\u00e4laista valmennusty\u00f6t\u00e4 maailmalla tehd\u00e4\u00e4n, Honkavaara sanoo kaksi ja puoli vuotta my\u00f6hemmin Tukholman \u00d6stermalmilla.<\/p>\n<p class=\"aw-1gybjub aw-1p7kakr kEtdKx cEmitX yle__article__paragraph\">Honkavaara oli n\u00e4hnyt Suomessa l\u00e4hes kaiken. Nostanut HIFK:n Kakkosesta Ykk\u00f6seen ja Ykk\u00f6sest\u00e4 Veikkausliigaan. Valmentanut KuPSin hopealle, pronssille ja lopulta SM-kultaan 2019. SJK-pesti p\u00e4\u00e4ttyi pronssimitaleihin, mutta sis\u00e4lsi erimielisyyksi\u00e4 seurajohdon kanssa.<\/p>\n<p><img decoding=\"async\" alt=\"Jani Honkavaara mietteli\u00e4\u00e4n\u00e4 HIFK-verkkareissa. \" src=\"https:\/\/www.europesays.com\/fi\/wp-content\/uploads\/2025\/11\/14-svyle-27894956f15be59c5df.jpeg\" loading=\"lazy\" class=\"aw-1l9m598 hKVVvP\"\/><\/p>\n<p>Avaa kuvien katselu<\/p>\n<p>Jani Honkavaara ty\u00f6skenteli HIFK-pestins\u00e4 aikaan my\u00f6s opettajana. Kuva: Yle\/Tomi H\u00e4nninen<\/p>\n<p class=\"aw-1gybjub aw-1p7kakr kEtdKx cEmitX yle__article__paragraph\">P\u00e4\u00e4valmentajana Honkavaara kaipasi uusia haasteita.<\/p>\n<p class=\"aw-1gybjub aw-1p7kakr kEtdKx cEmitX yle__article__paragraph\">\u2013 Oli helpompi olla vapaa valmentaja vailla sopimusvelvoitteita. Siirty\u00e4 sitten, jos hetki tulee.<\/p>\n<p class=\"aw-1gybjub aw-1p7kakr kEtdKx cEmitX yle__article__paragraph\">Hetki tuli yll\u00e4tt\u00e4v\u00e4n nopeasti ja yll\u00e4tt\u00e4v\u00e4st\u00e4 osoitteesta.<\/p>\n<p class=\"aw-1gybjub aw-1p7kakr kEtdKx cEmitX yle__article__paragraph\">FC Interille avausottelunsa h\u00e4vinnyt KuPS j\u00e4i seuraavassa peliss\u00e4\u00e4n maalittomaan tasapeliin KTP:n kanssa ja h\u00e4visi sen j\u00e4lkeen FC Hongalle. Siihen loppui seurajohdon k\u00e4rsiv\u00e4llisyys p\u00e4\u00e4valmentaja <strong class=\"aw-ak79eh KyCXm yle__article__strong\">Pasi Tuuttiin<\/strong>.<\/p>\n<p><img decoding=\"async\" alt=\"Jani Honkavaara mestaruuspatsaan kanssa.\" src=\"https:\/\/www.europesays.com\/fi\/wp-content\/uploads\/2025\/11\/39-6034535db0349051e61.jpeg\" loading=\"lazy\" class=\"aw-1l9m598 hKVVvP\"\/><\/p>\n<p>Avaa kuvien katselu<\/p>\n<p>Jani Honkavaara juhli Kuopiossa Suomen mestaruutta ensimm\u00e4isen kerran vuonna 2019. Kuva: Juha Tamminen\/All Over Press<\/p>\n<p class=\"aw-1gybjub aw-1p7kakr kEtdKx cEmitX yle__article__paragraph\">Mestarivalmentaja Honkavaara saatiin houkuteltua viel\u00e4 takaisin Savoon.<\/p>\n<p class=\"aw-1gybjub aw-1p7kakr kEtdKx cEmitX yle__article__paragraph\">\u2013 Kun palasin valmentajaty\u00f6h\u00f6n, se tuntui tosi hyv\u00e4lt\u00e4. Palasin siihen, miss\u00e4 koin olevani hyv\u00e4. Asiaan, jossa minulla on annettavaa, ja viel\u00e4 oppimistakin.<\/p>\n<p class=\"aw-1gybjub aw-1p7kakr kEtdKx cEmitX yle__article__paragraph\">Tulokset olivat niin hyvi\u00e4, ett\u00e4 pari vuotta my\u00f6hemmin Honkavaara l\u00f6ysi itsens\u00e4 valmentamasta ruotsalaista suurseuraa Djurg\u00e5rdenia Konferenssiliigan v\u00e4lieriss\u00e4 englantilaisj\u00e4tti Chelseaa vastaan.<\/p>\n<p>En finne igen<\/p>\n<p class=\"aw-1gybjub aw-1p7kakr kEtdKx cEmitX yle__article__paragraph\">Suomalaisvalmentajia on viime vuosina n\u00e4hty kiihtyv\u00e4\u00e4n tahtiin kansainv\u00e4lisiss\u00e4 pesteiss\u00e4.<\/p>\n<p class=\"aw-1gybjub aw-1p7kakr kEtdKx cEmitX yle__article__paragraph\"><strong class=\"aw-ak79eh KyCXm yle__article__strong\">Simo Valakari<\/strong> valmentaa St. Johnstonea Skotlannissa, <strong class=\"aw-ak79eh KyCXm yle__article__strong\">Toni Korkeakunnas<\/strong> FK Haugesundia Norjassa ja <strong class=\"aw-ak79eh KyCXm yle__article__strong\">Toni Koskela<\/strong> nosti Kalmarin Ruotsin p\u00e4\u00e4sarjaan Allsvenskaniin ensi kaudeksi.<\/p>\n<p class=\"aw-1gybjub aw-1p7kakr kEtdKx cEmitX yle__article__paragraph\">Kirkkaimmissa valoissa on Jani Honkavaara. Tukholmalaisen suurseuran luotsaaminen on suomalaiselle jalkapallovalmentajalle todella harvinaista herkkua.<\/p>\n<p class=\"aw-1gybjub aw-1p7kakr kEtdKx cEmitX yle__article__paragraph\">Suomalaispelaajia Djurg\u00e5rdens FF:ss\u00e4 on totuttu n\u00e4kem\u00e4\u00e4n. Takavuosien suomalaisrynt\u00e4yst\u00e4 johti <strong class=\"aw-ak79eh KyCXm yle__article__strong\">Daniel Sj\u00f6lund<\/strong>, 2020-luvulla trendin aloitti uudestaan <strong class=\"aw-ak79eh KyCXm yle__article__strong\">Rasmus Sch\u00fcller<\/strong>.<\/p>\n<p><img decoding=\"async\" alt=\"Daniel Sj\u00f6lund pelasi Djurg\u00e5rdenissa vuodet 2003-2021.\" src=\"https:\/\/www.europesays.com\/fi\/wp-content\/uploads\/2025\/11\/39-5153455bbc421ea852b.jpeg\" loading=\"lazy\" class=\"aw-1l9m598 hKVVvP\"\/><\/p>\n<p>Avaa kuvien katselu<\/p>\n<p>Daniel Sj\u00f6lund pelasi Djurg\u00e5rdenissa vuodet 2003\u20132012. Kuva: IBL Sweden<\/p>\n<p class=\"aw-1gybjub aw-1p7kakr kEtdKx cEmitX yle__article__paragraph\">T\u00e4ll\u00e4 kaudella Djurg\u00e5rdenia on edustanut parhaimmillaan viisi suomalaista.<\/p>\n<p class=\"aw-1gybjub aw-1p7kakr kEtdKx cEmitX yle__article__paragraph\">\u2013 Se on ehk\u00e4 v\u00e4h\u00e4n sattumaa, mutta Suomi on hyv\u00e4 markkina, sanoo Djurg\u00e5rdenin urheilujohtaja <strong class=\"aw-ak79eh KyCXm yle__article__strong\">Bosse Andersson<\/strong>.<\/p>\n<p class=\"aw-1gybjub aw-1p7kakr kEtdKx cEmitX yle__article__paragraph\">\u2013 Haluamme rekrytoida pelaajia Pohjoismaista. Monet suomalaispelaajat n\u00e4kev\u00e4t Ruotsin askeleena eteenp\u00e4in: enemm\u00e4n yleis\u00f6\u00e4, isompi kiinnostus ja ehk\u00e4 ponnahduslauta Eurooppaan.<\/p>\n<p class=\"aw-1gybjub aw-1p7kakr kEtdKx cEmitX yle__article__paragraph\">Kuopion Palloseuran superlupaus <strong class=\"aw-ak79eh KyCXm yle__article__strong\">Matias Siltasen<\/strong> rekrytointireissuilla Andersson kiinnitti huomionsa KuPS-valmentaja Honkavaaran menestyst\u00e4 tuoneeseen ja selke\u00e4\u00e4n pelitapaan.<\/p>\n<p class=\"aw-1gybjub aw-1p7kakr kEtdKx cEmitX yle__article__paragraph\">\u2013 Siell\u00e4 oli my\u00f6s suomalainen valmentaja, joka oli kiinnostava. Niin tuli my\u00f6s suomalainen valmentaja, Andersson runoilee.<\/p>\n<p><img decoding=\"async\" alt=\"Djurg\u00e5rdenin keskikentt\u00e4pelaaja Matias Siltanen.\" src=\"https:\/\/www.europesays.com\/fi\/wp-content\/uploads\/2025\/11\/39-15448296900d1c71e027.jpeg\" class=\"aw-1l9m598 hKVVvP\"\/>Kannattajien keskell\u00e4<\/p>\n<p class=\"aw-1gybjub aw-1p7kakr kEtdKx cEmitX yle__article__paragraph\">Suomalainen valmentaja on kotiutunut mainiosti Djurg\u00e5rdenin ydinkannatusalueelle \u00d6stermalmille.<\/p>\n<p class=\"aw-1gybjub aw-1p7kakr kEtdKx cEmitX yle__article__paragraph\">Villakangastakkiin ja t\u00e4ydellisesti istuvaan poolopaitaan tyylikk\u00e4\u00e4sti pukeutunut Honkavaara kulkee tottuneesti sis\u00e4\u00e4n \u00d6stermalmin kauppahalliin, eik\u00e4 h\u00e4tk\u00e4hd\u00e4 30 euron hintaista skagenia eli katkaravuilla ja majoneesilla ryyditettyj\u00e4 paahtoleip\u00e4viipaleita.<\/p>\n<p><img decoding=\"async\" alt=\"Jani Honkavaara puristaa tottuneesti sitruunaa skageninsa p\u00e4\u00e4lle.\" src=\"https:\/\/www.europesays.com\/fi\/wp-content\/uploads\/2025\/11\/39-1549087690b3188bc496.jpeg\" loading=\"lazy\" class=\"aw-1l9m598 hKVVvP\"\/><\/p>\n<p>Avaa kuvien katselu<\/p>\n<p>Jani Honkavaara puristaa \u00f6stermalmilaisen rutiinilla sitruunaa skageninsa p\u00e4\u00e4lle. Kuva: Ghadi Boustani<\/p>\n<p class=\"aw-1gybjub aw-1p7kakr kEtdKx cEmitX yle__article__paragraph\">\u2013 Tukholma on \u00e4\u00e4rett\u00f6m\u00e4n kaunis kaupunki, mutta yrit\u00e4n p\u00e4\u00e4st\u00e4 my\u00f6s luonnon helmaan. Olen kuitenkin maaseudun poikia, Honkavaara naurahtaa.<\/p>\n<p class=\"aw-1gybjub aw-1p7kakr kEtdKx cEmitX yle__article__paragraph\">Sein\u00e4jokisen onneksi Djurg\u00e5rdenin harjoituskeskus on luonnon keskell\u00e4 Kakn\u00e4siss\u00e4, jonne Honkavaara kulkee py\u00f6r\u00e4ll\u00e4.<\/p>\n<p class=\"aw-1gybjub aw-1p7kakr kEtdKx cEmitX yle__article__paragraph\">Kotiottelut pelataan suomalaisille hyvinkin tutun Globenin eli nykyisen Avicii Arenan naapurissa Johanneshovissa. Sinne p\u00e4\u00e4valmentaja kulkee metrolla, kannattajien seassa.<\/p>\n<p>Kannattajat tulevat yleens\u00e4 juttelemaan p\u00e4\u00e4valmentajalle metrossa, mutta ruotsalaiset v\u00e4istiv\u00e4t kohteliaasti Yleisradion kameroita.<\/p>\n<p class=\"aw-1gybjub aw-1p7kakr kEtdKx cEmitX yle__article__paragraph\">Tapa on h\u00e4mment\u00e4nyt seuran syd\u00e4nmailla, korkean elintason \u00d6stermalmilla.<\/p>\n<p class=\"aw-1gybjub aw-1p7kakr kEtdKx cEmitX yle__article__paragraph\">\u2013 Sit\u00e4 on v\u00e4h\u00e4n ihmetelty. Er\u00e4skin toimittaja oli kerran ihan ymm\u00e4ll\u00e4\u00e4n, ett\u00e4 liikutko sin\u00e4 todellakin metrolla! Honkavaara nauraa.<\/p>\n<p class=\"aw-1gybjub aw-1p7kakr kEtdKx cEmitX yle__article__paragraph\">Voittopelin j\u00e4lkeen suomalainen on n\u00e4hty jopa Djurg\u00e5rdenin kannattajakuppilassa Slaktbarenissa moikkaamassa faneja.<\/p>\n<p class=\"aw-1gybjub aw-1p7kakr kEtdKx cEmitX yle__article__paragraph\">\u2013 Mutta vaikka olisi h\u00e4vittykin peli, ei ole koskaan tullut sellaista oloa, ett\u00e4 nyt ei uskaltaisi liikkua. Ehk\u00e4 derbyn aikaan ollaan v\u00e4h\u00e4n varovaisempia.<\/p>\n<p>Kannattajat innostuivat suosikkijoukkueensa valmentajan ilmestymisest\u00e4 kantapaikkaansa.Kaksijakoinen kausi<\/p>\n<p class=\"aw-1gybjub aw-1p7kakr kEtdKx cEmitX yle__article__paragraph\">Alkukaudella tappioita tuli liikaa. Djurg\u00e5rden oli huhti-toukokuussa hurjassa ottelusumassa.<\/p>\n<p class=\"aw-1gybjub aw-1p7kakr kEtdKx cEmitX yle__article__paragraph\">Honkavaara johdatti tukholmalaiset Konferenssiliigassa sensaatiomaisesti v\u00e4lieriin asti. Djurg\u00e5rden oli ensimm\u00e4inen ruotsalaisjoukkue eurokilpailun nelj\u00e4n parhaan joukossa 38 vuoteen.<\/p>\n<p class=\"aw-1gybjub aw-1p7kakr kEtdKx cEmitX yle__article__paragraph\">Samaan aikaan alkoi Ruotsin p\u00e4\u00e4sarja Allsvenskan. Se tarkoitti joukkueelle per\u00e4ti kymment\u00e4 ottelua viiden viikon sis\u00e4\u00e4n. Otteluruuhkassa tuli sek\u00e4 pistemenetyksi\u00e4 ett\u00e4 loukkaantumisia. Potkuhuhuja py\u00f6ri jopa Suomen <a class=\"aw-iao6s4 iHOxEa yle__article__link\" href=\"https:\/\/www.mtvuutiset.fi\/artikkeli\/mtv-urheilun-tiedot-jani-honkavaaran-tilanne-tukaloitunut\/9166498\" role=\"link\" rel=\"nofollow noopener\" target=\"_blank\">mediassa<\/a>.<\/p>\n<p><img decoding=\"async\" alt=\"Jalkapallovalmentaja Jani Honkavaara puhuu mikrofoniin lehdist\u00f6tilaisuudessa.\" src=\"https:\/\/www.europesays.com\/fi\/wp-content\/uploads\/2025\/11\/39-145007667fbdbd6e0ad4.jpeg\" loading=\"lazy\" class=\"aw-1l9m598 hKVVvP\"\/><\/p>\n<p>Avaa kuvien katselu<\/p>\n<p>Honkavaara oli kovassa paikassa heti kansainv\u00e4lisen valmennusuransa alkumetreill\u00e4. Kuva: UEFA via Getty Images<\/p>\n<p class=\"aw-1gybjub aw-1p7kakr kEtdKx cEmitX yle__article__paragraph\">Honkavaara sanoo, ett\u00e4 Veikkausliiga ja valmennuspesti <strong class=\"aw-ak79eh KyCXm yle__article__strong\">Markku Kanervan<\/strong> ryhm\u00e4ss\u00e4 Huuhkajissa ovat marinoineet h\u00e4net kest\u00e4m\u00e4\u00e4n paineita, vaikka Tukholmassa kaikki on viel\u00e4 suurempaa.<\/p>\n<p class=\"aw-1gybjub aw-1p7kakr kEtdKx cEmitX yle__article__paragraph\">\u2013 Buuaukset ja vihellykset ovat t\u00e4\u00e4ll\u00e4 v\u00e4h\u00e4n isompia h\u00e4vityn pelin j\u00e4lkeen. Mutta kyll\u00e4 harmitus on enemm\u00e4n suhteessa omaan esitykseen tai omaan suorittamiseen valmentajana, Honkavaara sanoo.<\/p>\n<p>Koko seuran toimintaa kehitt\u00e4m\u00e4ss\u00e4<\/p>\n<p class=\"aw-1gybjub aw-1p7kakr kEtdKx cEmitX yle__article__paragraph\">Potkuja ei tullut, ja kes\u00e4ll\u00e4 pelikin asettui uomiinsa. Djurg\u00e5rden on h\u00e4vinnyt hein\u00e4kuun puoliv\u00e4lin j\u00e4lkeen vain yhden ottelun. Se antaa ty\u00f6rauhaa kolmen vuoden projektille, josta ensimm\u00e4inen alkaa olla takanap\u00e4in.<\/p>\n<p class=\"aw-1gybjub aw-1p7kakr kEtdKx cEmitX yle__article__paragraph\">Ruotsissa on ihmetelty Honkavaaran liikkumistottumuksien lis\u00e4ksi suomalaisen p\u00e4\u00e4t\u00f6s vaihtaa pelaavaa maalivahtia ja sit\u00e4, ett\u00e4 pelaajat saivat \u00e4\u00e4nest\u00e4\u00e4 kapteenista. Kokonaiskuvassa urheilujohto luottaa kuitenkin suomalaisen osaamiseen.<\/p>\n<p class=\"aw-1gybjub aw-1p7kakr kEtdKx cEmitX yle__article__paragraph\">\u2013 Minut haluttiin t\u00e4nne valmentajaksi my\u00f6s sen takia, ett\u00e4 tuon jotain uutta seuraan. Pystymme kehitt\u00e4m\u00e4\u00e4n valmennusta ja ehk\u00e4 jopa seuran rakennetta, Honkavaara sanoo.<\/p>\n<p><img decoding=\"async\" alt=\"Kahden joukkueen intensiivinen ottelutunnelma kent\u00e4ll\u00e4, valmentajat ja pelaajat keskittynein\u00e4 pelin kulkuun.\" src=\"https:\/\/www.europesays.com\/fi\/wp-content\/uploads\/2025\/11\/39-1549275690b52b9f1e9e.jpeg\" loading=\"lazy\" class=\"aw-1l9m598 hKVVvP\"\/><\/p>\n<p>Avaa kuvien katselu<\/p>\n<p>Djurg\u00e5rdenin peli on kehittynyt kauden aikana. Tarkoitus on kehitt\u00e4\u00e4 koko seuran toimintaa. Kuva: SPA<\/p>\n<p class=\"aw-1gybjub aw-1p7kakr kEtdKx cEmitX yle__article__paragraph\">Tarkoituksena on parantaa seuran pelaajatarkkailua ja tuoda eri osastoja paremmin yhteen.<\/p>\n<p class=\"aw-1gybjub aw-1p7kakr kEtdKx cEmitX yle__article__paragraph\">\u2013 Jos me tehd\u00e4\u00e4n se, niin me saadaan my\u00f6s menestyst\u00e4.<\/p>\n<p class=\"aw-1gybjub aw-1p7kakr kEtdKx cEmitX yle__article__paragraph\">Hyv\u00e4 syyskausi ei ihan riitt\u00e4nyt nostamaan Djurg\u00e5rdenia mitaleille. Sunnuntaina pelattavalla p\u00e4\u00e4t\u00f6skierroksella tukholmalaiset voivat nousta korkeintaan nelj\u00e4nneksi.<\/p>\n<p>Yksin\u00e4isen miehen homma<\/p>\n<p class=\"aw-1gybjub aw-1p7kakr kEtdKx cEmitX yle__article__paragraph\">Suomessa valmentaessaan Honkavaara teki uravalintansa vahvasti perheen ehdoilla. T\u00e4rkeint\u00e4 oli, ett\u00e4 valmennuspestit eiv\u00e4t vieneet sein\u00e4jokista liian kauaksi perheest\u00e4\u00e4n.<\/p>\n<p class=\"aw-1gybjub aw-1p7kakr kEtdKx cEmitX yle__article__paragraph\">Nyt lapset ovat kasvaneet, ja aika oli kyps\u00e4 ulkomaanpestille. Perhe on silti Honkavaaralle edelleen eritt\u00e4in t\u00e4rke\u00e4.<\/p>\n<p class=\"aw-1gybjub aw-1p7kakr kEtdKx cEmitX yle__article__paragraph\">\u2013 Vaimoa ja lapsia on ollut ik\u00e4v\u00e4. Vaimo on minun paras kaverini. Harmittaa, ett\u00e4 h\u00e4n ei ole t\u00e4ll\u00e4 reissulla mukana, Honkavaara toteaa.<\/p>\n<p class=\"aw-1gybjub aw-1p7kakr kEtdKx cEmitX yle__article__paragraph\">\u2013 Mutta onhan t\u00e4m\u00e4 valmentajan ty\u00f6 kokonaisuudessaan v\u00e4h\u00e4n yksin\u00e4isen miehen hommaa.<\/p>\n<p><img decoding=\"async\" alt=\"Djurg\u00e5rdenin p\u00e4\u00e4valmentaja Jani Honkavaara.\" src=\"https:\/\/www.europesays.com\/fi\/wp-content\/uploads\/2025\/11\/39-15448266900d1c5c9ade.jpeg\" loading=\"lazy\" class=\"aw-1l9m598 hKVVvP\"\/><\/p>\n<p>Avaa kuvien katselu<\/p>\n<p>Jani Honkavaara t\u00e4ht\u00e4\u00e4 viel\u00e4 Ruotsia kovempiin sarjoihin. Kuva: Ghadi Boustani<\/p>\n<p class=\"aw-1gybjub aw-1p7kakr kEtdKx cEmitX yle__article__paragraph\">Honkavaara sanoo, ett\u00e4 viel\u00e4 joskus voi koittaa paluun aika Suomeen valmentamaan. Nyt p\u00e4\u00e4valmentaja el\u00e4\u00e4 unelmaansa Ruotsissa.<\/p>\n<p class=\"aw-1gybjub aw-1p7kakr kEtdKx cEmitX yle__article__paragraph\">Eiv\u00e4tk\u00e4 unelmat siihen lopu.<\/p>\n<p class=\"aw-1gybjub aw-1p7kakr kEtdKx cEmitX yle__article__paragraph\">\u2013 N\u00e4it\u00e4 steppej\u00e4 on vaikea m\u00e4\u00e4ritt\u00e4\u00e4 etuk\u00e4teen. Mutta ehk\u00e4 t\u00e4st\u00e4 Ruotsista viel\u00e4 yksi steppi eteenp\u00e4in, miss\u00e4 tahansa se sitten onkaan.<\/p>\n","protected":false},"excerpt":{"rendered":"TUKHOLMA. Parissa vuodessa voi tapahtua monta yll\u00e4tt\u00e4v\u00e4\u00e4 k\u00e4\u00e4nnett\u00e4. Kev\u00e4\u00e4ll\u00e4 2023 Jani Honkavaara analysoi Ylen televisiostudiossa HJK:n ja FC&hellip;\n","protected":false},"author":2,"featured_media":82955,"comment_status":"","ping_status":"","sticky":false,"template":"","format":"standard","meta":{"footnotes":""},"categories":[158],"tags":[1624,33,31,30,43,2654,17170,110,8875,159,32,160,6112],"class_list":{"0":"post-82954","1":"post","2":"type-post","3":"status-publish","4":"format-standard","5":"has-post-thumbnail","7":"category-urheilu","8":"tag-allsvenskan","9":"tag-fi","10":"tag-finland","11":"tag-finnish","12":"tag-jalkapallo","13":"tag-jalkapallovalmentaja","14":"tag-jani-honkavaara","15":"tag-ruotsi","16":"tag-ruotsin-jalkapallo","17":"tag-sports","18":"tag-suomi","19":"tag-urheilu","20":"tag-urheiluvalmennus"},"share_on_mastodon":{"url":"https:\/\/pubeurope.com\/@fi\/115504007766223333","error":""},"_links":{"self":[{"href":"https:\/\/www.europesays.com\/fi\/wp-json\/wp\/v2\/posts\/82954","targetHints":{"allow":["GET"]}}],"collection":[{"href":"https:\/\/www.europesays.com\/fi\/wp-json\/wp\/v2\/posts"}],"about":[{"href":"https:\/\/www.europesays.com\/fi\/wp-json\/wp\/v2\/types\/post"}],"author":[{"embeddable":true,"href":"https:\/\/www.europesays.com\/fi\/wp-json\/wp\/v2\/users\/2"}],"replies":[{"embeddable":true,"href":"https:\/\/www.europesays.com\/fi\/wp-json\/wp\/v2\/comments?post=82954"}],"version-history":[{"count":0,"href":"https:\/\/www.europesays.com\/fi\/wp-json\/wp\/v2\/posts\/82954\/revisions"}],"wp:featuredmedia":[{"embeddable":true,"href":"https:\/\/www.europesays.com\/fi\/wp-json\/wp\/v2\/media\/82955"}],"wp:attachment":[{"href":"https:\/\/www.europesays.com\/fi\/wp-json\/wp\/v2\/media?parent=82954"}],"wp:term":[{"taxonomy":"category","embeddable":true,"href":"https:\/\/www.europesays.com\/fi\/wp-json\/wp\/v2\/categories?post=82954"},{"taxonomy":"post_tag","embeddable":true,"href":"https:\/\/www.europesays.com\/fi\/wp-json\/wp\/v2\/tags?post=82954"}],"curies":[{"name":"wp","href":"https:\/\/api.w.org\/{rel}","templated":true}]}}