{"id":82975,"date":"2025-11-06T18:13:07","date_gmt":"2025-11-06T18:13:07","guid":{"rendered":"https:\/\/www.europesays.com\/fi\/82975\/"},"modified":"2025-11-06T18:13:07","modified_gmt":"2025-11-06T18:13:07","slug":"herttuatar-meghan-palaa-nayttelemaan-hs-fi","status":"publish","type":"post","link":"https:\/\/www.europesays.com\/fi\/82975\/","title":{"rendered":"Herttuatar Meghan palaa n\u00e4yttelem\u00e4\u00e4n | HS.fi"},"content":{"rendered":"<p>Televisio|Meghan muistetaan parhaiten roolistaan Pukumiehet-sarjassa. H\u00e4n ilmoitti j\u00e4tt\u00e4v\u00e4ns\u00e4 n\u00e4yttelij\u00e4nty\u00f6t vuonna 2017.<\/p>\n<p>Lue tiivistelm\u00e4<\/p>\n<p>Tiivistelm\u00e4 on teko\u00e4lyn tekem\u00e4 ja ihmisen tarkistama.<\/p>\n<p class=\"article-body mb-nof-24 px-nof-16 sndp-summary-bullet-point-font\">Herttuatar Meghan palaa n\u00e4yttelem\u00e4\u00e4n kahdeksan vuoden tauon j\u00e4lkeen Amazon MGM Studios -tuotantoyhti\u00f6n elokuvassa.<\/p>\n<p class=\"article-body mb-nof-24 px-nof-16 sndp-summary-bullet-point-font\">Meghan n\u00e4yttelee itse\u00e4\u00e4n Close Personal Friends -elokuvassa, jota kuvataan parhaillaan Los Angelesissa.<\/p>\n<p class=\"article-body mb-nof-24 px-nof-16 sndp-summary-bullet-point-font\">Meghan j\u00e4tti n\u00e4yttelij\u00e4nty\u00f6n vuonna 2017 kihlauduttuaan prinssi Harryn kanssa ja muistetaan parhaiten roolistaan Pukumiehet-sarjassa.<\/p>\n<p class=\"article-body mb-nof-24 px-nof-16\">Sussexin herttuatar <a class=\"article-personlink\" href=\"https:\/\/www.hs.fi\/haku\/?query=Meghan\" rel=\"nofollow noopener\" target=\"_blank\">Meghan<\/a> palaa n\u00e4yttelem\u00e4\u00e4n kahdeksan vuoden tauon j\u00e4lkeen, kertovat muun muassa yhdysvaltalaiset viihdemediat <a class=\"article-genericlink\" href=\"https:\/\/variety.com\/2025\/film\/news\/meghan-markle-returns-acting-cameo-amazon-movie-1236570943\/\" rel=\"nofollow noopener\" target=\"_blank\">Variety<\/a> ja <a class=\"article-genericlink\" href=\"https:\/\/deadline.com\/2025\/11\/meghan-markle-acting-return-1236608606\/\" rel=\"nofollow noopener\" target=\"_blank\">Deadline<\/a>.<\/p>\n<p class=\"article-body mb-nof-24 px-nof-16\">Meghan, omaa sukuaan Markle, tunnettiin n\u00e4yttelij\u00e4n\u00e4 erityisesti Pukumiehet-sarjasta ennen kuin h\u00e4n kihlautui prinssi <a class=\"article-personlink\" href=\"https:\/\/www.hs.fi\/haku\/?query=Harryn\" rel=\"nofollow noopener\" target=\"_blank\">Harryn<\/a> kanssa marraskuussa 2017. Meghan ilmoitti samalla j\u00e4tt\u00e4v\u00e4ns\u00e4 n\u00e4yttelij\u00e4nty\u00f6t. Meghanin hahmo Rachel Zane poistui sarjasta sen seitsem\u00e4nnen tuotantokauden p\u00e4\u00e4tteeksi.<\/p>\n<p class=\"article-body mb-nof-24 px-nof-16\">Meghan ja Harry avioituivat toukokuussa 2018. Pariskunta j\u00e4tti brittihovin vuonna 2020, ja sittemmin Meghan on esiintynyt Netflixiss\u00e4 el\u00e4m\u00e4st\u00e4\u00e4n kertovissa ohjelmissa Harry &amp; Meghan ja With Love, Meghan.<\/p>\n<p class=\"article-body mb-nof-24 px-nof-16\">With Love, Meghan -ohjelman toinen tuotantokausi <a class=\"article-genericlink\" href=\"https:\/\/deadline.com\/2025\/09\/with-love-meghan-markle-netflix-ratings-1236504048\/\" rel=\"nofollow noopener\" target=\"_blank\">on j\u00e4\u00e4nyt<\/a> Netflixiss\u00e4 katsojalukujen osalta vaisuksi. Jo ensimm\u00e4ist\u00e4 tuotantokautta <a class=\"article-genericlink\" href=\"https:\/\/www.hs.fi\/kulttuuri\/art-2000011105582.html\" rel=\"nofollow noopener\" target=\"_blank\">kritisoitiin kovasanaisesti<\/a>.<\/p>\n<p class=\"article-body mb-nof-24 px-nof-16\">Elokuussa <a class=\"article-genericlink\" href=\"https:\/\/www.hs.fi\/kulttuuri\/art-2000011421496.html\" rel=\"nofollow noopener\" target=\"_blank\">uutisoitiin<\/a> kuitenkin, ett\u00e4 Harry ja Meghan ovat allekirjoittaneet uuden monivuotisen elokuva- ja televisiosopimuksen Netflixin kanssa.<\/p>\n<p class=\"article-body mb-nof-24 px-nof-16\">Yhdysvaltalaismedioiden mukaan Meghan n\u00e4yttelee itse\u00e4\u00e4n Amazon MGM Studios -tuotantoyhti\u00f6n elokuvassa Close Personal Friends, jota kuvataan parhaillaan Los Angelesissa.<\/p>\n<p class=\"article-body mb-nof-24 px-nof-16\"><a class=\"article-personlink\" href=\"https:\/\/www.hs.fi\/haku\/?query=Jason%20Orleyn\" rel=\"nofollow noopener\" target=\"_blank\">Jason Orleyn<\/a> ohjaamassa elokuvassa n\u00e4hd\u00e4\u00e4n p\u00e4\u00e4osissa <a class=\"article-personlink\" href=\"https:\/\/www.hs.fi\/haku\/?query=Brie%20Larson\" rel=\"nofollow noopener\" target=\"_blank\">Brie Larson<\/a>, <a class=\"article-personlink\" href=\"https:\/\/www.hs.fi\/haku\/?query=Lily%20Collins\" rel=\"nofollow noopener\" target=\"_blank\">Lily Collins<\/a>, <a class=\"article-personlink\" href=\"https:\/\/www.hs.fi\/haku\/?query=Jack%20Quaid\" rel=\"nofollow noopener\" target=\"_blank\">Jack Quaid<\/a> ja <a class=\"article-personlink\" href=\"https:\/\/www.hs.fi\/haku\/?query=Henry%20Golding\" rel=\"nofollow noopener\" target=\"_blank\">Henry Golding<\/a>.<\/p>\n<p class=\"article-body mb-nof-24 px-nof-16\">Varietyn mukaan elokuva kertoo \u201dtavallisesta\u201d pariskunnasta, joka tapaa matkalla Santa Barbaran kaupunkiin julkkispariskunnan ja yst\u00e4vystyy n\u00e4iden kanssa. My\u00f6hemmin tilanne pariskuntien v\u00e4lill\u00e4 kehittyy kiusalliseksi.<\/p>\n<p class=\"article-body mb-nof-24 px-nof-16\">Pukumiehet-sarjan lis\u00e4ksi Meghan on n\u00e4ytellyt urallaan muun muassa elokuvissa Remember Me ja Kaameat pomot.<\/p>\n<p class=\"article-body mb-nof-24 px-nof-16\">Harry ja Meghan ovat olleet mediatietojen mukaan <a class=\"article-genericlink\" href=\"https:\/\/www.hs.fi\/maailma\/art-2000010424606.html\" rel=\"nofollow noopener\" target=\"_blank\">kylmiss\u00e4 v\u00e4leiss\u00e4<\/a> brittihovin kanssa sen j\u00e4lkeen, kun he j\u00e4ttiv\u00e4t hovin. Harry on my\u00f6s avoimesti kritisoinut el\u00e4m\u00e4\u00e4 Britannian hovissa.<\/p>\n<p class=\"article-body mb-nof-24 px-nof-16\">Amazon kielt\u00e4ytyi kommentoimasta yhdysvaltalaismedioille n\u00e4iden uutista. Meghan itse ei niin ik\u00e4\u00e4n ole kommentoinut tulevaa rooliaan.<\/p>\n","protected":false},"excerpt":{"rendered":"Televisio|Meghan muistetaan parhaiten roolistaan Pukumiehet-sarjassa. H\u00e4n ilmoitti j\u00e4tt\u00e4v\u00e4ns\u00e4 n\u00e4yttelij\u00e4nty\u00f6t vuonna 2017. Lue tiivistelm\u00e4 Tiivistelm\u00e4 on teko\u00e4lyn tekem\u00e4 ja&hellip;\n","protected":false},"author":2,"featured_media":82976,"comment_status":"","ping_status":"","sticky":false,"template":"","format":"standard","meta":{"footnotes":""},"categories":[130],"tags":[137,33,31,30,46,32,109],"class_list":{"0":"post-82975","1":"post","2":"type-post","3":"status-publish","4":"format-standard","5":"has-post-thumbnail","7":"category-viihde","8":"tag-entertainment","9":"tag-fi","10":"tag-finland","11":"tag-finnish","12":"tag-helsingin-sanomat","13":"tag-suomi","14":"tag-viihde"},"share_on_mastodon":{"url":"https:\/\/pubeurope.com\/@fi\/115504113549638739","error":""},"_links":{"self":[{"href":"https:\/\/www.europesays.com\/fi\/wp-json\/wp\/v2\/posts\/82975","targetHints":{"allow":["GET"]}}],"collection":[{"href":"https:\/\/www.europesays.com\/fi\/wp-json\/wp\/v2\/posts"}],"about":[{"href":"https:\/\/www.europesays.com\/fi\/wp-json\/wp\/v2\/types\/post"}],"author":[{"embeddable":true,"href":"https:\/\/www.europesays.com\/fi\/wp-json\/wp\/v2\/users\/2"}],"replies":[{"embeddable":true,"href":"https:\/\/www.europesays.com\/fi\/wp-json\/wp\/v2\/comments?post=82975"}],"version-history":[{"count":0,"href":"https:\/\/www.europesays.com\/fi\/wp-json\/wp\/v2\/posts\/82975\/revisions"}],"wp:featuredmedia":[{"embeddable":true,"href":"https:\/\/www.europesays.com\/fi\/wp-json\/wp\/v2\/media\/82976"}],"wp:attachment":[{"href":"https:\/\/www.europesays.com\/fi\/wp-json\/wp\/v2\/media?parent=82975"}],"wp:term":[{"taxonomy":"category","embeddable":true,"href":"https:\/\/www.europesays.com\/fi\/wp-json\/wp\/v2\/categories?post=82975"},{"taxonomy":"post_tag","embeddable":true,"href":"https:\/\/www.europesays.com\/fi\/wp-json\/wp\/v2\/tags?post=82975"}],"curies":[{"name":"wp","href":"https:\/\/api.w.org\/{rel}","templated":true}]}}