{"id":83053,"date":"2025-11-06T20:04:11","date_gmt":"2025-11-06T20:04:11","guid":{"rendered":"https:\/\/www.europesays.com\/fi\/83053\/"},"modified":"2025-11-06T20:04:11","modified_gmt":"2025-11-06T20:04:11","slug":"kommentti-leijonien-ottelu-oli-vastaus-unettomuuteen-yleisosta-kajahti-klassikkohuuto-urheilua-lyhyesti","status":"publish","type":"post","link":"https:\/\/www.europesays.com\/fi\/83053\/","title":{"rendered":"Kommentti: Leijonien ottelu oli vastaus unettomuuteen \u2013 yleis\u00f6st\u00e4 kajahti klassikkohuuto | Urheilua lyhyesti"},"content":{"rendered":"<p class=\"aw-1gybjub aw-5vja16 kEtdKx kmuxyA yle__article__paragraph\">Lupaava alku l\u00e4ss\u00e4hti unettavaksi pelailuksi Leijonien EHT-avauksessa Tampereella, kirjoittaa Yle Urheilun j\u00e4\u00e4\u00adkiekko\u00adtoimittaja Tommi Sepp\u00e4l\u00e4.<\/p>\n<p><img decoding=\"async\" alt=\"Jesse Puljuj\u00e4rvi Leijonien paidassa Tampereella.\" src=\"https:\/\/www.europesays.com\/fi\/wp-content\/uploads\/2025\/11\/39-1550117690ceec246ba0.jpeg\" class=\"aw-1l9m598 hKVVvP\"\/><\/p>\n<p>Avaa kuvien katselu<\/p>\n<p>Jesse Puljuj\u00e4rvi v\u00e4l\u00e4ytteli etenkin avauser\u00e4ss\u00e4, mutta kaiken kaikkiaan Suomen hy\u00f6kk\u00e4\u00e4minen oli h\u00e4mment\u00e4v\u00e4n vaisua. Kuva: Emmi Korhonen \/ Lehtikuva<img decoding=\"async\" alt=\"Ylen NHL-kirjeenvaihtaja Tommi Sepp\u00e4l\u00e4\" src=\"https:\/\/www.europesays.com\/fi\/wp-content\/uploads\/2025\/09\/39-5516915c9b34dbc3f86.jpeg\" class=\"aw-1l9m598 hKVVvP\"\/><\/p>\n<p class=\"aw-1gybjub aw-1p7kakr kEtdKx cEmitX yle__article__paragraph\"><strong class=\"aw-ak79eh KyCXm yle__article__strong\">TAMPERE.<\/strong> Tarkkaa oli odotettavissakin, mutta ei ehk\u00e4 ihan n\u00e4in tarkkaa.<\/p>\n<p class=\"aw-1gybjub aw-1p7kakr kEtdKx cEmitX yle__article__paragraph\">Kun Suomen ja Sveitsin v\u00e4list\u00e4 EHT:n avausottelua oli tahkottu 37 minuuttia, hiljaiselta lehterilt\u00e4 kajahti klassikkohuuto: peli\u00e4!<\/p>\n<p class=\"aw-1gybjub aw-1p7kakr kEtdKx cEmitX yle__article__paragraph\">Se osui ja upposi. Yleis\u00f6 oli n\u00e4hnyt vajaan kahden er\u00e4n aikana tarpeeksi. Suomen ja Sveitsin peliss\u00e4 n\u00e4htiin paljon puolustus- ja viisikkopelin osalta elementtej\u00e4, jotka miellytt\u00e4v\u00e4t valmentajien silm\u00e4\u00e4, mutta hy\u00f6kk\u00e4yspelin osalta ei sitten sit\u00e4k\u00e4\u00e4n v\u00e4h\u00e4\u00e4.<\/p>\n<p class=\"aw-1gybjub aw-1p7kakr kEtdKx cEmitX yle__article__paragraph\">Leijonat aloitti ottelun hyvin ja loi avauser\u00e4ss\u00e4 useitakin hyvi\u00e4 maalipaikkoja, mutta lopulta kiekollinen peli meni melkoiseksi virkkaamiseksi.<\/p>\n<p class=\"aw-1gybjub aw-1p7kakr kEtdKx cEmitX yle__article__paragraph\">Sveitsin osalta trendi toimi toisinp\u00e4in. Ensimm\u00e4isen laukauksen saaminen kohti <strong class=\"aw-ak79eh KyCXm yle__article__strong\">Harri S\u00e4terin<\/strong> maalia kesti mykist\u00e4v\u00e4t 27 minuuttia!<\/p>\n<p class=\"aw-1gybjub aw-1p7kakr kEtdKx cEmitX yle__article__paragraph\">Mit\u00e4 pidemm\u00e4lle ottelu eteni, sit\u00e4 paremmin vieraat pystyiv\u00e4t ytimeen murtautumaan. Kuparinen rikkoutui lopulta kolmannen er\u00e4n ensimm\u00e4isell\u00e4 kympill\u00e4. Leijonat ei t\u00e4h\u00e4n en\u00e4\u00e4 kyennyt vastaamaan.<\/p>\n<p class=\"aw-1gybjub aw-1p7kakr kEtdKx cEmitX yle__article__paragraph\">Leijonien p\u00e4\u00e4valmentaja <strong class=\"aw-ak79eh KyCXm yle__article__strong\">Antti Pennanen<\/strong> puhui pelip\u00e4iv\u00e4n aamuharjoituksen yhteydess\u00e4 tehokkuudesta yhten\u00e4 t\u00e4rke\u00e4n\u00e4 teemana Suomen peliss\u00e4.<\/p>\n<p class=\"aw-1gybjub aw-1p7kakr kEtdKx cEmitX yle__article__paragraph\">T\u00e4lt\u00e4 osin avauser\u00e4 j\u00e4tti toivomisen varaa, mutta sit\u00e4kin suurempi murhe torstaina oli hy\u00f6kk\u00e4yspelaamisen yhten\u00e4isyys sek\u00e4 maalipaikoille murtautuminen. Jos ei p\u00e4\u00e4se toisteisesti paikoille, ei voi tehd\u00e4 maalejakaan.<\/p>\n<p><img decoding=\"async\" alt=\"Antti Pennanen Sveitsi-ottelussa Tampereella.\" src=\"https:\/\/www.europesays.com\/fi\/wp-content\/uploads\/2025\/11\/39-1550112690cea44bf73c.jpeg\" loading=\"lazy\" class=\"aw-1l9m598 hKVVvP\"\/><\/p>\n<p>Avaa kuvien katselu<\/p>\n<p>Antti Pennasen toivomia asioita ei Sveitsi-ottelussa n\u00e4kynyt. Kuva: Emmi Korhonen \/ Lehtikuva<\/p>\n<p class=\"aw-1gybjub aw-1p7kakr kEtdKx cEmitX yle__article__paragraph\">Suomen hy\u00f6kk\u00e4yspelaamista v\u00e4ritti panokset huomioon ottaen liiankin varovainen ote. Pelaamaan tottuneille taitaville pelaajille soisi mahdollisuuden pelata EHT-tason peleiss\u00e4 rohkeamminkin. Onko todella kiekko aina pakko paiskata kulmaan, jos ei satavarmaa peli\u00e4 ole tarjolla?<\/p>\n<p class=\"aw-1gybjub aw-1p7kakr kEtdKx cEmitX yle__article__paragraph\">Siin\u00e4 vaiheessa, kun vierasjoukkue teki kolmannen er\u00e4n puolenv\u00e4lin tienoilla kamppailun avausmaalin, kotijoukkueella oli kasassa kokonaiset yhdeks\u00e4n laukausta kohti maalia. Suoritus on mill\u00e4 tahansa mittarilla ja miss\u00e4 tahansa kontekstissa poikkeuksellisen heikko.<\/p>\n<p class=\"aw-1gybjub aw-1p7kakr kEtdKx cEmitX yle__article__paragraph\">Ei ihme, ett\u00e4 kansa haukotteli lehtereill\u00e4 itsens\u00e4 uneen.<\/p>\n<p class=\"aw-1gybjub aw-1p7kakr kEtdKx cEmitX yle__article__paragraph\">Toki on muistettava, ett\u00e4 torstai oli t\u00e4m\u00e4n Leijonat-joukkueen ensimm\u00e4inen yhteinen tapahtuma, ja silt\u00e4 se n\u00e4yttikin. Parempaa oli silti lupa odottaa ja kyky\u00e4 vastata Sveitsin nousevaan pelilliseen trendiin ottelun aikana.<\/p>\n<p class=\"aw-1gybjub aw-1p7kakr kEtdKx cEmitX yle__article__paragraph\">Nyt mink\u00e4\u00e4nlaista vastausta ei n\u00e4hty, eik\u00e4 n\u00e4in ollen juuri onnistujiakaan Leijonien riveist\u00e4 ollut helppo l\u00f6yt\u00e4\u00e4.<\/p>\n<p><img decoding=\"async\" alt=\"Rami M\u00e4\u00e4tt\u00e4 Leijonien paidassa Tampereella.\" src=\"https:\/\/www.europesays.com\/fi\/wp-content\/uploads\/2025\/11\/39-1550119690cef74c4ba3.jpeg\" loading=\"lazy\" class=\"aw-1l9m598 hKVVvP\"\/><\/p>\n<p>Avaa kuvien katselu<\/p>\n<p>\u00c4ssien Rami M\u00e4\u00e4tt\u00e4 oli yksi Leijonat-debytanteista Sveitsi\u00e4 vastaan. Kuva: Emmi Korhonen \/ Lehtikuva<\/p>\n<p class=\"aw-1gybjub aw-1p7kakr kEtdKx cEmitX yle__article__paragraph\">Sveitsi-linja, miss\u00e4 <strong class=\"aw-ak79eh KyCXm yle__article__strong\">Sakari Mannisen<\/strong> vierell\u00e4 viilettiv\u00e4t <strong class=\"aw-ak79eh KyCXm yle__article__strong\">Jesse Puljuj\u00e4rvi<\/strong> sek\u00e4 <strong class=\"aw-ak79eh KyCXm yle__article__strong\">Patrik Puistola<\/strong>, aloitti ottelun lupaavasti, mutta sekin hiipui ottelun edetess\u00e4. Muiden ketjujen osalta hyv\u00e4t hetket j\u00e4iv\u00e4t kiekollisen pelin osalta yksitt\u00e4isiksi v\u00e4l\u00e4hdyksiksi, jos niit\u00e4k\u00e4\u00e4n edes n\u00e4htiin.<\/p>\n<p class=\"aw-1gybjub aw-1p7kakr kEtdKx cEmitX yle__article__paragraph\">Ilopillereiksi eiv\u00e4t nousseet leijonatulokkaatkaan, jos eiv\u00e4t varsinaisesti pett\u00e4neetk\u00e4\u00e4n. T\u00e4st\u00e4 osastosta kukaan ei kamppaile paikasta olympiakoneeseen, mutta jos haluja on MM-j\u00e4ille, vaihdelaatikosta kannattaa kaivaa ensi tilassa uusi vaihde.<\/p>\n<p class=\"aw-1gybjub aw-1p7kakr kEtdKx cEmitX yle__article__paragraph\">Jos taas Puljuj\u00e4rvi tai <strong class=\"aw-ak79eh KyCXm yle__article__strong\">Sami Vatanen<\/strong> mieliv\u00e4t Italiaan, parempaa t\u00e4ytyy tuoda p\u00f6yt\u00e4\u00e4n.<\/p>\n<p class=\"aw-1gybjub aw-1p7kakr kEtdKx cEmitX yle__article__paragraph\">Lauantain T\u0161ekki-otteluun Leijonien on l\u00f6ydett\u00e4v\u00e4 kokonaan uusi vaihde ja sen pit\u00e4\u00e4 l\u00e4hte\u00e4 Mannisen, Puljuj\u00e4rven sek\u00e4 Vatasen kaltaisista pelaajista. Muutoksia kokoonpanoon ja ketjuihin lienee niit\u00e4kin luvassa ja maalille laitettaneen <strong class=\"aw-ak79eh KyCXm yle__article__strong\">Emil Larmi<\/strong>.<\/p>\n<p class=\"aw-1gybjub aw-1p7kakr kEtdKx cEmitX yle__article__paragraph\">T\u00e4m\u00e4 oli tarinan ensimm\u00e4inen luku. Harvinaisen unettava sellainen.<\/p>\n","protected":false},"excerpt":{"rendered":"Lupaava alku l\u00e4ss\u00e4hti unettavaksi pelailuksi Leijonien EHT-avauksessa Tampereella, kirjoittaa Yle Urheilun j\u00e4\u00e4\u00adkiekko\u00adtoimittaja Tommi Sepp\u00e4l\u00e4. Avaa kuvien katselu Jesse&hellip;\n","protected":false},"author":2,"featured_media":83054,"comment_status":"","ping_status":"","sticky":false,"template":"","format":"standard","meta":{"footnotes":""},"categories":[5],"tags":[22,23,6839,26,27,33,31,30,17,1143,2133,24,25,2780,28,29,15,18,21,4686,32,19,20,160,16],"class_list":{"0":"post-83053","1":"post","2":"type-post","3":"status-publish","4":"format-standard","5":"has-post-thumbnail","7":"category-otsikot","8":"tag-breaking-news","9":"tag-breakingnews","10":"tag-euro-hockey-tour","11":"tag-featured-news","12":"tag-featurednews","13":"tag-fi","14":"tag-finland","15":"tag-finnish","16":"tag-headlines","17":"tag-jaakiekko","18":"tag-jaakiekkoilijat","19":"tag-latest-news","20":"tag-latestnews","21":"tag-leijonat","22":"tag-main-news","23":"tag-mainnews","24":"tag-news","25":"tag-otsikot","26":"tag-paauutiset","27":"tag-suomen-jaakiekko","28":"tag-suomi","29":"tag-top-stories","30":"tag-topstories","31":"tag-urheilu","32":"tag-uutiset"},"share_on_mastodon":{"url":"https:\/\/pubeurope.com\/@fi\/115504550047071037","error":""},"_links":{"self":[{"href":"https:\/\/www.europesays.com\/fi\/wp-json\/wp\/v2\/posts\/83053","targetHints":{"allow":["GET"]}}],"collection":[{"href":"https:\/\/www.europesays.com\/fi\/wp-json\/wp\/v2\/posts"}],"about":[{"href":"https:\/\/www.europesays.com\/fi\/wp-json\/wp\/v2\/types\/post"}],"author":[{"embeddable":true,"href":"https:\/\/www.europesays.com\/fi\/wp-json\/wp\/v2\/users\/2"}],"replies":[{"embeddable":true,"href":"https:\/\/www.europesays.com\/fi\/wp-json\/wp\/v2\/comments?post=83053"}],"version-history":[{"count":0,"href":"https:\/\/www.europesays.com\/fi\/wp-json\/wp\/v2\/posts\/83053\/revisions"}],"wp:featuredmedia":[{"embeddable":true,"href":"https:\/\/www.europesays.com\/fi\/wp-json\/wp\/v2\/media\/83054"}],"wp:attachment":[{"href":"https:\/\/www.europesays.com\/fi\/wp-json\/wp\/v2\/media?parent=83053"}],"wp:term":[{"taxonomy":"category","embeddable":true,"href":"https:\/\/www.europesays.com\/fi\/wp-json\/wp\/v2\/categories?post=83053"},{"taxonomy":"post_tag","embeddable":true,"href":"https:\/\/www.europesays.com\/fi\/wp-json\/wp\/v2\/tags?post=83053"}],"curies":[{"name":"wp","href":"https:\/\/api.w.org\/{rel}","templated":true}]}}