{"id":83212,"date":"2025-11-07T00:25:09","date_gmt":"2025-11-07T00:25:09","guid":{"rendered":"https:\/\/www.europesays.com\/fi\/83212\/"},"modified":"2025-11-07T00:25:09","modified_gmt":"2025-11-07T00:25:09","slug":"gunvor-peruu-lukoil-ostotarjouksensa-hs-fi","status":"publish","type":"post","link":"https:\/\/www.europesays.com\/fi\/83212\/","title":{"rendered":"Gunvor peruu Lukoil-ostotarjouksensa | HS.fi"},"content":{"rendered":"<p>Teboilin kriisi|Gunvor kertoo peruvansa ostotarjouksen Yhdysvaltain valtiovarain\u00administeri\u00f6n torstaisesta lausunnosta johtuen.<\/p>\n<p class=\"article-body mb-nof-24 px-nof-16\">Monikansallinen Gunvor Group vet\u00e4\u00e4 ostotarjouksensa ven\u00e4l\u00e4isen \u00f6ljy-yhti\u00f6n Lukoilin kansainv\u00e4lisist\u00e4 toiminnoista.<\/p>\n<p class=\"article-body mb-nof-24 px-nof-16\">Asiasta kertoo uutistoimisto Reuters, jolle Gunvor kommentoi asiaa s\u00e4hk\u00f6postitse. P\u00e4\u00e4t\u00f6ksest\u00e4 uutisoi my\u00f6s <a class=\"article-genericlink\" href=\"https:\/\/www.ft.com\/content\/19e5e9ce-781b-450f-aac0-f11bb404fb9b\" rel=\"nofollow noopener\" target=\"_blank\">Financial Times<\/a>.<\/p>\n<p class=\"article-body mb-nof-24 px-nof-16\">Kaupan arvo olisi ollut noin 22 miljardia dollaria eli noin 19 miljardia euroa. Sen alle olisi lukeutunut my\u00f6s suomalainen Teboil, jonka Lukoil omistaa.<\/p>\n<p class=\"article-body mb-nof-24 px-nof-16\">Medioiden mukaan p\u00e4\u00e4t\u00f6kseen vaikutti Yhdysvaltain valtio\u00advarainministeri\u00f6n torstainen lausunto. Yhdysvallat asetti lokakuussa pakotteita Lukoilia ja toista ven\u00e4l\u00e4ist\u00e4 \u00f6ljy-yhti\u00f6t\u00e4 Rosfnetia vastaan.<\/p>\n<p class=\"article-body mb-nof-24 px-nof-16\">Valtiovarainministeri\u00f6 julkaisi viestipalvelu <a class=\"article-genericlink\" href=\"https:\/\/x.com\/USTreasury\/status\/1986536068410405305\" rel=\"nofollow\">X:ss\u00e4<\/a> lausunnon, jossa se kirjoitti, ettei Gunvor tule saamaan toimilupaa, jos se ostaa Lukoilin kansainv\u00e4liset toiminnot.<\/p>\n<p class=\"article-body mb-nof-24 px-nof-16\">\u201dPresidentti <a class=\"article-personlink\" href=\"https:\/\/www.hs.fi\/haku\/?query=Trump\" rel=\"nofollow noopener\" target=\"_blank\">Trump<\/a> on tehnyt selv\u00e4ksi, ett\u00e4 sota on lopetettava v\u00e4litt\u00f6m\u00e4sti. Niin kauan kuin Putin jatkaa mielet\u00f6nt\u00e4 tappamista, Kremlin s\u00e4tkynukke Gunvor ei saa lupaa toimia ja tehd\u00e4 voittoa\u201d, ministeri\u00f6 kirjoitti.<\/p>\n<p class=\"article-body mb-nof-24 px-nof-16\">GUnvorin edustaja <a class=\"article-personlink\" href=\"https:\/\/www.hs.fi\/haku\/?query=Seth%20Pietras\" rel=\"nofollow noopener\" target=\"_blank\">Seth Pietras<\/a> kommentoi Reutersille s\u00e4hk\u00f6postitse, ett\u00e4 ministeri\u00f6n lausunto on \u201dperustavanlaatuisesti virheellinen ja v\u00e4\u00e4r\u00e4\u201d.<\/p>\n<p class=\"article-body mb-nof-24 px-nof-16\">Samalla h\u00e4n kertoi Gunvorin p\u00e4\u00e4t\u00f6ksest\u00e4 perua ostotarjous.<\/p>\n<p class=\"article-body mb-nof-24 px-nof-16\">Ostotarjouksesta uutisoitiin lokakuussa. STT <a class=\"article-genericlink\" href=\"https:\/\/www.hs.fi\/talous\/art-2000011593732.html\" rel=\"nofollow noopener\" target=\"_blank\">kertoi<\/a> viime viikolla, ett\u00e4 kotimainen Teboil vahvisti niin ik\u00e4\u00e4n omistuksensa siirtyv\u00e4n Gunvor-konsernille.<\/p>\n<p class=\"article-body mb-nof-24 px-nof-16\">Gunvorilla on tiivis yhteys Ven\u00e4j\u00e4n nykyjohtoon. Konsernin johtoon kuuluu liikemies <a class=\"article-personlink\" href=\"https:\/\/www.hs.fi\/haku\/?query=Gennadi%20Timt%C5%A1enko\" rel=\"nofollow noopener\" target=\"_blank\">Gennadi Timt\u0161enko<\/a>, joka on j\u00e4\u00e4kiekkojoukkue Jokereiden entinen omistaja ja presidentti Vladimir Putinin yst\u00e4v\u00e4.<\/p>\n<p class=\"article-body mb-nof-24 px-nof-16\">Timt\u0161enko on my\u00f6s Suomen kansalainen. H\u00e4n on Euroopan unionin Ven\u00e4j\u00e4-pakotelistalla.<\/p>\n","protected":false},"excerpt":{"rendered":"Teboilin kriisi|Gunvor kertoo peruvansa ostotarjouksen Yhdysvaltain valtiovarain\u00administeri\u00f6n torstaisesta lausunnosta johtuen. Monikansallinen Gunvor Group vet\u00e4\u00e4 ostotarjouksensa ven\u00e4l\u00e4isen \u00f6ljy-yhti\u00f6n Lukoilin&hellip;\n","protected":false},"author":2,"featured_media":83213,"comment_status":"","ping_status":"","sticky":false,"template":"","format":"standard","meta":{"footnotes":""},"categories":[5],"tags":[22,23,26,27,33,31,30,17,46,24,25,28,29,15,18,21,32,19,20,16],"class_list":{"0":"post-83212","1":"post","2":"type-post","3":"status-publish","4":"format-standard","5":"has-post-thumbnail","7":"category-otsikot","8":"tag-breaking-news","9":"tag-breakingnews","10":"tag-featured-news","11":"tag-featurednews","12":"tag-fi","13":"tag-finland","14":"tag-finnish","15":"tag-headlines","16":"tag-helsingin-sanomat","17":"tag-latest-news","18":"tag-latestnews","19":"tag-main-news","20":"tag-mainnews","21":"tag-news","22":"tag-otsikot","23":"tag-paauutiset","24":"tag-suomi","25":"tag-top-stories","26":"tag-topstories","27":"tag-uutiset"},"share_on_mastodon":{"url":"https:\/\/pubeurope.com\/@fi\/115505576182969159","error":""},"_links":{"self":[{"href":"https:\/\/www.europesays.com\/fi\/wp-json\/wp\/v2\/posts\/83212","targetHints":{"allow":["GET"]}}],"collection":[{"href":"https:\/\/www.europesays.com\/fi\/wp-json\/wp\/v2\/posts"}],"about":[{"href":"https:\/\/www.europesays.com\/fi\/wp-json\/wp\/v2\/types\/post"}],"author":[{"embeddable":true,"href":"https:\/\/www.europesays.com\/fi\/wp-json\/wp\/v2\/users\/2"}],"replies":[{"embeddable":true,"href":"https:\/\/www.europesays.com\/fi\/wp-json\/wp\/v2\/comments?post=83212"}],"version-history":[{"count":0,"href":"https:\/\/www.europesays.com\/fi\/wp-json\/wp\/v2\/posts\/83212\/revisions"}],"wp:featuredmedia":[{"embeddable":true,"href":"https:\/\/www.europesays.com\/fi\/wp-json\/wp\/v2\/media\/83213"}],"wp:attachment":[{"href":"https:\/\/www.europesays.com\/fi\/wp-json\/wp\/v2\/media?parent=83212"}],"wp:term":[{"taxonomy":"category","embeddable":true,"href":"https:\/\/www.europesays.com\/fi\/wp-json\/wp\/v2\/categories?post=83212"},{"taxonomy":"post_tag","embeddable":true,"href":"https:\/\/www.europesays.com\/fi\/wp-json\/wp\/v2\/tags?post=83212"}],"curies":[{"name":"wp","href":"https:\/\/api.w.org\/{rel}","templated":true}]}}