{"id":83316,"date":"2025-11-07T03:52:12","date_gmt":"2025-11-07T03:52:12","guid":{"rendered":"https:\/\/www.europesays.com\/fi\/83316\/"},"modified":"2025-11-07T03:52:12","modified_gmt":"2025-11-07T03:52:12","slug":"syyttaja-18-vuotias-mies-suunnitteli-isisin-nimissa-terrori-iskua-festivaalille-tukholmassa","status":"publish","type":"post","link":"https:\/\/www.europesays.com\/fi\/83316\/","title":{"rendered":"Syytt\u00e4j\u00e4: 18-vuotias mies suunnitteli Isisin nimiss\u00e4 terrori-iskua festivaalille Tukholmassa"},"content":{"rendered":"<p>Ruotsi|Syytt\u00e4j\u00e4n mukaan ep\u00e4ilty aloitti iskujen suunnittelun viime vuoden elokuussa.<\/p>\n<p>6.11. 16:57<\/p>\n<p class=\"article-body mb-nof-24 px-nof-16\">Ruotsissa nostettiin torstaina syytteet 18-vuotiasta miest\u00e4 vastaan terrori-iskun suunnittelusta. Syytt\u00e4j\u00e4n mukaan nuori mies suunnitteli \u00e4\u00e4rij\u00e4rjest\u00f6 Isisin nimiss\u00e4 teht\u00e4v\u00e4\u00e4 iskua kulttuurifestivaalille Tukholman keskustassa sijaitsevaan puistoon.<\/p>\n<p class=\"article-body mb-nof-24 px-nof-16\">Syytt\u00e4j\u00e4n mukaan ep\u00e4ilty aloitti iskujen suunnittelun viime vuoden elokuussa. Viranomaiset alkoivat kiinnostua h\u00e4nen toimistaan viime vuoden j\u00e4lkipuoliskolla. H\u00e4net otettiin kiinni helmikuun alkupuolella, mist\u00e4 l\u00e4htien h\u00e4n on ollut tutkintavankeudessa.<\/p>\n<p class=\"article-body mb-nof-24 px-nof-16\">\u201dK\u00e4sityksemme mukaan kyseess\u00e4 on yksin\u00e4\u00e4n radikalisoitunut mies, jolla on selvi\u00e4 v\u00e4kivaltaisia islamistisia sympatioita, jotka kohdistuvat nimenomaan Isisiin\u201d, sanoi apulaisp\u00e4\u00e4syytt\u00e4j\u00e4 <a class=\"article-personlink\" href=\"https:\/\/www.hs.fi\/haku\/?query=Henrik%20Olin.\" rel=\"nofollow noopener\" target=\"_blank\">Henrik Olin.<\/a><\/p>\n<p class=\"article-body mb-nof-24 px-nof-16\">Miehen oikeudenk\u00e4ynti alkaa tiistaina. Sen odotetaan jatkuvan marraskuun lopulle.<\/p>\n","protected":false},"excerpt":{"rendered":"Ruotsi|Syytt\u00e4j\u00e4n mukaan ep\u00e4ilty aloitti iskujen suunnittelun viime vuoden elokuussa. 6.11. 16:57 Ruotsissa nostettiin torstaina syytteet 18-vuotiasta miest\u00e4 vastaan&hellip;\n","protected":false},"author":2,"featured_media":79326,"comment_status":"","ping_status":"","sticky":false,"template":"","format":"standard","meta":{"footnotes":""},"categories":[12],"tags":[22,23,26,27,33,31,30,17,46,24,25,28,29,15,18,21,32,19,20,16],"class_list":{"0":"post-83316","1":"post","2":"type-post","3":"status-publish","4":"format-standard","5":"has-post-thumbnail","7":"category-suomi","8":"tag-breaking-news","9":"tag-breakingnews","10":"tag-featured-news","11":"tag-featurednews","12":"tag-fi","13":"tag-finland","14":"tag-finnish","15":"tag-headlines","16":"tag-helsingin-sanomat","17":"tag-latest-news","18":"tag-latestnews","19":"tag-main-news","20":"tag-mainnews","21":"tag-news","22":"tag-otsikot","23":"tag-paauutiset","24":"tag-suomi","25":"tag-top-stories","26":"tag-topstories","27":"tag-uutiset"},"share_on_mastodon":{"url":"https:\/\/pubeurope.com\/@fi\/115506390198817130","error":""},"_links":{"self":[{"href":"https:\/\/www.europesays.com\/fi\/wp-json\/wp\/v2\/posts\/83316","targetHints":{"allow":["GET"]}}],"collection":[{"href":"https:\/\/www.europesays.com\/fi\/wp-json\/wp\/v2\/posts"}],"about":[{"href":"https:\/\/www.europesays.com\/fi\/wp-json\/wp\/v2\/types\/post"}],"author":[{"embeddable":true,"href":"https:\/\/www.europesays.com\/fi\/wp-json\/wp\/v2\/users\/2"}],"replies":[{"embeddable":true,"href":"https:\/\/www.europesays.com\/fi\/wp-json\/wp\/v2\/comments?post=83316"}],"version-history":[{"count":0,"href":"https:\/\/www.europesays.com\/fi\/wp-json\/wp\/v2\/posts\/83316\/revisions"}],"wp:featuredmedia":[{"embeddable":true,"href":"https:\/\/www.europesays.com\/fi\/wp-json\/wp\/v2\/media\/79326"}],"wp:attachment":[{"href":"https:\/\/www.europesays.com\/fi\/wp-json\/wp\/v2\/media?parent=83316"}],"wp:term":[{"taxonomy":"category","embeddable":true,"href":"https:\/\/www.europesays.com\/fi\/wp-json\/wp\/v2\/categories?post=83316"},{"taxonomy":"post_tag","embeddable":true,"href":"https:\/\/www.europesays.com\/fi\/wp-json\/wp\/v2\/tags?post=83316"}],"curies":[{"name":"wp","href":"https:\/\/api.w.org\/{rel}","templated":true}]}}