{"id":83351,"date":"2025-11-07T05:02:14","date_gmt":"2025-11-07T05:02:14","guid":{"rendered":"https:\/\/www.europesays.com\/fi\/83351\/"},"modified":"2025-11-07T05:02:14","modified_gmt":"2025-11-07T05:02:14","slug":"tekijoiden-paikalla-olo-tuo-syvyytta-elokuvaan","status":"publish","type":"post","link":"https:\/\/www.europesays.com\/fi\/83351\/","title":{"rendered":"Tekij\u00f6iden paikalla olo tuo syvyytt\u00e4 elokuvaan"},"content":{"rendered":"<p>                                  Paikallisuutiset<\/p>\n<p>                <img loading=\"lazy\" decoding=\"async\" itemprop=\"contentUrl\" class=\"figure-img img-fluid\"  src=\"https:\/\/www.europesays.com\/fi\/wp-content\/uploads\/2025\/11\/1762491733_235_imengine.public.prod.hil.infomaker.io\" width=\"4496\" height=\"3000\"  alt=\"\"\/><\/p>\n<p>                                    Tuija Hakola aikoo Sotkamon elokuvaviikolla k\u00e4yd\u00e4 varmuudella katsomassa ainakin Syke-elokuvan tytt\u00e4rens\u00e4 kanssa.<br \/>\n                                                    Kuva:<br \/>\n                    Mari Tikkunen<\/p>\n<p class=\"ew-preamble\" itemprop=\"description\">Vaikka suoratoistopalveluiden m\u00e4\u00e4r\u00e4 kasvaa, eiv\u00e4t ne p\u00e4ihit\u00e4 teattereita. Dokumenttielokuva Reidarin v\u00e4rilliset aistimukset avasi Sotkamon elokuvaviikon torstaina.<\/p>\n<p>      MAINOS &#8211; juttu jatkuu mainoksen j\u00e4lkeen<\/p>\n<p>      MAINOS &#8211; mainos p\u00e4\u00e4ttyy<\/p>\n<p class=\"ew-body\"><strong id=\"strong-83af73885a0007f279999c0c704af547\">Eeli Aallon<\/strong> ohjaaman <strong id=\"strong-4f03b9d03bcd1bdd49fd54083b164bc9\">Reidar S\u00e4rest\u00f6niemest\u00e4<\/strong> kertovan dokumentin j\u00e4lkeen yleis\u00f6 p\u00e4\u00e4si keskustelemaan kirjailija <strong id=\"strong-d0af45e640e85abd7efe64e91b2f40d4\">Noora Vaaralan<\/strong> kanssa. H\u00e4n on kirjoittanut S\u00e4rest\u00f6niemen el\u00e4m\u00e4nkerran Sarviini puhkeaa lehti.<\/p>\n<p class=\"ew-body\">Paikalla Kino Visiossa oli my\u00f6s omien sanojensa mukaan vuokattilainen <strong id=\"strong-250e0acdf7477c3614f1232010e066e6\">Tuija Hakola<\/strong>.<\/p>\n<p class=\"ew-body\">\u2013 Aina, kun j<\/p>\n<p>  <a class=\"btn btn-secondary btn-icon-left\" href=\"#coral_thread\"><br \/>\n    <img decoding=\"async\" src=\"https:\/\/www.sotkamolehti.fi\/wp-content\/themes\/hilla-theme\/assets\/img\/icon_comments.svg\" alt=\"\"\/><br \/>\n    Kommentoi<br \/>\n  <\/a><\/p>\n<p>  <a class=\"btn btn-secondary btn-icon-left mailto_web\" href=\"mailto:toimitus@sotkamolehti.fi?subject=Ilmoita%20asiavirheest%C3%A4&amp;body=Otsikko%3A%20Tekij%C3%B6iden%20paikalla%20olo%20tuo%20syvyytt%C3%A4%20elokuvaan%0AUuid%3A%20061ab41f-2041-458b-ab7a-bd99e0ff7789%0AUrl%3A%20https%3A%2F%2Fwww.sotkamolehti.fi%2Fartikkeli%2Ftekijoiden-paikalla-olo-tuo-syvyytta-elokuvaan\"><br \/>\n    <img decoding=\"async\" src=\"https:\/\/www.sotkamolehti.fi\/wp-content\/themes\/hilla-theme\/assets\/img\/icon_feedback.svg\" alt=\"\"\/><br \/>\n    Ilmoita asiavirheest\u00e4<br \/>\n  <\/a><\/p>\n","protected":false},"excerpt":{"rendered":"Paikallisuutiset Tuija Hakola aikoo Sotkamon elokuvaviikolla k\u00e4yd\u00e4 varmuudella katsomassa ainakin Syke-elokuvan tytt\u00e4rens\u00e4 kanssa. Kuva: Mari Tikkunen Vaikka suoratoistopalveluiden&hellip;\n","protected":false},"author":2,"featured_media":83352,"comment_status":"","ping_status":"","sticky":false,"template":"","format":"standard","meta":{"footnotes":""},"categories":[131],"tags":[155,137,33,173,31,30,172,32,109],"class_list":{"0":"post-83351","1":"post","2":"type-post","3":"status-publish","4":"format-standard","5":"has-post-thumbnail","7":"category-elokuvat","8":"tag-elokuvat","9":"tag-entertainment","10":"tag-fi","11":"tag-film","12":"tag-finland","13":"tag-finnish","14":"tag-movies","15":"tag-suomi","16":"tag-viihde"},"share_on_mastodon":{"url":"https:\/\/pubeurope.com\/@fi\/115506665546522430","error":""},"_links":{"self":[{"href":"https:\/\/www.europesays.com\/fi\/wp-json\/wp\/v2\/posts\/83351","targetHints":{"allow":["GET"]}}],"collection":[{"href":"https:\/\/www.europesays.com\/fi\/wp-json\/wp\/v2\/posts"}],"about":[{"href":"https:\/\/www.europesays.com\/fi\/wp-json\/wp\/v2\/types\/post"}],"author":[{"embeddable":true,"href":"https:\/\/www.europesays.com\/fi\/wp-json\/wp\/v2\/users\/2"}],"replies":[{"embeddable":true,"href":"https:\/\/www.europesays.com\/fi\/wp-json\/wp\/v2\/comments?post=83351"}],"version-history":[{"count":0,"href":"https:\/\/www.europesays.com\/fi\/wp-json\/wp\/v2\/posts\/83351\/revisions"}],"wp:featuredmedia":[{"embeddable":true,"href":"https:\/\/www.europesays.com\/fi\/wp-json\/wp\/v2\/media\/83352"}],"wp:attachment":[{"href":"https:\/\/www.europesays.com\/fi\/wp-json\/wp\/v2\/media?parent=83351"}],"wp:term":[{"taxonomy":"category","embeddable":true,"href":"https:\/\/www.europesays.com\/fi\/wp-json\/wp\/v2\/categories?post=83351"},{"taxonomy":"post_tag","embeddable":true,"href":"https:\/\/www.europesays.com\/fi\/wp-json\/wp\/v2\/tags?post=83351"}],"curies":[{"name":"wp","href":"https:\/\/api.w.org\/{rel}","templated":true}]}}