{"id":83378,"date":"2025-11-07T05:36:12","date_gmt":"2025-11-07T05:36:12","guid":{"rendered":"https:\/\/www.europesays.com\/fi\/83378\/"},"modified":"2025-11-07T05:36:12","modified_gmt":"2025-11-07T05:36:12","slug":"pojat-hakkasivat-ikkunaa-akaassa-asukas-kimpaantui-ja-ammuskeli-pihalla-kotimaa","status":"publish","type":"post","link":"https:\/\/www.europesays.com\/fi\/83378\/","title":{"rendered":"Pojat hakkasivat ikkunaa Akaassa, asukas kimpaantui ja ammuskeli pihalla | Kotimaa"},"content":{"rendered":"<p class=\"aw-1gybjub aw-5vja16 kEtdKx kmuxyA yle__article__paragraph\">Poikien idea pilakoputuksista johti vakavaan tilanteeseen toukokuussa Akaassa. Mies ampui useita laukauksia ilmaan ja pojat pakenivat.<\/p>\n<p><img decoding=\"async\" alt=\"Kuvituskuva Tampereen k\u00e4r\u00e4j\u00e4oikeudesta.\" src=\"https:\/\/www.europesays.com\/fi\/wp-content\/uploads\/2025\/11\/39-151728468b959bbf1beb.jpeg\" class=\"aw-1l9m598 hKVVvP\"\/><\/p>\n<p>Avaa kuvien katselu<\/p>\n<p>Kaikki osapuolet tuomittiin sakkoihin Pirkanmaan k\u00e4r\u00e4j\u00e4oikeudessa. Kuvituskuva. Kuva: Jani Aarnio \/ Yle<\/p>\n<p class=\"aw-1gybjub aw-1p7kakr kEtdKx cEmitX yle__article__paragraph\">Pirkanmaan k\u00e4r\u00e4j\u00e4oikeus on tuominnut kaksi alaik\u00e4ist\u00e4 poikaa kotirauhan rikkomisesta ja miehen varomattomasta k\u00e4sittelyst\u00e4. Rikokset tapahtuivat Akaassa toukokuussa.<\/p>\n<p class=\"aw-1gybjub aw-1p7kakr kEtdKx cEmitX yle__article__paragraph\">Tapahtumat saivat alkunsa, kun kaksi nuorta poikaa hakkasivat Akaassa pientaloalueella sijaitsevan omakotitalon ikkunaa kahdesti saman y\u00f6n aikana.<\/p>\n<p class=\"aw-1gybjub aw-1p7kakr kEtdKx cEmitX yle__article__paragraph\">Toinen poika kertoi oikeudenk\u00e4ynniss\u00e4, ett\u00e4 he saivat kaveriporukalla ajatuksen tehd\u00e4 \u201dpilakoputuksia\u201d. Pojat kertoivat koputelleensa samana y\u00f6n\u00e4 my\u00f6s muiden taloilla.<\/p>\n<p class=\"aw-1gybjub aw-1p7kakr kEtdKx cEmitX yle__article__paragraph\">Vastik\u00e4\u00e4n k\u00e4r\u00e4jill\u00e4 k\u00e4sitellyn tapauksen tapahtumat alkoivat siit\u00e4, kun he koputtivat er\u00e4\u00e4n talon ikkunaan. He meniv\u00e4t kauemmas odottamaan reaktiota talon asukkailta. Kun sit\u00e4 ei tullut, pojat l\u00e4htiv\u00e4t pois.<\/p>\n<p class=\"aw-1gybjub aw-1p7kakr kEtdKx cEmitX yle__article__paragraph\">Pojat kuitenkin palasivat samalle talolle my\u00f6hemmin uudelleen. Toinen heist\u00e4 koputti ikkunaa, toinen kuvasi tekoa.<\/p>\n<p class=\"aw-1gybjub aw-1p7kakr kEtdKx cEmitX yle__article__paragraph\">Toisen koputuskerran j\u00e4lkeen talossa asunut 40-vuotias mies tuli pihalle ja ampui pistoolilla useita laukauksia viistosti ilmaan kohti mets\u00e4\u00e4. Nuoret pakenivat paikalta, ja toinen heist\u00e4 kertoi hyp\u00e4nneens\u00e4 ojaan kuultuaan laukauksia.<\/p>\n<p class=\"aw-1gybjub aw-1p7kakr kEtdKx cEmitX yle__article__paragraph\">Mies kertoi oikeudessa kuulleensa pihalta \u00e4\u00e4ni\u00e4 ja ampuneensa poisp\u00e4in niist\u00e4. H\u00e4n ei tiennyt, keit\u00e4 ulkona oli, ja halusi ampumisella \u201dsaada paineen poisp\u00e4in itsest\u00e4\u00e4n\u201d.<\/p>\n<p class=\"aw-1gybjub aw-1p7kakr kEtdKx cEmitX yle__article__paragraph\">Mies kertoi my\u00f6s, ettei h\u00e4n h\u00e4m\u00e4ryyden vuoksi n\u00e4hnyt ket\u00e4\u00e4n pihalla.<\/p>\n<p>Kaikki kolme tuomittiin<\/p>\n<p class=\"aw-1gybjub aw-1p7kakr kEtdKx cEmitX yle__article__paragraph\">Pirkanmaan k\u00e4r\u00e4j\u00e4oikeus tuomitsi miehen varomattomasta k\u00e4sittelyst\u00e4. Se katsoi tuomiossaan, ett\u00e4 miehen teko oli omiaan aiheuttamaan vaaraa toisten hengelle tai terveydelle. Oikeus my\u00f6s katsoi, ett\u00e4 miehen on t\u00e4ytynyt aseluvan haltijana k\u00e4sitt\u00e4\u00e4, ettei asetta tule t\u00e4ll\u00e4 tavalla k\u00e4sitell\u00e4.<\/p>\n<p class=\"aw-1gybjub aw-1p7kakr kEtdKx cEmitX yle__article__paragraph\">Tuomiossaan oikeus katsoi my\u00f6s, ett\u00e4 vaikka laukaukset suunnattaisiin poisp\u00e4in ihmisist\u00e4, on teolla silti riskej\u00e4 asuinymp\u00e4rist\u00f6ss\u00e4: luoti voi jatkaa matkaa pitki\u00e4kin matkoja ja ihmisi\u00e4 voi olla siten luodin reitill\u00e4.<\/p>\n<p class=\"aw-1gybjub aw-1p7kakr kEtdKx cEmitX yle__article__paragraph\">Mies tuomittiin sakkoihin ja maksamaan poikien oikeudenk\u00e4yntikuluja. Lis\u00e4ksi h\u00e4nen pistoolinsa koteloineen tuomittiin menetetyksi valtiolle.<\/p>\n<p>Varomaton k\u00e4sittely<\/p>\n<p class=\"aw-1gybjub aw-1p7kakr kEtdKx cEmitX yle__article__paragraph\">Varomattomaan k\u00e4sittelyyn voi syyllisty\u00e4, jos s\u00e4ilytt\u00e4\u00e4, k\u00e4ytt\u00e4\u00e4 tai k\u00e4sittelee vastoin turvallisuusohjeita tai muuten varomattomalla tavalla vaarallisia aineita tai esineit\u00e4.<\/p>\n<p class=\"aw-1gybjub aw-1p7kakr kEtdKx cEmitX yle__article__paragraph\">Varomaton k\u00e4sittely ei edellyt\u00e4 sit\u00e4, ett\u00e4 se aiheuttaa vaaraa, vaan on omiaan aiheuttamaan sit\u00e4, eli pelkk\u00e4 vaaran mahdollisuus voidaan n\u00e4hd\u00e4 jo rikoksena.<\/p>\n<p class=\"aw-1gybjub aw-1p7kakr kEtdKx cEmitX yle__article__paragraph\">Varomattomasta k\u00e4sittelyst\u00e4 tuomitaan sakkoa tai vankeutta enint\u00e4\u00e4n kuusi kuukautta.<\/p>\n<p class=\"aw-1gybjub aw-1p7kakr kEtdKx cEmitX yle__article__paragraph\">My\u00f6s pojat tuomittiin kotirauhan rikkomisesta niin ik\u00e4\u00e4n sakkoihin. K\u00e4r\u00e4j\u00e4oikeus katsoi, ettei kyse ollut pelk\u00e4st\u00e4 kevyest\u00e4 koputuksesta vaan hakkaamisesta, jolla nuoret olivat halunneet saada reaktion talon asukkailta.<\/p>\n<p class=\"aw-1gybjub aw-1p7kakr kEtdKx cEmitX yle__article__paragraph\">Pojat joutuvat my\u00f6s korvaamaan talon kahdelle asukkaalle k\u00e4rsimyksest\u00e4 100 euroa kummallekin, sek\u00e4 miehen oikeudenk\u00e4yntikuluja.<\/p>\n<p class=\"aw-1gybjub aw-1p7kakr kEtdKx cEmitX yle__article__paragraph\">Tuomio ei ole lainvoimainen.<\/p>\n","protected":false},"excerpt":{"rendered":"Poikien idea pilakoputuksista johti vakavaan tilanteeseen toukokuussa Akaassa. Mies ampui useita laukauksia ilmaan ja pojat pakenivat. Avaa kuvien&hellip;\n","protected":false},"author":2,"featured_media":83379,"comment_status":"","ping_status":"","sticky":false,"template":"","format":"standard","meta":{"footnotes":""},"categories":[12],"tags":[14786,1773,22,23,26,27,33,31,30,17,71,24,25,28,29,15,18,21,553,581,32,19,20,16],"class_list":{"0":"post-83378","1":"post","2":"type-post","3":"status-publish","4":"format-standard","5":"has-post-thumbnail","7":"category-suomi","8":"tag-akaa","9":"tag-ampumavalikohtaukset","10":"tag-breaking-news","11":"tag-breakingnews","12":"tag-featured-news","13":"tag-featurednews","14":"tag-fi","15":"tag-finland","16":"tag-finnish","17":"tag-headlines","18":"tag-kotimaa","19":"tag-latest-news","20":"tag-latestnews","21":"tag-main-news","22":"tag-mainnews","23":"tag-news","24":"tag-otsikot","25":"tag-paauutiset","26":"tag-pirkanmaa","27":"tag-rikokset","28":"tag-suomi","29":"tag-top-stories","30":"tag-topstories","31":"tag-uutiset"},"share_on_mastodon":{"url":"https:\/\/pubeurope.com\/@fi\/115506799137549797","error":""},"_links":{"self":[{"href":"https:\/\/www.europesays.com\/fi\/wp-json\/wp\/v2\/posts\/83378","targetHints":{"allow":["GET"]}}],"collection":[{"href":"https:\/\/www.europesays.com\/fi\/wp-json\/wp\/v2\/posts"}],"about":[{"href":"https:\/\/www.europesays.com\/fi\/wp-json\/wp\/v2\/types\/post"}],"author":[{"embeddable":true,"href":"https:\/\/www.europesays.com\/fi\/wp-json\/wp\/v2\/users\/2"}],"replies":[{"embeddable":true,"href":"https:\/\/www.europesays.com\/fi\/wp-json\/wp\/v2\/comments?post=83378"}],"version-history":[{"count":0,"href":"https:\/\/www.europesays.com\/fi\/wp-json\/wp\/v2\/posts\/83378\/revisions"}],"wp:featuredmedia":[{"embeddable":true,"href":"https:\/\/www.europesays.com\/fi\/wp-json\/wp\/v2\/media\/83379"}],"wp:attachment":[{"href":"https:\/\/www.europesays.com\/fi\/wp-json\/wp\/v2\/media?parent=83378"}],"wp:term":[{"taxonomy":"category","embeddable":true,"href":"https:\/\/www.europesays.com\/fi\/wp-json\/wp\/v2\/categories?post=83378"},{"taxonomy":"post_tag","embeddable":true,"href":"https:\/\/www.europesays.com\/fi\/wp-json\/wp\/v2\/tags?post=83378"}],"curies":[{"name":"wp","href":"https:\/\/api.w.org\/{rel}","templated":true}]}}