{"id":83419,"date":"2025-11-07T06:46:09","date_gmt":"2025-11-07T06:46:09","guid":{"rendered":"https:\/\/www.europesays.com\/fi\/83419\/"},"modified":"2025-11-07T06:46:09","modified_gmt":"2025-11-07T06:46:09","slug":"herra-ylpon-elokuvasta-on-hankala-tietaa-kuinka-vakavissaan-se-on-tehty-2","status":"publish","type":"post","link":"https:\/\/www.europesays.com\/fi\/83419\/","title":{"rendered":"Herra Ylp\u00f6n elokuvasta on hankala tiet\u00e4\u00e4, kuinka vakavissaan se on tehty"},"content":{"rendered":"<p>Muusikko tuo n\u00e4ytt\u00e4v\u00e4sti valkokankaalle surrealistisen mielenmaisemansa, mutta taustalla on tuttu tarina.<\/p>\n<p>6.11. 21:45<\/p>\n<p class=\"article-body mb-nof-24 px-nof-16\">Kronos Kairos, ohjaus Herra Ylpp\u00f6. 70 min. K12. \u2605\u2605<\/p>\n<p class=\"article-body mb-nof-24 px-nof-16\">Musiikki ja elokuva kulkevat aina k\u00e4si k\u00e4dess\u00e4, joten on hyvinkin luontevaa, ett\u00e4 muusikko p\u00e4\u00e4tyy tekem\u00e4\u00e4n elokuvan.<\/p>\n<p class=\"article-body mb-nof-24 px-nof-16\">Elokuva on my\u00f6s sik\u00e4li demokraattinen ilmaisumuoto, ett\u00e4 sen kanssa saa kokeilla, jos vain on aikaa ja v\u00e4lineit\u00e4, ja yleens\u00e4 my\u00f6s rahaa.<\/p>\n","protected":false},"excerpt":{"rendered":"Muusikko tuo n\u00e4ytt\u00e4v\u00e4sti valkokankaalle surrealistisen mielenmaisemansa, mutta taustalla on tuttu tarina. 6.11. 21:45 Kronos Kairos, ohjaus Herra Ylpp\u00f6.&hellip;\n","protected":false},"author":2,"featured_media":83420,"comment_status":"","ping_status":"","sticky":false,"template":"","format":"standard","meta":{"footnotes":""},"categories":[131],"tags":[155,137,33,173,31,30,172,80,32,109],"class_list":{"0":"post-83419","1":"post","2":"type-post","3":"status-publish","4":"format-standard","5":"has-post-thumbnail","7":"category-elokuvat","8":"tag-elokuvat","9":"tag-entertainment","10":"tag-fi","11":"tag-film","12":"tag-finland","13":"tag-finnish","14":"tag-movies","15":"tag-satakunnan-kansa","16":"tag-suomi","17":"tag-viihde"},"share_on_mastodon":{"url":"https:\/\/pubeurope.com\/@fi\/115507074400980908","error":""},"_links":{"self":[{"href":"https:\/\/www.europesays.com\/fi\/wp-json\/wp\/v2\/posts\/83419","targetHints":{"allow":["GET"]}}],"collection":[{"href":"https:\/\/www.europesays.com\/fi\/wp-json\/wp\/v2\/posts"}],"about":[{"href":"https:\/\/www.europesays.com\/fi\/wp-json\/wp\/v2\/types\/post"}],"author":[{"embeddable":true,"href":"https:\/\/www.europesays.com\/fi\/wp-json\/wp\/v2\/users\/2"}],"replies":[{"embeddable":true,"href":"https:\/\/www.europesays.com\/fi\/wp-json\/wp\/v2\/comments?post=83419"}],"version-history":[{"count":0,"href":"https:\/\/www.europesays.com\/fi\/wp-json\/wp\/v2\/posts\/83419\/revisions"}],"wp:featuredmedia":[{"embeddable":true,"href":"https:\/\/www.europesays.com\/fi\/wp-json\/wp\/v2\/media\/83420"}],"wp:attachment":[{"href":"https:\/\/www.europesays.com\/fi\/wp-json\/wp\/v2\/media?parent=83419"}],"wp:term":[{"taxonomy":"category","embeddable":true,"href":"https:\/\/www.europesays.com\/fi\/wp-json\/wp\/v2\/categories?post=83419"},{"taxonomy":"post_tag","embeddable":true,"href":"https:\/\/www.europesays.com\/fi\/wp-json\/wp\/v2\/tags?post=83419"}],"curies":[{"name":"wp","href":"https:\/\/api.w.org\/{rel}","templated":true}]}}