{"id":83425,"date":"2025-11-07T06:49:08","date_gmt":"2025-11-07T06:49:08","guid":{"rendered":"https:\/\/www.europesays.com\/fi\/83425\/"},"modified":"2025-11-07T06:49:08","modified_gmt":"2025-11-07T06:49:08","slug":"jari-sillanpaa-tarjoaa-nyt-lampoa-ja-lohtua","status":"publish","type":"post","link":"https:\/\/www.europesays.com\/fi\/83425\/","title":{"rendered":"Jari Sillanp\u00e4\u00e4 tarjoaa nyt l\u00e4mp\u00f6\u00e4 ja lohtua"},"content":{"rendered":"<p class=\"has-drop-cap\"><strong><a href=\"https:\/\/www.tanssiin.fi\/tag\/jari-sillanpaa\/\" title=\"jari sillanp\u00e4\u00e4\" rel=\"nofollow noopener\" target=\"_blank\">Jari Sillanp\u00e4\u00e4 <\/a><\/strong>on viett\u00e4nyt t\u00e4n\u00e4 vuonna 2025 juhlavuotta.<\/p>\n<p>Jari juhli 60-vuotissyntym\u00e4p\u00e4ivi\u00e4\u00e4n elokuussa\u00a0ja hein\u00e4kuussa tuli kuluneeksi my\u00f6s 30 vuotta tangokuninkuuden voitosta.<\/p>\n<p> Juhlavuosi on pikkuhiljaa p\u00e4\u00e4ttym\u00e4ss\u00e4\u00a0Valo on meiss\u00e4\u00a0-teemaan. Se on valikoitunut sek\u00e4\u00a0laulajat\u00e4hden uuden singlejulkaisun\u00a0ett\u00e4\u00a0joulukiertueen\u00a0nimeksi<strong>.\u00a0<\/strong><\/p>\n<p>Voit kuunnella perjantaina 7. marraskuuta julkaistun  singlen <strong>t\u00e4m\u00e4n artikkelin lopusta<\/strong>.<\/p>\n<p>Jari on ollut j\u00e4lleen viime viikkoina otsikoissa. Tanssiin.fi uutisoi vastik\u00e4\u00e4n, kuinka suurimmat kaupalliset radiot ovat Suomessa kielt\u00e4ytyneet kokonaan soittamasta lukuisista rikoksista tuomitun tangokuninkaan musiikkia.<\/p>\n<p><strong>Lue lis\u00e4\u00e4:<\/strong> <a href=\"https:\/\/www.tanssiin.fi\/il-jari-sillanpaan-musiikki-on-kielletty-suomen-radioissa\/\" title=\"IL: Jari Sillanp\u00e4\u00e4n musiikki on kielletty Suomen radioissa\" rel=\"nofollow noopener\" target=\"_blank\">IL: Jari Sillanp\u00e4\u00e4n musiikki on kielletty Suomen radioissa<\/a><\/p>\n<p>Kohuista huolimatta Sillanp\u00e4\u00e4 on jatkanut sinnikk\u00e4\u00e4sti esiintymist\u00e4 ja levytt\u00e4mist\u00e4.<\/p>\n<p>\u201dPuhui joulusta v\u00e4h\u00e4n liiankin suoraan\u201d<\/p>\n<p>Valo on meiss\u00e4 -kappale ei ole suoranainen joululaulu.<\/p>\n<p>\u201dKappaleessa oli sellaista l\u00e4mp\u00f6\u00e4 ja lohtua, joka tuntui heti omalta\u201d,\u00a0Jari kuvailee.<\/p>\n<p>\u201dAlkuper\u00e4inen teksti oli selv\u00e4sti jouluisempi. Se puhui joulusta ehk\u00e4 v\u00e4h\u00e4n liiankin suoraan, ja minusta tuntui, ett\u00e4 se rajasi kappaleen liian kapeasti vain yhteen vuodenaikaan. Pyysin sanoittajaa muokkaamaan sit\u00e4 niin, ett\u00e4 ydin \u2013 ajatus valosta ja ihmisyydest\u00e4 \u2013 j\u00e4isi j\u00e4ljelle, mutta biisi voisi el\u00e4\u00e4 muutenkin kuin vain jouluna.\u201d<\/p>\n<p>Sillanp\u00e4\u00e4 sanoo halunneensa tuoda kappaleen ulos juuri ennen joulukiertuetta, joka kulkee samalla nimell\u00e4: Valo on meiss\u00e4.<\/p>\n<p>\u201dKappale toivottaa rauhaa ja l\u00e4mp\u00f6\u00e4 t\u00e4h\u00e4n loppuvuoteen ja muistuttaa, ett\u00e4 meist\u00e4 jokaisesta l\u00f6ytyy hyv\u00e4\u00e4, lohtua ja my\u00f6t\u00e4tuntuntoa.\u201d<\/p>\n<p><strong>Lue my\u00f6s: <\/strong><a href=\"https:\/\/www.tanssiin.fi\/laihian-kirkkoherra-puolustaa-jari-sillanpaata\/\" title=\"Laihian kirkkoherra puolustaa Jari Sillanp\u00e4\u00e4t\u00e4\" rel=\"nofollow noopener\" target=\"_blank\">Laihian kirkkoherra puolustaa Jari Sillanp\u00e4\u00e4t\u00e4<\/a><\/p>\n<p>\u201dKiihtyvi\u00e4 askeleita kohti pimenevi\u00e4 aikoja\u201d<\/p>\n<p>S\u00e4velt\u00e4j\u00e4- ja sanoittajatiimi,\u00a0<strong>Jarkko Niiranen<\/strong>\u00a0ja<strong>\u00a0Petri Somer<\/strong>\u00a0kertovat, ett\u00e4\u00a0Valo on meiss\u00e4 -kappaleen ajatus syntyi jo kymmenisen vuotta sitten.<\/p>\n<p>\u201dSilloin koimme maailman ottavan kiihtyvi\u00e4 askeleita kohti pimenevi\u00e4 aikoja. Laulu esitt\u00e4\u00e4 toiveikkaana kysymyksi\u00e4 valoisamman tulevaisuuden mahdollisuudesta\u201d, he toteavat.<\/p>\n<p>Jari Sillanp\u00e4\u00e4ll\u00e4 on takanaan mittava syksyinen\u00a030 vuotta estradilla\u00a0-juhlakonserttikiertue, ja nyt on aika siirty\u00e4 joulun tunnelmiin. 12 paikkakunnalla vieraileva\u00a0Valo on meiss\u00e4\u00a0-kiertue alkaa Raumalta 2. joulukuuta ja p\u00e4\u00e4ttyy Helsingin kulttuuritalolle 21.12.<\/p>\n<p>Konsertteja esitet\u00e4\u00e4n p\u00e4\u00e4osin konserttitaloissa, mutta my\u00f6s muutamassa kirkossa.<\/p>\n<p><strong>Lue my\u00f6s:<\/strong> <a href=\"https:\/\/www.tanssiin.fi\/haluatko-sillanpaan-sankyyn-jarin-herraskartano-palasi-myyntiin\/\" title=\"Haluatko Sillanp\u00e4\u00e4n s\u00e4nkyyn? Jarin herraskartano palasi myyntiin\" rel=\"nofollow noopener\" target=\"_blank\">Haluatko Sillanp\u00e4\u00e4n s\u00e4nkyyn? Jarin herraskartano palasi myyntiin<\/a><\/p>\n<p><strong>Jari Sillanp\u00e4\u00e4 \u2013 Valo on meiss\u00e4 -joulukonserttikiertue<\/strong><\/p>\n<p>02.12.RAUMA Rauma-sali<br \/>03.12. VARKAUS Warkaus-Sali<br \/>04.12. KIURUVESI<br \/>05.12. KUHMO Kuhmon Kelo<br \/>07.12. AURA, Auran Nuortentalo<br \/>10.12. KERAVA, Kerava-sali<br \/>12.12. HYVINK\u00c4\u00c4 Hyvink\u00e4\u00e4sali<br \/>13.12. YLIVIESKA Kulttuurikeskus Akustiikka<br \/>14.12. LIEKSA Lieksan kulttuurikeskus, Brahe-sali<br \/>17.12. LAIHIA, Laihian kirkko<br \/>18.12. SEIN\u00c4JOKI, Lakeuden risti<br \/>21.12. HELSINKI Kulttuuritalo<\/p>\n<p>(<a href=\"https:\/\/grafiitti.creamailer.fi\/ac4\/gAKH4FwZpsek\/zAv0LLQUMe7yC8ZMPu2VX\" target=\"_blank\" rel=\"noreferrer noopener nofollow\">Lippu.fi<\/a>\u00a0\/ Sein\u00e4joki ja Laihia\u00a0<a href=\"https:\/\/grafiitti.creamailer.fi\/ac4\/3Pmgj15E61W\/zAv0LLQUMe7yC8ZMPu2VX\" target=\"_blank\" rel=\"noreferrer noopener nofollow\">Netticket<\/a>)<\/p>\n<p><strong>KUUNTELE<\/strong> Jari Sillanp\u00e4\u00e4 Valo on meiss\u00e4 (s\u00e4v. Petri Somer, san. Jarkko Niiranen, sov. Petri Somer) 2025:<\/p>\n<p>Kirjoittanut:<br \/>\n<img loading=\"lazy\" data-lazyloaded=\"1\" width=\"512\" height=\"512\" decoding=\"async\" class=\"aioseo-author-image\" src=\"https:\/\/www.europesays.com\/fi\/wp-content\/uploads\/2025\/10\/cropped-tanssiin-logo.jpg\" alt=\"author avatar\"\/><\/p>\n<p>Tanssiin.fi<\/p>\n<p>\nTanssi- ja iskelm\u00e4musiikin uutiset asiantuntevasti.<\/p>\n<p><img loading=\"lazy\" decoding=\"async\" data-lazyloaded=\"1\" width=\"512\" height=\"512\" class=\"aioseo-author-bio-compact-image\" src=\"https:\/\/www.europesays.com\/fi\/wp-content\/uploads\/2025\/10\/cropped-tanssiin-logo.jpg\" alt=\"author avatar\"\/><br \/>\nTanssi- ja iskelm\u00e4musiikin uutiset asiantuntevasti.<\/p>\n<p>0%<br \/>\nHerkk\u00e4<\/p>\n<p>0%<br \/>\nHauska<\/p>\n<p>0%<br \/>\nVau<\/p>\n<p>0%<br \/>\nSurullinen<\/p>\n<p>0%<br \/>\nVihainen\n<\/p>\n<p>Post navigation<\/p>\n","protected":false},"excerpt":{"rendered":"Jari Sillanp\u00e4\u00e4 on viett\u00e4nyt t\u00e4n\u00e4 vuonna 2025 juhlavuotta. Jari juhli 60-vuotissyntym\u00e4p\u00e4ivi\u00e4\u00e4n elokuussa\u00a0ja hein\u00e4kuussa tuli kuluneeksi my\u00f6s 30 vuotta&hellip;\n","protected":false},"author":2,"featured_media":83426,"comment_status":"","ping_status":"","sticky":false,"template":"","format":"standard","meta":{"footnotes":""},"categories":[130],"tags":[137,33,31,30,3108,14805,8972,17233,5207,3829,1243,1244,8193,32,3111,4049,16,193,109],"class_list":{"0":"post-83425","1":"post","2":"type-post","3":"status-publish","4":"format-standard","5":"has-post-thumbnail","7":"category-viihde","8":"tag-entertainment","9":"tag-fi","10":"tag-finland","11":"tag-finnish","12":"tag-jari-sillanpaa","13":"tag-kappale","14":"tag-keikat","15":"tag-keikat-ja-kiertueet","16":"tag-kiertue","17":"tag-konsertti","18":"tag-musiikkivideo","19":"tag-single","20":"tag-sinkku","21":"tag-suomi","22":"tag-tangokuningas","23":"tag-tanssitahdet","24":"tag-uutiset","25":"tag-video","26":"tag-viihde"},"share_on_mastodon":{"url":"https:\/\/pubeurope.com\/@fi\/115507086277922313","error":""},"_links":{"self":[{"href":"https:\/\/www.europesays.com\/fi\/wp-json\/wp\/v2\/posts\/83425","targetHints":{"allow":["GET"]}}],"collection":[{"href":"https:\/\/www.europesays.com\/fi\/wp-json\/wp\/v2\/posts"}],"about":[{"href":"https:\/\/www.europesays.com\/fi\/wp-json\/wp\/v2\/types\/post"}],"author":[{"embeddable":true,"href":"https:\/\/www.europesays.com\/fi\/wp-json\/wp\/v2\/users\/2"}],"replies":[{"embeddable":true,"href":"https:\/\/www.europesays.com\/fi\/wp-json\/wp\/v2\/comments?post=83425"}],"version-history":[{"count":0,"href":"https:\/\/www.europesays.com\/fi\/wp-json\/wp\/v2\/posts\/83425\/revisions"}],"wp:featuredmedia":[{"embeddable":true,"href":"https:\/\/www.europesays.com\/fi\/wp-json\/wp\/v2\/media\/83426"}],"wp:attachment":[{"href":"https:\/\/www.europesays.com\/fi\/wp-json\/wp\/v2\/media?parent=83425"}],"wp:term":[{"taxonomy":"category","embeddable":true,"href":"https:\/\/www.europesays.com\/fi\/wp-json\/wp\/v2\/categories?post=83425"},{"taxonomy":"post_tag","embeddable":true,"href":"https:\/\/www.europesays.com\/fi\/wp-json\/wp\/v2\/tags?post=83425"}],"curies":[{"name":"wp","href":"https:\/\/api.w.org\/{rel}","templated":true}]}}