{"id":83514,"date":"2025-11-07T08:32:10","date_gmt":"2025-11-07T08:32:10","guid":{"rendered":"https:\/\/www.europesays.com\/fi\/83514\/"},"modified":"2025-11-07T08:32:10","modified_gmt":"2025-11-07T08:32:10","slug":"lumipula-vaivaa-levilla-ladut-kiinni","status":"publish","type":"post","link":"https:\/\/www.europesays.com\/fi\/83514\/","title":{"rendered":"Lumipula vaivaa Levill\u00e4 \u2013 ladut kiinni"},"content":{"rendered":"<p>S\u00e4\u00e4|L\u00e4mmin s\u00e4\u00e4 on pilannut kuukausi sitten avatun Levin ensilumen ladun.<\/p>\n<p>Lue tiivistelm\u00e4<\/p>\n<p>Tiivistelm\u00e4 on teko\u00e4lyn tekem\u00e4 ja ihmisen tarkistama.<\/p>\n<p class=\"article-body mb-nof-24 px-nof-16 sndp-summary-bullet-point-font\">Levin ensilumenlatu on suljettu l\u00e4mpim\u00e4n s\u00e4\u00e4n vuoksi, kertoo hiihtokeskus Levi verkkosivuillaan.<\/p>\n<p class=\"article-body mb-nof-24 px-nof-16 sndp-summary-bullet-point-font\">Lokakuun alussa avattu kahden kilometrin pituinen s\u00e4il\u00f6lumilatu on heikentynyt niin, ettei hiiht\u00e4mist\u00e4 voi suositella.<\/p>\n<p class=\"article-body mb-nof-24 px-nof-16 sndp-summary-bullet-point-font\">Kittil\u00e4n kunnan tiemestari Janne Heikkil\u00e4 pit\u00e4\u00e4 tilannetta poikkeuksellisena ja toteaa sen olevan kiusallista talvimatkailun kannalta.<\/p>\n<p class=\"article-body mb-nof-24 px-nof-16 sndp-summary-bullet-point-font\">Ensi viikolla odotetaan pakkasta, jolloin s\u00e4il\u00f6lumen tykitt\u00e4minen voidaan aloittaa uudelleen.<\/p>\n<p class=\"article-body mb-nof-24 px-nof-16\">Marraskuu on jo pitk\u00e4ll\u00e4, mutta talvea yh\u00e4 odotellaan my\u00f6s Pohjois-Suomessa.<\/p>\n<p class=\"article-body mb-nof-24 px-nof-16\">Pitk\u00e4 syksy ja ensilumen viiv\u00e4styminen ovat tehneet hallaa hiihtointoilijoille, jotka ovat matkustaneet Leville aikeenaan kiert\u00e4\u00e4 ensilumenlatua.<\/p>\n<p class=\"article-body mb-nof-24 px-nof-16\">Levin s\u00e4il\u00f6lumilatu avattiin jo 3. lokakuuta kahden kilometrin mittaisena, mutta t\u00e4ll\u00e4 viikolla Levi kertoi hiiht\u00e4jien kannalta murheellisen tiedon.<\/p>\n<p class=\"article-body mb-nof-24 px-nof-16\">\u201dS\u00e4il\u00f6lumiladun kunnossapito on valitettavasti keskeytetty l\u00e4mpim\u00e4n s\u00e4\u00e4n vuoksi. Odotamme luonnonlumen saapumista, jolloin ladun kunnostus jatkuu\u201d, Levin <a class=\"article-genericlink\" href=\"https:\/\/www.levi.fi\/laskettelu-ja-hiihto\/maastohiihto\/\" rel=\"nofollow noopener\" target=\"_blank\">verkkosivuilla <\/a>kirjoitetaan.<\/p>\n<p class=\"article-body mb-nof-24 px-nof-16\">Kunnossapidon lopettaminen on luonnollisesti vaikuttanut ladun kuntoon. Suomen latujen kunnosta raportoiva Facebook-sivu <a class=\"article-genericlink\" href=\"https:\/\/www.facebook.com\/Latutilanne\/?locale=fi_FI\" rel=\"nofollow noopener\" target=\"_blank\">Latutilanne <\/a>kertoo Levin tilanteeksi \u201dei voi suositella hiiht\u00e4mist\u00e4\u201d.<\/p>\n<p class=\"article-body mb-nof-24 px-nof-16\">Alueen laduista vastaava Kittil\u00e4n kunnan tiemestari <a class=\"article-personlink\" href=\"https:\/\/www.hs.fi\/haku\/?query=Janne%20Heikkil%C3%A4\" rel=\"nofollow noopener\" target=\"_blank\">Janne Heikkil\u00e4<\/a> ei ole ehtinyt viime p\u00e4ivin\u00e4 paikan p\u00e4\u00e4lle tarkistamaan ladun kuntoa, mutta ep\u00e4ilee l\u00e4mpim\u00e4n s\u00e4\u00e4n ohentaneen ladun s\u00e4il\u00f6lumipeitett\u00e4 paikoin siin\u00e4 m\u00e4\u00e4rin, ettei hiiht\u00e4minen oikein luonnistu.<\/p>\n<p class=\"article-body mb-nof-24 px-nof-16\">\u201dViikko sitten siell\u00e4 oli viel\u00e4 ihan hyvinkin hiiht\u00e4ji\u00e4\u201d, Heikkil\u00e4 sanoo.<\/p>\n<p class=\"article-body mb-nof-24 px-nof-16\">Syksy oli pitk\u00e4 my\u00f6s viime vuonna, mutta n\u00e4in heikkoa lumitilannetta Kittil\u00e4n leveyspiireill\u00e4 voi silti pit\u00e4\u00e4 poikkeuksellisena. Tilanne on my\u00f6s kiusallinen, sill\u00e4 talvimatkailu on alueelle t\u00e4rke\u00e4 elinkeino.<\/p>\n<p class=\"article-body mb-nof-24 px-nof-16\">\u201dHyvin harvinaista t\u00e4llainen on. Toinen vuosi putkeen jo t\u00e4llainen pitk\u00e4 syksy. Mutta eik\u00f6h\u00e4n t\u00e4m\u00e4 t\u00e4st\u00e4 vuosien varrella tasoitu, en usko ett\u00e4 talvet yht\u00e4kki\u00e4 ovat aina t\u00e4llaisia. Toissa vuonna oli jo lokakuun puolella t\u00e4ysi talvi t\u00e4\u00e4ll\u00e4\u201d, Heikkil\u00e4 linjaa.<\/p>\n<p class=\"article-body mb-nof-24 px-nof-16\">Heikkil\u00e4 toimii tiemestarin pestiss\u00e4\u00e4n vasta kolmatta vuotta, mutta pohjoisen talvia on vy\u00f6ll\u00e4 runsaasti. Kovin usein ensilumia ei ole tarvinnut n\u00e4in kauan odottaa.<\/p>\n<p class=\"article-body mb-nof-24 px-nof-16\">\u201dAiemmin olin t\u00f6iss\u00e4 rakennusalalla. Kyll\u00e4 silloin aika s\u00e4\u00e4nn\u00f6nmukaisesti loka\u2013marraskuun vaihteessa pantiin ty\u00f6maat kiinni. V\u00e4h\u00e4lumisia talvisia muistan nuoruudestani, mutta ensilumen tippuminen n\u00e4in my\u00f6h\u00e4\u00e4n on harvinaista.\u201d<\/p>\n<p><img decoding=\"async\" src=\"https:\/\/www.europesays.com\/fi\/wp-content\/uploads\/2025\/11\/1762445349_628_468.jpg\" alt=\"Levill\u00e4 ei ole lunta.\" class=\"_Img_1rerz_1\" style=\"aspect-ratio:1.5011727912431587\" loading=\"eager\"\/><\/p>\n<p class=\"article-picture-caption\">Levill\u00e4 ei ole lunta. Kuva:\u00a0Pete Aarre-Ahtio \/ IS<\/p>\n<p class=\"article-body mb-nof-24 px-nof-16\">Heikkil\u00e4 ei ole havainnut, ett\u00e4 kylill\u00e4 liikkuisi erityisen paljon keliin pettyneit\u00e4 turisteja. Siit\u00e4 huolimatta, ett\u00e4 t\u00e4h\u00e4n aikaan vuodesta turistit tapaavat matkustaa Lappiin nimenomaan lumen ja talven per\u00e4ss\u00e4.<\/p>\n<p class=\"article-body mb-nof-24 px-nof-16\">\u201dEn ole viime p\u00e4ivin\u00e4 joutanut maastoutumaan niin paljon, ett\u00e4 olisin n\u00e4hnyt. Eik\u00e4 ole tullut palautettakaan siin\u00e4 m\u00e4\u00e4rin kuin vuosi sitten. Silloin sit\u00e4 tuli kyll\u00e4 niin sanotusti kaikista tuuteista. Tosin en tied\u00e4, mit\u00e4 somen puolella on kirjoitettu, kun en siell\u00e4 k\u00e4y.\u201d<\/p>\n<p class=\"article-body mb-nof-24 px-nof-16\">Viime vuonna kritiikki\u00e4 aiheutti sekin, ett\u00e4 ensilumenlatu oli melko lyhyt. Nyt sen mittaa on kasvatettu kahteen kilometriin. Toisaalta vuosi sitten oli tuoreessa muistissa sit\u00e4 edellinen syksy, jolloin talvi oli t\u00e4ysi talvi jo lokakuun lopulla.<\/p>\n<p class=\"article-body mb-nof-24 px-nof-16\">\u201dKontrasti edelliseen vuoteen oli silloin tosi iso.\u201d<\/p>\n<p class=\"article-body mb-nof-24 px-nof-16\">S\u00e4\u00e4ennusteet aiheuttavat Kittil\u00e4ss\u00e4 toiveikkuutta. Heikkil\u00e4n mukaan ensi viikolla on luvattu jo pakkasta, jolloin ainakin s\u00e4il\u00f6lumen tykitt\u00e4minen taas onnistuu. Kev\u00e4\u00e4n lunta on s\u00e4il\u00f6ss\u00e4 viel\u00e4 hyv\u00e4 m\u00e4\u00e4r\u00e4.<\/p>\n<p class=\"article-body mb-nof-24 px-nof-16\">\u201dToivotaan, ett\u00e4 talvi alkaa. Lumeksi on huono muuttua, joten ei auta kuin odotella ett\u00e4 yl\u00e4kerran is\u00e4nt\u00e4 alkaa sit\u00e4 jossain vaiheessa lappamaan.\u201d<\/p>\n","protected":false},"excerpt":{"rendered":"S\u00e4\u00e4|L\u00e4mmin s\u00e4\u00e4 on pilannut kuukausi sitten avatun Levin ensilumen ladun. Lue tiivistelm\u00e4 Tiivistelm\u00e4 on teko\u00e4lyn tekem\u00e4 ja ihmisen&hellip;\n","protected":false},"author":2,"featured_media":83515,"comment_status":"","ping_status":"","sticky":false,"template":"","format":"standard","meta":{"footnotes":""},"categories":[158],"tags":[33,31,30,46,159,32,160],"class_list":{"0":"post-83514","1":"post","2":"type-post","3":"status-publish","4":"format-standard","5":"has-post-thumbnail","7":"category-urheilu","8":"tag-fi","9":"tag-finland","10":"tag-finnish","11":"tag-helsingin-sanomat","12":"tag-sports","13":"tag-suomi","14":"tag-urheilu"},"share_on_mastodon":{"url":"https:\/\/pubeurope.com\/@fi\/115507491410435374","error":""},"_links":{"self":[{"href":"https:\/\/www.europesays.com\/fi\/wp-json\/wp\/v2\/posts\/83514","targetHints":{"allow":["GET"]}}],"collection":[{"href":"https:\/\/www.europesays.com\/fi\/wp-json\/wp\/v2\/posts"}],"about":[{"href":"https:\/\/www.europesays.com\/fi\/wp-json\/wp\/v2\/types\/post"}],"author":[{"embeddable":true,"href":"https:\/\/www.europesays.com\/fi\/wp-json\/wp\/v2\/users\/2"}],"replies":[{"embeddable":true,"href":"https:\/\/www.europesays.com\/fi\/wp-json\/wp\/v2\/comments?post=83514"}],"version-history":[{"count":0,"href":"https:\/\/www.europesays.com\/fi\/wp-json\/wp\/v2\/posts\/83514\/revisions"}],"wp:featuredmedia":[{"embeddable":true,"href":"https:\/\/www.europesays.com\/fi\/wp-json\/wp\/v2\/media\/83515"}],"wp:attachment":[{"href":"https:\/\/www.europesays.com\/fi\/wp-json\/wp\/v2\/media?parent=83514"}],"wp:term":[{"taxonomy":"category","embeddable":true,"href":"https:\/\/www.europesays.com\/fi\/wp-json\/wp\/v2\/categories?post=83514"},{"taxonomy":"post_tag","embeddable":true,"href":"https:\/\/www.europesays.com\/fi\/wp-json\/wp\/v2\/tags?post=83514"}],"curies":[{"name":"wp","href":"https:\/\/api.w.org\/{rel}","templated":true}]}}