{"id":83561,"date":"2025-11-07T09:27:10","date_gmt":"2025-11-07T09:27:10","guid":{"rendered":"https:\/\/www.europesays.com\/fi\/83561\/"},"modified":"2025-11-07T09:27:10","modified_gmt":"2025-11-07T09:27:10","slug":"myyrakannat-kasvussa-pohjois-pohjanmaalla-myyrakuumeriski-on-suuri-etenkin-loppusyksylla","status":"publish","type":"post","link":"https:\/\/www.europesays.com\/fi\/83561\/","title":{"rendered":"Myyr\u00e4kannat kasvussa Pohjois-Pohjanmaalla \u2013 Myyr\u00e4kuumeriski on suuri etenkin loppusyksyll\u00e4"},"content":{"rendered":"<p>\n Myyr\u00e4kannat ovat kasvussa Pohjois-Pohjanmaalla ja ensi vuodelle odotetaan myyr\u00e4huippua.\n <\/p>\n<p>\n Luonnonvarakeskuksen (Luke) seurantojen perusteella suurimmassa osassa Pohjois-Pohjanmaata, Keski-Pohjanmaalla, Kainuussa ja Lounais-Suomessa myyr\u00e4kannat, etenkin mets\u00e4myyr\u00e4t, ovat runsastuneet selv\u00e4sti viime kes\u00e4n aikana.\n <\/p>\n<p class=\"article__paragraph\">\n Myyri\u00e4 tavataan maastossa t\u00e4ll\u00e4 hetkell\u00e4 kohtalaisesti, ja kaikilla n\u00e4ill\u00e4 alueilla on Luken ennusteen mukaan odotettavissa myyr\u00e4huippu syksyll\u00e4 2026.<\/p>\n","protected":false},"excerpt":{"rendered":"Myyr\u00e4kannat ovat kasvussa Pohjois-Pohjanmaalla ja ensi vuodelle odotetaan myyr\u00e4huippua. Luonnonvarakeskuksen (Luke) seurantojen perusteella suurimmassa osassa Pohjois-Pohjanmaata, Keski-Pohjanmaalla, Kainuussa&hellip;\n","protected":false},"author":2,"featured_media":83562,"comment_status":"","ping_status":"","sticky":false,"template":"","format":"standard","meta":{"footnotes":""},"categories":[112],"tags":[33,31,30,118,32,119],"class_list":{"0":"post-83561","1":"post","2":"type-post","3":"status-publish","4":"format-standard","5":"has-post-thumbnail","7":"category-tiede","8":"tag-fi","9":"tag-finland","10":"tag-finnish","11":"tag-science","12":"tag-suomi","13":"tag-tiede"},"share_on_mastodon":{"url":"https:\/\/pubeurope.com\/@fi\/115507707401277576","error":""},"_links":{"self":[{"href":"https:\/\/www.europesays.com\/fi\/wp-json\/wp\/v2\/posts\/83561","targetHints":{"allow":["GET"]}}],"collection":[{"href":"https:\/\/www.europesays.com\/fi\/wp-json\/wp\/v2\/posts"}],"about":[{"href":"https:\/\/www.europesays.com\/fi\/wp-json\/wp\/v2\/types\/post"}],"author":[{"embeddable":true,"href":"https:\/\/www.europesays.com\/fi\/wp-json\/wp\/v2\/users\/2"}],"replies":[{"embeddable":true,"href":"https:\/\/www.europesays.com\/fi\/wp-json\/wp\/v2\/comments?post=83561"}],"version-history":[{"count":0,"href":"https:\/\/www.europesays.com\/fi\/wp-json\/wp\/v2\/posts\/83561\/revisions"}],"wp:featuredmedia":[{"embeddable":true,"href":"https:\/\/www.europesays.com\/fi\/wp-json\/wp\/v2\/media\/83562"}],"wp:attachment":[{"href":"https:\/\/www.europesays.com\/fi\/wp-json\/wp\/v2\/media?parent=83561"}],"wp:term":[{"taxonomy":"category","embeddable":true,"href":"https:\/\/www.europesays.com\/fi\/wp-json\/wp\/v2\/categories?post=83561"},{"taxonomy":"post_tag","embeddable":true,"href":"https:\/\/www.europesays.com\/fi\/wp-json\/wp\/v2\/tags?post=83561"}],"curies":[{"name":"wp","href":"https:\/\/api.w.org\/{rel}","templated":true}]}}