{"id":83588,"date":"2025-11-07T10:03:17","date_gmt":"2025-11-07T10:03:17","guid":{"rendered":"https:\/\/www.europesays.com\/fi\/83588\/"},"modified":"2025-11-07T10:03:17","modified_gmt":"2025-11-07T10:03:17","slug":"vaitos-ymparisto-ja-meribiologian-alalta-4","status":"publish","type":"post","link":"https:\/\/www.europesays.com\/fi\/83588\/","title":{"rendered":"V\u00e4it\u00f6s ymp\u00e4rist\u00f6 ja meribiologian alalta"},"content":{"rendered":"<p class=\"\">FM<strong> Floriaan Eveleens Maarse<\/strong> v\u00e4ittelee ymp\u00e4rist\u00f6 ja meribiologian alalta v\u00e4it\u00f6skirjalla <strong>From macrophytobenthos to invertebrates: community responses across coastal habitats in the northern Baltic Sea.<\/strong><\/p>\n<p class=\"\">Vastav\u00e4itt\u00e4n\u00e4 toimii professori<strong> Georg Martin<\/strong> Tartu yliopisto, Tartu, Eesti, ja kustoksena vanhempi yliopistonlehtori <strong>Martin Snickars<\/strong>, \u00c5bo Akademi.<\/p>\n<p class=\"\">V\u00e4it\u00f6stilaisuutta voi <a href=\"https:\/\/utu.zoom.us\/j\/61628649273\" rel=\"nofollow noopener\" target=\"_blank\">seurata et\u00e4n\u00e4<\/a> <\/p>\n<p class=\"\">V\u00e4it\u00f6skirjaa on luettavissa \u00c5bo Akademin <strong><a href=\"https:\/\/www.doria.fi\/handle\/10024\/193464\" rel=\"nofollow noopener\" target=\"_blank\">julkaisuarkistossa Doriassa<\/a><\/strong> <\/p>\n","protected":false},"excerpt":{"rendered":"FM Floriaan Eveleens Maarse v\u00e4ittelee ymp\u00e4rist\u00f6 ja meribiologian alalta v\u00e4it\u00f6skirjalla From macrophytobenthos to invertebrates: community responses across coastal&hellip;\n","protected":false},"author":2,"featured_media":73523,"comment_status":"","ping_status":"","sticky":false,"template":"","format":"standard","meta":{"footnotes":""},"categories":[113],"tags":[446,33,31,30,118,32,119,447],"class_list":{"0":"post-83588","1":"post","2":"type-post","3":"status-publish","4":"format-standard","5":"has-post-thumbnail","7":"category-ymparisto","8":"tag-environment","9":"tag-fi","10":"tag-finland","11":"tag-finnish","12":"tag-science","13":"tag-suomi","14":"tag-tiede","15":"tag-ymparisto"},"share_on_mastodon":{"url":"https:\/\/pubeurope.com\/@fi\/115507848978544505","error":""},"_links":{"self":[{"href":"https:\/\/www.europesays.com\/fi\/wp-json\/wp\/v2\/posts\/83588","targetHints":{"allow":["GET"]}}],"collection":[{"href":"https:\/\/www.europesays.com\/fi\/wp-json\/wp\/v2\/posts"}],"about":[{"href":"https:\/\/www.europesays.com\/fi\/wp-json\/wp\/v2\/types\/post"}],"author":[{"embeddable":true,"href":"https:\/\/www.europesays.com\/fi\/wp-json\/wp\/v2\/users\/2"}],"replies":[{"embeddable":true,"href":"https:\/\/www.europesays.com\/fi\/wp-json\/wp\/v2\/comments?post=83588"}],"version-history":[{"count":0,"href":"https:\/\/www.europesays.com\/fi\/wp-json\/wp\/v2\/posts\/83588\/revisions"}],"wp:featuredmedia":[{"embeddable":true,"href":"https:\/\/www.europesays.com\/fi\/wp-json\/wp\/v2\/media\/73523"}],"wp:attachment":[{"href":"https:\/\/www.europesays.com\/fi\/wp-json\/wp\/v2\/media?parent=83588"}],"wp:term":[{"taxonomy":"category","embeddable":true,"href":"https:\/\/www.europesays.com\/fi\/wp-json\/wp\/v2\/categories?post=83588"},{"taxonomy":"post_tag","embeddable":true,"href":"https:\/\/www.europesays.com\/fi\/wp-json\/wp\/v2\/tags?post=83588"}],"curies":[{"name":"wp","href":"https:\/\/api.w.org\/{rel}","templated":true}]}}