{"id":83599,"date":"2025-11-07T10:18:08","date_gmt":"2025-11-07T10:18:08","guid":{"rendered":"https:\/\/www.europesays.com\/fi\/83599\/"},"modified":"2025-11-07T10:18:08","modified_gmt":"2025-11-07T10:18:08","slug":"tuberkuloosiparantoloissa-etsittiin-itseaan-rakastuttiin-ja-rakasteltiin-uusi-kotimainen-dokumenttielokuva-sai-ensi-iltansa-keski-suomi","status":"publish","type":"post","link":"https:\/\/www.europesays.com\/fi\/83599\/","title":{"rendered":"Tuberkuloosiparantoloissa etsittiin itse\u00e4\u00e4n, rakastuttiin ja rakasteltiin \u2013\u2009uusi kotimainen dokumenttielokuva sai ensi-iltansa | Keski-Suomi"},"content":{"rendered":"<p>Kotimainen dokumenttielokuva tuberkuloosista vuonna 2025? Ajatus voi tuntua kaukaiselta maassa, jossa tappava keuhkosairaus on l\u00e4hes voitettu ja entiset parantolat rapistuvat tyhjill\u00e4\u00e4n.<\/p>\n<p>Lent\u00e4v\u00e4 kuolema -elokuvan ohjaajat <strong>Nina Forsman<\/strong> ja <strong>Sakari Suuronen<\/strong> kuitenkin tiet\u00e4v\u00e4t, kuinka moni suku kantaa edelleen pelon ja vaikenemisen ylisukupolvista taakkaa.<\/p>\n<p>\u2013\u2009Tapasimme kahvilla koronarajoituksien aikaan, kun asia tuli ensimm\u00e4isen kerran puheeksi. Ty\u00f6stimme silloin yhdess\u00e4 aivan toista elokuvaa, muistelee Forsman.<\/p>\n<p>\u2013\u2009Toinen meist\u00e4 sanoi: \u201dM\u00e4 olen miettinyt elokuvaa tuberkuloosista.\u201d Toinen vastasi siihen: \u201dNiin m\u00e4kin.\u201d Toinen sanoi: \u201dMun \u00e4idill\u00e4ni on tuberkuloositarina.\u201d Toinen sanoi: \u201dMunkin \u00e4idill\u00e4 on.\u201d P\u00e4\u00e4timme sitten, ett\u00e4 emme ala tehd\u00e4 kilpailevia elokuvia, vaan teemme t\u00e4m\u00e4n yhdess\u00e4, nauraa Forsman.<\/p>\n","protected":false},"excerpt":{"rendered":"Kotimainen dokumenttielokuva tuberkuloosista vuonna 2025? Ajatus voi tuntua kaukaiselta maassa, jossa tappava keuhkosairaus on l\u00e4hes voitettu ja entiset&hellip;\n","protected":false},"author":2,"featured_media":83600,"comment_status":"","ping_status":"","sticky":false,"template":"","format":"standard","meta":{"footnotes":""},"categories":[130],"tags":[137,33,31,30,379,2433,108,7082,1132,32,2107,109],"class_list":{"0":"post-83599","1":"post","2":"type-post","3":"status-publish","4":"format-standard","5":"has-post-thumbnail","7":"category-viihde","8":"tag-entertainment","9":"tag-fi","10":"tag-finland","11":"tag-finnish","12":"tag-kirjallisuus","13":"tag-koronakuolema","14":"tag-kulttuuri","15":"tag-kulttuuriala","16":"tag-kuopio","17":"tag-suomi","18":"tag-vapaa-aika","19":"tag-viihde"},"share_on_mastodon":{"url":"https:\/\/pubeurope.com\/@fi\/115507908004078762","error":""},"_links":{"self":[{"href":"https:\/\/www.europesays.com\/fi\/wp-json\/wp\/v2\/posts\/83599","targetHints":{"allow":["GET"]}}],"collection":[{"href":"https:\/\/www.europesays.com\/fi\/wp-json\/wp\/v2\/posts"}],"about":[{"href":"https:\/\/www.europesays.com\/fi\/wp-json\/wp\/v2\/types\/post"}],"author":[{"embeddable":true,"href":"https:\/\/www.europesays.com\/fi\/wp-json\/wp\/v2\/users\/2"}],"replies":[{"embeddable":true,"href":"https:\/\/www.europesays.com\/fi\/wp-json\/wp\/v2\/comments?post=83599"}],"version-history":[{"count":0,"href":"https:\/\/www.europesays.com\/fi\/wp-json\/wp\/v2\/posts\/83599\/revisions"}],"wp:featuredmedia":[{"embeddable":true,"href":"https:\/\/www.europesays.com\/fi\/wp-json\/wp\/v2\/media\/83600"}],"wp:attachment":[{"href":"https:\/\/www.europesays.com\/fi\/wp-json\/wp\/v2\/media?parent=83599"}],"wp:term":[{"taxonomy":"category","embeddable":true,"href":"https:\/\/www.europesays.com\/fi\/wp-json\/wp\/v2\/categories?post=83599"},{"taxonomy":"post_tag","embeddable":true,"href":"https:\/\/www.europesays.com\/fi\/wp-json\/wp\/v2\/tags?post=83599"}],"curies":[{"name":"wp","href":"https:\/\/api.w.org\/{rel}","templated":true}]}}