{"id":83658,"date":"2025-11-07T11:40:07","date_gmt":"2025-11-07T11:40:07","guid":{"rendered":"https:\/\/www.europesays.com\/fi\/83658\/"},"modified":"2025-11-07T11:40:07","modified_gmt":"2025-11-07T11:40:07","slug":"moskovan-ilmapuolustus-ohitettiin-verkkouutiset","status":"publish","type":"post","link":"https:\/\/www.europesays.com\/fi\/83658\/","title":{"rendered":"Moskovan ilmapuolustus ohitettiin | Verkkouutiset"},"content":{"rendered":"<p class=\"ai-optimize-6 ai-optimize-introduction\">Ven\u00e4l\u00e4issyntyinen tutkija ja toimittaja <strong>Sergei Sumlenny<\/strong> arvioi Kremlin olevan paniikissa Ukrainan tekemien kaukoiskujen seurauksena. H\u00e4n viittaa tietoihin uusista evakuointisuunnitelmista ja pelon levi\u00e4misest\u00e4 <strong>Vladimir Putinin<\/strong> sis\u00e4piiriss\u00e4.<\/p>\n<p class=\"ai-optimize-7\">Ven\u00e4j\u00e4n ilmatorjunta ei ole pystynyt torjumaan kaikkia pitk\u00e4n kantaman drooneja edes \u00f6ljynjalostamoiden, lentotukikohtien ja p\u00e4\u00e4kaupungin kaltaisten kohteiden yll\u00e4.<\/p>\n<p class=\"ai-optimize-8\">Sergei Sumlennyn mukaan vaikuttaa silt\u00e4, ett\u00e4 Moskovan turvaksi on vedetty kaikki mahdolliset ilmatorjuntaj\u00e4rjestelm\u00e4t. Niist\u00e4 on pulaa rintamatarpeiden ja eri puolille maata kohdistuvien droonihy\u00f6kk\u00e4ysten vuoksi.<\/p>\n<p class=\"ai-optimize-8\">Moskovaa kohti on toistaiseksi l\u00e4hetetty huomattavasti pienempi m\u00e4\u00e4r\u00e4 lennokkeja verrattuna Kiovaa vastaan tehtyihin ilmahy\u00f6kk\u00e4yksiin.<\/p>\n<p class=\"ai-optimize-9\">\u2013 Ei ole liioiteltua sanoa, ett\u00e4 Kreml on paniikissa Ukrainan drooneista. Koska jopa suhteellisen pieni m\u00e4\u00e4r\u00e4 ohjuksia ja drooneja aiheuttaa paljon harmia \u00f6ljynjalostamoille, infrastruktuurille ja sotilaskohteille. Joiltakin alueilta Ven\u00e4j\u00e4ll\u00e4 on jo loppunut \u00f6ljy ja maakaasu, tai s\u00e4hk\u00f6t ovat poikki, Sergei Sumlenny sanoi <a href=\"https:\/\/www.youtube.com\/watch?v=BbnOitOWYQs\" target=\"_blank\" rel=\"noopener nofollow\">Kyiv Postin<\/a> keskustelussa.<\/p>\n<p class=\"ai-optimize-6\">T\u00e4m\u00e4n voi suhteuttaa siihen, ett\u00e4 meneill\u00e4\u00e4n on jo nelj\u00e4s vuosi sodassa, jonka Vladimir Putin luuli olevan ohi muutamassa vuorokaudessa.<\/p>\n<p class=\"ai-optimize-6\">Lokakuun lopulla Moskovan alueella tapahtui laaja s\u00e4hk\u00f6katko. Asukkaat julkaisivat Telegram-kanavilla kuvia ja videoita pimeist\u00e4 kaduista. Viranomaiset eiv\u00e4t kertoneet tarkemmin h\u00e4iri\u00f6n syyst\u00e4, mutta Moskovan pormestari <strong>Sergei Sobjanin<\/strong> oli kertonut ilmatorjunnan tuhonneen ainakin yhden kaupunkia l\u00e4hestyneist\u00e4 drooneista.<\/p>\n<p class=\"ai-optimize-7\"><a href=\"https:\/\/newsukraine.rbc.ua\/news\/moscow-region-blackout-residents-capture-1761950409.html\" target=\"_blank\" rel=\"noopener nofollow\">RBC<\/a>-median mukaan lennokkien kohteena olivat energialaitokset useilla eri alueilla. On mahdollista, ett\u00e4 s\u00e4hk\u00f6infrastruktuurin vaurioituminen aiheutti laajemman h\u00e4iri\u00f6n s\u00e4hk\u00f6njakeluun Moskovan alueella.<\/p>\n<p class=\"ai-optimize-6\">Rintamalla vieraillut Sergei Sumlenny arvioi tilanteen olevan monin paikoin vaikea Ukrainan kannalta, mutta ven\u00e4l\u00e4isjoukkojen eteneminen on ollut eritt\u00e4in hidasta ja tappiot korkeita. Droonien laajamittainen k\u00e4ytt\u00f6 on ratkaisevan t\u00e4rke\u00e4\u00e4 puolustustaistelun kannalta.<\/p>\n<p class=\"ai-optimize-7\">\u2013 Pokrovskissa 1 500 Ukrainan sotilaalla on vastassaan 17 000 ven\u00e4l\u00e4issotilasta. Mutta ven\u00e4l\u00e4iset eiv\u00e4t ole viel\u00e4k\u00e4\u00e4n saaneet kaupunkia haltuunsa, mik\u00e4 on melko ihmeellist\u00e4. Ja er\u00e4s syy t\u00e4h\u00e4n ovat juurikin droonit, Sumlenny sanoo.<\/p>\n","protected":false},"excerpt":{"rendered":"Ven\u00e4l\u00e4issyntyinen tutkija ja toimittaja Sergei Sumlenny arvioi Kremlin olevan paniikissa Ukrainan tekemien kaukoiskujen seurauksena. H\u00e4n viittaa tietoihin uusista&hellip;\n","protected":false},"author":2,"featured_media":83659,"comment_status":"","ping_status":"","sticky":false,"template":"","format":"standard","meta":{"footnotes":""},"categories":[14],"tags":[22,23,26,27,33,31,30,17,24,25,28,29,15,18,21,32,19,20,56,16,987,59,60,61],"class_list":{"0":"post-83658","1":"post","2":"type-post","3":"status-publish","4":"format-standard","5":"has-post-thumbnail","7":"category-ulkomaat","8":"tag-breaking-news","9":"tag-breakingnews","10":"tag-featured-news","11":"tag-featurednews","12":"tag-fi","13":"tag-finland","14":"tag-finnish","15":"tag-headlines","16":"tag-latest-news","17":"tag-latestnews","18":"tag-main-news","19":"tag-mainnews","20":"tag-news","21":"tag-otsikot","22":"tag-paauutiset","23":"tag-suomi","24":"tag-top-stories","25":"tag-topstories","26":"tag-ulkomaat","27":"tag-uutiset","28":"tag-venajan-hyokkays","29":"tag-world","30":"tag-world-news","31":"tag-worldnews"},"share_on_mastodon":{"url":"https:\/\/pubeurope.com\/@fi\/115508230535813474","error":""},"_links":{"self":[{"href":"https:\/\/www.europesays.com\/fi\/wp-json\/wp\/v2\/posts\/83658","targetHints":{"allow":["GET"]}}],"collection":[{"href":"https:\/\/www.europesays.com\/fi\/wp-json\/wp\/v2\/posts"}],"about":[{"href":"https:\/\/www.europesays.com\/fi\/wp-json\/wp\/v2\/types\/post"}],"author":[{"embeddable":true,"href":"https:\/\/www.europesays.com\/fi\/wp-json\/wp\/v2\/users\/2"}],"replies":[{"embeddable":true,"href":"https:\/\/www.europesays.com\/fi\/wp-json\/wp\/v2\/comments?post=83658"}],"version-history":[{"count":0,"href":"https:\/\/www.europesays.com\/fi\/wp-json\/wp\/v2\/posts\/83658\/revisions"}],"wp:featuredmedia":[{"embeddable":true,"href":"https:\/\/www.europesays.com\/fi\/wp-json\/wp\/v2\/media\/83659"}],"wp:attachment":[{"href":"https:\/\/www.europesays.com\/fi\/wp-json\/wp\/v2\/media?parent=83658"}],"wp:term":[{"taxonomy":"category","embeddable":true,"href":"https:\/\/www.europesays.com\/fi\/wp-json\/wp\/v2\/categories?post=83658"},{"taxonomy":"post_tag","embeddable":true,"href":"https:\/\/www.europesays.com\/fi\/wp-json\/wp\/v2\/tags?post=83658"}],"curies":[{"name":"wp","href":"https:\/\/api.w.org\/{rel}","templated":true}]}}