{"id":83660,"date":"2025-11-07T11:41:09","date_gmt":"2025-11-07T11:41:09","guid":{"rendered":"https:\/\/www.europesays.com\/fi\/83660\/"},"modified":"2025-11-07T11:41:09","modified_gmt":"2025-11-07T11:41:09","slug":"kuopion-hemingwaysin-ravintolapaallikoksi-tuttu-nimi-savo","status":"publish","type":"post","link":"https:\/\/www.europesays.com\/fi\/83660\/","title":{"rendered":"Kuopion Hemingway&#8217;sin ravintolap\u00e4\u00e4llik\u00f6ksi tuttu nimi | Savo"},"content":{"rendered":"<p>Kuopioon avattavan uuden Hemingway&#8217;s pubin ravintolap\u00e4\u00e4llik\u00f6ksi on valittu kuopiolaisille tuttu nimi. Tulikuuma Kumpu tiedottaa nimitt\u00e4neens\u00e4 <strong>Mika Kilpel\u00e4isen<\/strong> uuden ravintolan ravintolap\u00e4\u00e4llik\u00f6ksi. Kilpel\u00e4inen aloittaa teht\u00e4v\u00e4ss\u00e4\u00e4n saman tien.<\/p>\n<p>Kilpel\u00e4inen tuli monille tutuksi olut- ja viiniravintola Maljan yritt\u00e4j\u00e4n\u00e4. Malja sulki ovensa yll\u00e4tt\u00e4en t\u00e4m\u00e4n vuoden huhtikuussa taloudellisiin vaikeuksiin vedoten.<\/p>\n<p>\u2013\u2009Pyyhi se ravintolap\u00e4\u00e4llikk\u00f6 siit\u00e4, kyll\u00e4 t\u00e4h\u00e4n l\u00e4hdet\u00e4\u00e4n talonmiehen syd\u00e4mell\u00e4 ja asenteella. Hemingway&#8217;siin tuon sen, mink\u00e4 osaan parhaiten, eli ihmisten n\u00e4k\u00f6ist\u00e4 aitoa tekemist\u00e4, l\u00e4sn\u00e4oloa ja pelekkee rakkautta, lyhytt\u00e4 sapattia ravintolatoiminnasta pit\u00e4nyt Kilpel\u00e4inen sanoo tiedotteessa.<\/p>\n<p><strong class=\"diks-storyline__impact\">Hemingway&#8217;s avataan<\/strong> entisen Bar Nousun tiloihin K\u00e4sity\u00f6kadun ja Kauppakadun kulmaukseen 21. marraskuuta. Valtakunnallisen pubiketjun omistava Tulikuuma Kumpu on kertonut, ett\u00e4 Kuopiossa ravintolan konsepti eroaa muista kaupungeista. Pubitarjonnan rinnalle tulee viikonloppuisin disco ja karaoke.<\/p>\n<p>Kilpel\u00e4inen keskittyy ensit\u00f6in\u00e4\u00e4n Hemingway&#8217;sin hengen ja asiakaskokemuksen linjaamiseen. Tavoitteena on, ett\u00e4 ravintola tuntuu alusta saakka omalta paikalta niille, jotka ovat tottuneet Kilpel\u00e4isen tyyliin Kauppakadulla.<\/p>\n<p><strong class=\"diks-storyline__impact\">Tulikuuma Kumpu <\/strong>on vuonna 2011 Lepp\u00e4virralla perustettu ravintola-alan yritys, jolla on ravintoloita yli kahdellakymmenell\u00e4 paikkakunnalla ymp\u00e4ri Suomen.<\/p>\n<p>\t\t\t\t\t<img class=\"diks-card__image\" src=\"https:\/\/www.europesays.com\/fi\/wp-content\/uploads\/2025\/11\/8211776.jpg\"   loading=\"lazy\" decoding=\"sync\" alt=\"\"\/><\/p>\n<p>\t\t\t\t\t<img class=\"diks-card__image\" src=\"https:\/\/www.europesays.com\/fi\/wp-content\/uploads\/2025\/11\/Image (1).jpg\"   loading=\"lazy\" decoding=\"sync\" alt=\"\"\/><\/p>\n","protected":false},"excerpt":{"rendered":"Kuopioon avattavan uuden Hemingway&#8217;s pubin ravintolap\u00e4\u00e4llik\u00f6ksi on valittu kuopiolaisille tuttu nimi. Tulikuuma Kumpu tiedottaa nimitt\u00e4neens\u00e4 Mika Kilpel\u00e4isen uuden&hellip;\n","protected":false},"author":2,"featured_media":83661,"comment_status":"","ping_status":"","sticky":false,"template":"","format":"standard","meta":{"footnotes":""},"categories":[12],"tags":[22,23,26,27,33,31,30,17,96,1132,24,25,28,29,15,18,21,32,19,20,16],"class_list":{"0":"post-83660","1":"post","2":"type-post","3":"status-publish","4":"format-standard","5":"has-post-thumbnail","7":"category-suomi","8":"tag-breaking-news","9":"tag-breakingnews","10":"tag-featured-news","11":"tag-featurednews","12":"tag-fi","13":"tag-finland","14":"tag-finnish","15":"tag-headlines","16":"tag-koulutus","17":"tag-kuopio","18":"tag-latest-news","19":"tag-latestnews","20":"tag-main-news","21":"tag-mainnews","22":"tag-news","23":"tag-otsikot","24":"tag-paauutiset","25":"tag-suomi","26":"tag-top-stories","27":"tag-topstories","28":"tag-uutiset"},"share_on_mastodon":{"url":"https:\/\/pubeurope.com\/@fi\/115508234576693471","error":""},"_links":{"self":[{"href":"https:\/\/www.europesays.com\/fi\/wp-json\/wp\/v2\/posts\/83660","targetHints":{"allow":["GET"]}}],"collection":[{"href":"https:\/\/www.europesays.com\/fi\/wp-json\/wp\/v2\/posts"}],"about":[{"href":"https:\/\/www.europesays.com\/fi\/wp-json\/wp\/v2\/types\/post"}],"author":[{"embeddable":true,"href":"https:\/\/www.europesays.com\/fi\/wp-json\/wp\/v2\/users\/2"}],"replies":[{"embeddable":true,"href":"https:\/\/www.europesays.com\/fi\/wp-json\/wp\/v2\/comments?post=83660"}],"version-history":[{"count":0,"href":"https:\/\/www.europesays.com\/fi\/wp-json\/wp\/v2\/posts\/83660\/revisions"}],"wp:featuredmedia":[{"embeddable":true,"href":"https:\/\/www.europesays.com\/fi\/wp-json\/wp\/v2\/media\/83661"}],"wp:attachment":[{"href":"https:\/\/www.europesays.com\/fi\/wp-json\/wp\/v2\/media?parent=83660"}],"wp:term":[{"taxonomy":"category","embeddable":true,"href":"https:\/\/www.europesays.com\/fi\/wp-json\/wp\/v2\/categories?post=83660"},{"taxonomy":"post_tag","embeddable":true,"href":"https:\/\/www.europesays.com\/fi\/wp-json\/wp\/v2\/tags?post=83660"}],"curies":[{"name":"wp","href":"https:\/\/api.w.org\/{rel}","templated":true}]}}