{"id":83677,"date":"2025-11-07T12:06:10","date_gmt":"2025-11-07T12:06:10","guid":{"rendered":"https:\/\/www.europesays.com\/fi\/83677\/"},"modified":"2025-11-07T12:06:10","modified_gmt":"2025-11-07T12:06:10","slug":"saksalainen-kenraaliluutnantti-venaja-kaksinkertaistaa-ohjusvarastonsa-vuoteen-2030-mennessa","status":"publish","type":"post","link":"https:\/\/www.europesays.com\/fi\/83677\/","title":{"rendered":"Saksalainen kenraaliluutnantti: Ven\u00e4j\u00e4 kaksinkertaistaa ohjusvarastonsa vuoteen 2030 menness\u00e4"},"content":{"rendered":"<p>Puolustus|Ven\u00e4j\u00e4ll\u00e4 on jo nyt sotilaalliset edellytykset tehd\u00e4 rajoitettu hy\u00f6kk\u00e4ys Naton alueelle, arvioi Saksan asevoimien johtoon kuuluva Alexander Sollfrank.<\/p>\n<p class=\"article-body mb-nof-24 px-nof-16\">Ven\u00e4j\u00e4 aikoo kaksinkertaistaa tykist\u00f6-, ohjus- ja ammusvarastonsa vuoteen 2030 menness\u00e4 verrattuna vuoteen 2022, arvioi kenraaliluutnantti <a class=\"article-personlink\" href=\"https:\/\/www.hs.fi\/haku\/?query=Alexander%20Sollfrank\" rel=\"nofollow noopener\" target=\"_blank\">Alexander Sollfrank<\/a>. Asiasta kertoo uutistoimisto Reuters.<\/p>\n<p class=\"article-body mb-nof-24 px-nof-16\">Sollfrank kuuluu Saksan asevoimien operatiiviseen johtoon.<\/p>\n<p class=\"article-body mb-nof-24 px-nof-16\">H\u00e4nen mukaansa Ven\u00e4j\u00e4n olisi mahdollista aloittaa suuremman mittakaavan hy\u00f6kk\u00e4ys Naton alueelle jo vuonna 2029, jos se jatkaa asevarusteluaan.<\/p>\n<p class=\"article-body mb-nof-24 px-nof-16\">Pienemm\u00e4n mittakaavan hy\u00f6kk\u00e4ykseen Ven\u00e4j\u00e4ll\u00e4 on sotilaalliset edellytykset jo nyt, Sollfrank sanoi perjantaina Reutersin haastattelussa.<\/p>\n<p class=\"article-body mb-nof-24 px-nof-16\">\u201dJos tarkastelee Ven\u00e4j\u00e4n nykyisi\u00e4 kykyj\u00e4 ja taistelukapasiteettia, niin Ven\u00e4j\u00e4 voisi aloittaa pienen mittakaavan hy\u00f6kk\u00e4yksen Naton alueella jo huomenna.\u201d<\/p>\n<p class=\"article-body mb-nof-24 px-nof-16\">Jo aiemmin kev\u00e4\u00e4ll\u00e4 Saksan asevoimien komentaja, kenraali <a class=\"article-personlink\" href=\"https:\/\/www.hs.fi\/haku\/?query=Carsten%20Breuer\" rel=\"nofollow noopener\" target=\"_blank\">Carsten Breuer<\/a> arvioi, ett\u00e4 Ven\u00e4j\u00e4 olisi sotilaallisesti valmis hy\u00f6kk\u00e4\u00e4m\u00e4\u00e4n Nato-maata vastaan vuonna 2029.<\/p>\n","protected":false},"excerpt":{"rendered":"Puolustus|Ven\u00e4j\u00e4ll\u00e4 on jo nyt sotilaalliset edellytykset tehd\u00e4 rajoitettu hy\u00f6kk\u00e4ys Naton alueelle, arvioi Saksan asevoimien johtoon kuuluva Alexander Sollfrank.&hellip;\n","protected":false},"author":2,"featured_media":79326,"comment_status":"","ping_status":"","sticky":false,"template":"","format":"standard","meta":{"footnotes":""},"categories":[14],"tags":[22,23,26,27,33,31,30,17,46,24,25,28,29,15,18,21,32,19,20,56,16,59,60,61],"class_list":{"0":"post-83677","1":"post","2":"type-post","3":"status-publish","4":"format-standard","5":"has-post-thumbnail","7":"category-ulkomaat","8":"tag-breaking-news","9":"tag-breakingnews","10":"tag-featured-news","11":"tag-featurednews","12":"tag-fi","13":"tag-finland","14":"tag-finnish","15":"tag-headlines","16":"tag-helsingin-sanomat","17":"tag-latest-news","18":"tag-latestnews","19":"tag-main-news","20":"tag-mainnews","21":"tag-news","22":"tag-otsikot","23":"tag-paauutiset","24":"tag-suomi","25":"tag-top-stories","26":"tag-topstories","27":"tag-ulkomaat","28":"tag-uutiset","29":"tag-world","30":"tag-world-news","31":"tag-worldnews"},"share_on_mastodon":{"url":"https:\/\/pubeurope.com\/@fi\/115508332807868810","error":""},"_links":{"self":[{"href":"https:\/\/www.europesays.com\/fi\/wp-json\/wp\/v2\/posts\/83677","targetHints":{"allow":["GET"]}}],"collection":[{"href":"https:\/\/www.europesays.com\/fi\/wp-json\/wp\/v2\/posts"}],"about":[{"href":"https:\/\/www.europesays.com\/fi\/wp-json\/wp\/v2\/types\/post"}],"author":[{"embeddable":true,"href":"https:\/\/www.europesays.com\/fi\/wp-json\/wp\/v2\/users\/2"}],"replies":[{"embeddable":true,"href":"https:\/\/www.europesays.com\/fi\/wp-json\/wp\/v2\/comments?post=83677"}],"version-history":[{"count":0,"href":"https:\/\/www.europesays.com\/fi\/wp-json\/wp\/v2\/posts\/83677\/revisions"}],"wp:featuredmedia":[{"embeddable":true,"href":"https:\/\/www.europesays.com\/fi\/wp-json\/wp\/v2\/media\/79326"}],"wp:attachment":[{"href":"https:\/\/www.europesays.com\/fi\/wp-json\/wp\/v2\/media?parent=83677"}],"wp:term":[{"taxonomy":"category","embeddable":true,"href":"https:\/\/www.europesays.com\/fi\/wp-json\/wp\/v2\/categories?post=83677"},{"taxonomy":"post_tag","embeddable":true,"href":"https:\/\/www.europesays.com\/fi\/wp-json\/wp\/v2\/tags?post=83677"}],"curies":[{"name":"wp","href":"https:\/\/api.w.org\/{rel}","templated":true}]}}