{"id":83720,"date":"2025-11-07T13:12:09","date_gmt":"2025-11-07T13:12:09","guid":{"rendered":"https:\/\/www.europesays.com\/fi\/83720\/"},"modified":"2025-11-07T13:12:09","modified_gmt":"2025-11-07T13:12:09","slug":"jesse-markin-rikkoo-hiljaisuuden-iltalehti","status":"publish","type":"post","link":"https:\/\/www.europesays.com\/fi\/83720\/","title":{"rendered":"Jesse Markin rikkoo hiljaisuuden &#8211; Iltalehti"},"content":{"rendered":"<ol>\n<li><a href=\"https:\/\/news.google.com\/rss\/articles\/CBMigwFBVV95cUxNX3J6amRqSHZKbmk1anVkcVl6ejJ6VE5tMnM3N3REUFZtdmJiaGhrUkJJaThRTmJkREx4TndqdFdHaWU4UDgzMGtMejBZS1RDWThuRDZEQlVLRWd6RTJ4MXpKaDZsQUFCbHZ4d2FEZndFNE1sbFI1ZW4wNWVhUEJuS0hLOA?oc=5\" target=\"_blank\" rel=\"nofollow noopener\">Jesse Markin rikkoo hiljaisuuden<\/a>&nbsp;&nbsp;Iltalehti<\/li>\n<li><a href=\"https:\/\/news.google.com\/rss\/articles\/CBMiW0FVX3lxTE9odGdyYlFZcU94QlZEcFRWTnR2TFI1NzQtek4yTnFqQW9jUnJoRmFNanNHYURHTmlTb0phWF9TUXo5WFRtNS1vNnpQcHRmQzhvQjUxbkstZ3pNM2s?oc=5\" target=\"_blank\" rel=\"nofollow noopener\">Jesse Markin rikkoi hiljaisuuden<\/a>&nbsp;&nbsp;Ilta-Sanomat<\/li>\n<li><a href=\"https:\/\/news.google.com\/rss\/articles\/CBMiQkFVX3lxTE04MTBCN0wzQnFkb2VmUXIxN002NHk4U3lUZDFYdG94MnFNNVBEMzVTRWo0V1BIcmlhaFFKbUY1Y3J0QQ?oc=5\" target=\"_blank\" rel=\"nofollow noopener\">Ei syytteit\u00e4 laulaja Jesse Markinille vauvan ep\u00e4illyst\u00e4 pahoinpitelyst\u00e4 \u2013 l\u00e4\u00e4k\u00e4rien lausunnot ristiriidassa kesken\u00e4\u00e4n<\/a>&nbsp;&nbsp;Yle<\/li>\n<li><a href=\"https:\/\/news.google.com\/rss\/articles\/CBMiVkFVX3lxTE90Y1RHNFdyaTFVb0FPY1FoRS1VdWxTZjN2dm14b0ZJYUEzQ192WFhhd01VWnpRWHVzN05oajJUMldPeUFRVFdsRndRMFNwWHJScEZscUJR?oc=5\" target=\"_blank\" rel=\"nofollow noopener\">Muusikko Jesse Markin vapautettiin vauvansa pahoinpitelyep\u00e4ilyst\u00e4<\/a>&nbsp;&nbsp;Etel\u00e4-Suomen Sanomat<\/li>\n<li><a href=\"https:\/\/news.google.com\/rss\/articles\/CBMihwFBVV95cUxOeTdncWpzOVNJWWhYQlhwcFdWT3NGN0lKSGRaT0hNZEZiVG5meVltSWY5OGUtVFl1S1hKeDlfMkU4OUhINm1rNWM0RWJiNjcwZHdVckNQNVRac2dWeVRhQmlOMlc3Nk11RkF3bm53TXQ1dDF6OUl0THBwQVZsc1d5NWRjZ005NFU?oc=5\" target=\"_blank\" rel=\"nofollow noopener\">Jesse Markinin tapauksessa merkitt\u00e4v\u00e4 k\u00e4\u00e4nne<\/a>&nbsp;&nbsp;Seiska.fi<\/li>\n<\/ol>\n","protected":false},"excerpt":{"rendered":"Jesse Markin rikkoo hiljaisuuden&nbsp;&nbsp;Iltalehti Jesse Markin rikkoi hiljaisuuden&nbsp;&nbsp;Ilta-Sanomat Ei syytteit\u00e4 laulaja Jesse Markinille vauvan ep\u00e4illyst\u00e4 pahoinpitelyst\u00e4 \u2013 l\u00e4\u00e4k\u00e4rien&hellip;\n","protected":false},"author":2,"featured_media":83721,"comment_status":"","ping_status":"","sticky":false,"template":"","format":"standard","meta":{"footnotes":""},"categories":[136],"tags":[35,407,137,33,31,30,101,408,53,100,98,103,32,109],"class_list":{"0":"post-83720","1":"post","2":"type-post","3":"status-publish","4":"format-standard","5":"has-post-thumbnail","7":"category-julkkikset","8":"tag-24h","9":"tag-celebrities","10":"tag-entertainment","11":"tag-fi","12":"tag-finland","13":"tag-finnish","14":"tag-ihmissuhteet","15":"tag-julkkikset","16":"tag-laki-oikeus-ja-rikos","17":"tag-lapset-ja-nuoret","18":"tag-perhe","19":"tag-sosiaalikysymykset","20":"tag-suomi","21":"tag-viihde"},"share_on_mastodon":{"url":"https:\/\/pubeurope.com\/@fi\/115508592529192262","error":""},"_links":{"self":[{"href":"https:\/\/www.europesays.com\/fi\/wp-json\/wp\/v2\/posts\/83720","targetHints":{"allow":["GET"]}}],"collection":[{"href":"https:\/\/www.europesays.com\/fi\/wp-json\/wp\/v2\/posts"}],"about":[{"href":"https:\/\/www.europesays.com\/fi\/wp-json\/wp\/v2\/types\/post"}],"author":[{"embeddable":true,"href":"https:\/\/www.europesays.com\/fi\/wp-json\/wp\/v2\/users\/2"}],"replies":[{"embeddable":true,"href":"https:\/\/www.europesays.com\/fi\/wp-json\/wp\/v2\/comments?post=83720"}],"version-history":[{"count":0,"href":"https:\/\/www.europesays.com\/fi\/wp-json\/wp\/v2\/posts\/83720\/revisions"}],"wp:featuredmedia":[{"embeddable":true,"href":"https:\/\/www.europesays.com\/fi\/wp-json\/wp\/v2\/media\/83721"}],"wp:attachment":[{"href":"https:\/\/www.europesays.com\/fi\/wp-json\/wp\/v2\/media?parent=83720"}],"wp:term":[{"taxonomy":"category","embeddable":true,"href":"https:\/\/www.europesays.com\/fi\/wp-json\/wp\/v2\/categories?post=83720"},{"taxonomy":"post_tag","embeddable":true,"href":"https:\/\/www.europesays.com\/fi\/wp-json\/wp\/v2\/tags?post=83720"}],"curies":[{"name":"wp","href":"https:\/\/api.w.org\/{rel}","templated":true}]}}