{"id":83738,"date":"2025-11-07T13:27:12","date_gmt":"2025-11-07T13:27:12","guid":{"rendered":"https:\/\/www.europesays.com\/fi\/83738\/"},"modified":"2025-11-07T13:27:12","modified_gmt":"2025-11-07T13:27:12","slug":"metsapeuroilla-ei-ole-kiire-talvilaitumille-nailla-alueilla-kannattaa-kuitenkin-hidastaa-vauhtia-kuhmossa","status":"publish","type":"post","link":"https:\/\/www.europesays.com\/fi\/83738\/","title":{"rendered":"Mets\u00e4peuroilla ei ole kiire talvilaitumille \u2013 n\u00e4ill\u00e4 alueilla kannattaa kuitenkin hidastaa vauhtia Kuhmossa"},"content":{"rendered":"<p>                                  Paikallisuutiset<\/p>\n<p>                <img loading=\"lazy\" decoding=\"async\" itemprop=\"contentUrl\" class=\"figure-img img-fluid\"  src=\"https:\/\/www.europesays.com\/fi\/wp-content\/uploads\/2025\/11\/1762522030_196_imengine.public.prod.hil.infomaker.io\" width=\"3000\" height=\"2358\"  alt=\"\"\/><\/p>\n<p>                                    Mets\u00e4peurat liikkuvat t\u00e4ll\u00e4 hetkell\u00e4 pieniss\u00e4 tokissa.<br \/>\n                                                    Kuva:<br \/>\n                    Mari Heikura<\/p>\n<p class=\"ew-preamble\" itemprop=\"description\">Mets\u00e4peurojen kanta on laskemaan p\u00e4in, ja erikoistutkija Antti Paasivaaran mukaan tilanne n\u00e4ytt\u00e4\u00e4 h\u00e4lytt\u00e4v\u00e4lt\u00e4.<\/p>\n<p>      MAINOS &#8211; juttu jatkuu mainoksen j\u00e4lkeen<\/p>\n<p>      MAINOS &#8211; mainos p\u00e4\u00e4ttyy<\/p>\n<p class=\"ew-body\">Iltojen h\u00e4m\u00e4rtyess\u00e4 yh\u00e4 aikaisemmin on j\u00e4lleen kiinnitett\u00e4v\u00e4 katseet teiden laitoihin, josta auton eteen saattaa ponkaista yll\u00e4tt\u00e4en hirvi taikka mets\u00e4peura.<\/p>\n<p class=\"ew-body\">L\u00e4mpim\u00e4n syksyn aikaan mets\u00e4peuroja voi n\u00e4hd\u00e4 liikkuvan pieniss\u00e4 porukoissa. Niiden talvilaidunvaellukset eiv\u00e4t ole viel\u00e4 alkaneet, kertoo Luon<\/p>\n<p>  <a class=\"btn btn-secondary btn-icon-left\" href=\"#coral_thread\"><br \/>\n    <img decoding=\"async\" src=\"https:\/\/www.kuhmolainen.fi\/wp-content\/themes\/hilla-theme\/assets\/img\/icon_comments.svg\" alt=\"\"\/><br \/>\n    Kommentoi<br \/>\n  <\/a><\/p>\n<p>  <a class=\"btn btn-secondary btn-icon-left mailto_web\" href=\"mailto:toimitus@kuhmolainen.fi?subject=Ilmoita%20asiavirheest%C3%A4&amp;body=Otsikko%3A%20Mets%C3%A4peuroilla%20ei%20ole%20kiire%20talvilaitumille%20%E2%80%93%20n%C3%A4ill%C3%A4%20alueilla%20kannattaa%20kuitenkin%20hidastaa%20vauhtia%20Kuhmossa%0AUuid%3A%207554804f-4f29-47ac-a449-809e9317182f%0AUrl%3A%20https%3A%2F%2Fwww.kuhmolainen.fi%2Fartikkeli%2Fmetsapeuroilla-ei-ole-kiire-talvilaitumille-nailla-alueilla-kannattaa-kuitenkin-hidastaa-vauhtia-k\"><br \/>\n    <img decoding=\"async\" src=\"https:\/\/www.kuhmolainen.fi\/wp-content\/themes\/hilla-theme\/assets\/img\/icon_feedback.svg\" alt=\"\"\/><br \/>\n    Ilmoita asiavirheest\u00e4<br \/>\n  <\/a><\/p>\n","protected":false},"excerpt":{"rendered":"Paikallisuutiset Mets\u00e4peurat liikkuvat t\u00e4ll\u00e4 hetkell\u00e4 pieniss\u00e4 tokissa. Kuva: Mari Heikura Mets\u00e4peurojen kanta on laskemaan p\u00e4in, ja erikoistutkija Antti&hellip;\n","protected":false},"author":2,"featured_media":83739,"comment_status":"","ping_status":"","sticky":false,"template":"","format":"standard","meta":{"footnotes":""},"categories":[117],"tags":[33,31,30,72,476,118,32,119,477],"class_list":{"0":"post-83738","1":"post","2":"type-post","3":"status-publish","4":"format-standard","5":"has-post-thumbnail","7":"category-luonto","8":"tag-fi","9":"tag-finland","10":"tag-finnish","11":"tag-luonto","12":"tag-nature","13":"tag-science","14":"tag-suomi","15":"tag-tiede","16":"tag-wildlife"},"share_on_mastodon":{"url":"https:\/\/pubeurope.com\/@fi\/115508651307796490","error":""},"_links":{"self":[{"href":"https:\/\/www.europesays.com\/fi\/wp-json\/wp\/v2\/posts\/83738","targetHints":{"allow":["GET"]}}],"collection":[{"href":"https:\/\/www.europesays.com\/fi\/wp-json\/wp\/v2\/posts"}],"about":[{"href":"https:\/\/www.europesays.com\/fi\/wp-json\/wp\/v2\/types\/post"}],"author":[{"embeddable":true,"href":"https:\/\/www.europesays.com\/fi\/wp-json\/wp\/v2\/users\/2"}],"replies":[{"embeddable":true,"href":"https:\/\/www.europesays.com\/fi\/wp-json\/wp\/v2\/comments?post=83738"}],"version-history":[{"count":0,"href":"https:\/\/www.europesays.com\/fi\/wp-json\/wp\/v2\/posts\/83738\/revisions"}],"wp:featuredmedia":[{"embeddable":true,"href":"https:\/\/www.europesays.com\/fi\/wp-json\/wp\/v2\/media\/83739"}],"wp:attachment":[{"href":"https:\/\/www.europesays.com\/fi\/wp-json\/wp\/v2\/media?parent=83738"}],"wp:term":[{"taxonomy":"category","embeddable":true,"href":"https:\/\/www.europesays.com\/fi\/wp-json\/wp\/v2\/categories?post=83738"},{"taxonomy":"post_tag","embeddable":true,"href":"https:\/\/www.europesays.com\/fi\/wp-json\/wp\/v2\/tags?post=83738"}],"curies":[{"name":"wp","href":"https:\/\/api.w.org\/{rel}","templated":true}]}}