{"id":83766,"date":"2025-11-07T14:08:08","date_gmt":"2025-11-07T14:08:08","guid":{"rendered":"https:\/\/www.europesays.com\/fi\/83766\/"},"modified":"2025-11-07T14:08:08","modified_gmt":"2025-11-07T14:08:08","slug":"gene-simmons-rockmaailma-on-taynna-luusereita-ja-idiootteja","status":"publish","type":"post","link":"https:\/\/www.europesays.com\/fi\/83766\/","title":{"rendered":"Gene Simmons: &#8221;Rockmaailma on t\u00e4ynn\u00e4 luusereita ja idiootteja&#8221;"},"content":{"rendered":"<p>Gene Simmons on mies, joka sanoo sanottavansa kiertelem\u00e4tt\u00e4. Sama trendi jatkui my\u00f6s tuoreessa Men\u2019s Healthin <a href=\"https:\/\/youtu.be\/r55QLNjCTwI?si=vVRvGsT2Ib6sKYNs\" rel=\"nofollow noopener\" target=\"_blank\">videohaastattelussa<\/a>, jossa Kiss-ikoni avasi ovensa toimittajille ja esitteli muun muassa j\u00e4\u00e4kaappinsa sis\u00e4lt\u00f6\u00e4. Simmons on tunnettu jo vuosikymmenten ajan siit\u00e4 harvinaisena muusikkona, ett\u00e4 h\u00e4n karsastaa kaikenlaisia p\u00e4ihteit\u00e4, ja basisti pit\u00e4\u00e4 kiinni linjastaan edelleen. <\/p>\n<p>Simmons kertoo jutussa, miten h\u00e4n istuskelee v\u00e4lill\u00e4 vaimonsa kanssa kotinsa puutarhassa. Vaimo Shannon Tweed nauttii t\u00e4ll\u00f6in hieman viini\u00e4, mutta Simmons ei t\u00e4h\u00e4n aineeseen koske. Kun toimittaja pyyt\u00e4\u00e4 asiaan tarkennusta, Simmons lataa tyynesti tiukkaa teksti\u00e4.<\/p>\n<p>\u201dEn juo alkoholia. En ole koskaan juonut. Rockmaailma on t\u00e4ynn\u00e4 luusereita ja idiootteja\u201d, Simmons sanoo ja jatkaa:<\/p>\n<p>\u201dItse asiassa luulen, ett\u00e4 t\u00e4m\u00e4 ajattelutapani juontuu \u00e4idist\u00e4ni. H\u00e4n selvisi natsi-Saksan keskitysleireist\u00e4 nelj\u00e4ntoista vuoden ik\u00e4isen\u00e4, enk\u00e4 ole halunnut s\u00e4rke\u00e4 h\u00e4nen syd\u00e4nt\u00e4\u00e4n. Olen h\u00e4nen ainoa lapsensa, joten ajatuskin siit\u00e4, ett\u00e4 olisit luuseri etk\u00e4 pystyisi hankkimaan elantoasi ja tuhoaisit itsesi\u2026 Siis jos h\u00e4n olisi vaikka uhrannut el\u00e4m\u00e4ns\u00e4, mik\u00e4li se olisi est\u00e4nyt muita satuttamasta minua, niin miten voisi olla ok ett\u00e4 satuttaisin itse itse\u00e4ni? Se olisi hullua. Ei.\u201d<\/p>\n<p>Eip\u00e4 ihme sitten, ett\u00e4 viel\u00e4 76-vuotiaana Simmons n\u00e4ytt\u00e4\u00e4 varsin hyvinvoivalta. Terveytt\u00e4 ja pitk\u00e4\u00e4 ik\u00e4\u00e4 sitten vain, arvoisa Mr. God of Thunder!<\/p>\n","protected":false},"excerpt":{"rendered":"Gene Simmons on mies, joka sanoo sanottavansa kiertelem\u00e4tt\u00e4. Sama trendi jatkui my\u00f6s tuoreessa Men\u2019s Healthin videohaastattelussa, jossa Kiss-ikoni&hellip;\n","protected":false},"author":2,"featured_media":83767,"comment_status":"","ping_status":"","sticky":false,"template":"","format":"standard","meta":{"footnotes":""},"categories":[132],"tags":[137,33,31,30,195,47,32,109],"class_list":{"0":"post-83766","1":"post","2":"type-post","3":"status-publish","4":"format-standard","5":"has-post-thumbnail","7":"category-musiikki","8":"tag-entertainment","9":"tag-fi","10":"tag-finland","11":"tag-finnish","12":"tag-music","13":"tag-musiikki","14":"tag-suomi","15":"tag-viihde"},"share_on_mastodon":{"url":"https:\/\/pubeurope.com\/@fi\/115508812623638065","error":""},"_links":{"self":[{"href":"https:\/\/www.europesays.com\/fi\/wp-json\/wp\/v2\/posts\/83766","targetHints":{"allow":["GET"]}}],"collection":[{"href":"https:\/\/www.europesays.com\/fi\/wp-json\/wp\/v2\/posts"}],"about":[{"href":"https:\/\/www.europesays.com\/fi\/wp-json\/wp\/v2\/types\/post"}],"author":[{"embeddable":true,"href":"https:\/\/www.europesays.com\/fi\/wp-json\/wp\/v2\/users\/2"}],"replies":[{"embeddable":true,"href":"https:\/\/www.europesays.com\/fi\/wp-json\/wp\/v2\/comments?post=83766"}],"version-history":[{"count":0,"href":"https:\/\/www.europesays.com\/fi\/wp-json\/wp\/v2\/posts\/83766\/revisions"}],"wp:featuredmedia":[{"embeddable":true,"href":"https:\/\/www.europesays.com\/fi\/wp-json\/wp\/v2\/media\/83767"}],"wp:attachment":[{"href":"https:\/\/www.europesays.com\/fi\/wp-json\/wp\/v2\/media?parent=83766"}],"wp:term":[{"taxonomy":"category","embeddable":true,"href":"https:\/\/www.europesays.com\/fi\/wp-json\/wp\/v2\/categories?post=83766"},{"taxonomy":"post_tag","embeddable":true,"href":"https:\/\/www.europesays.com\/fi\/wp-json\/wp\/v2\/tags?post=83766"}],"curies":[{"name":"wp","href":"https:\/\/api.w.org\/{rel}","templated":true}]}}