{"id":83800,"date":"2025-11-07T15:04:10","date_gmt":"2025-11-07T15:04:10","guid":{"rendered":"https:\/\/www.europesays.com\/fi\/83800\/"},"modified":"2025-11-07T15:04:10","modified_gmt":"2025-11-07T15:04:10","slug":"ari-lahti-ensimmainen-kausi-kun-ei-tarvitse-laittaa-omaa-rahaa-kupsiin","status":"publish","type":"post","link":"https:\/\/www.europesays.com\/fi\/83800\/","title":{"rendered":"Ari Lahti: Ensimm\u00e4inen kausi, kun ei tarvitse laittaa omaa rahaa KuPSiin"},"content":{"rendered":"<p>Jalkapallo|Kuopion Palloseuralla on vihdoin my\u00f6s taloudellisesti hyv\u00e4 kausi.<\/p>\n<p>Lue tiivistelm\u00e4<\/p>\n<p>Tiivistelm\u00e4 on teko\u00e4lyn tekem\u00e4 ja ihmisen tarkistama.<\/p>\n<p class=\"article-body mb-nof-24 px-nof-16 sndp-summary-bullet-point-font\">Kuopion Palloseura voitti Slovan Bratislavan 3-1 Konferenssiliigassa ja tienasi 400 000 euroa.<\/p>\n<p class=\"article-body mb-nof-24 px-nof-16 sndp-summary-bullet-point-font\">KuPS on ansainnut t\u00e4ll\u00e4 kaudella jo 3,83 miljoonaa euroa Uefan palkintorahoja.<\/p>\n<p class=\"article-body mb-nof-24 px-nof-16 sndp-summary-bullet-point-font\">Seuran p\u00e4\u00e4omistaja Ari Lahti kertoo, ett\u00e4 ensimm\u00e4ist\u00e4 kertaa KuPS py\u00f6rii omillaan ilman h\u00e4nen rahoitustaan.<\/p>\n<p class=\"article-body mb-nof-24 px-nof-16\">Kuopion Palloseura teki torstai-iltana seurahistoriaa, kun se kaatoi Slovakian mestarin Slovan Bratislavan Tampereella 3\u20131.<\/p>\n<p class=\"article-body mb-nof-24 px-nof-16\">Voitto oli KuPSin kautta aikojen ensimm\u00e4inen eurokilpailun lohko- tai liigavaiheessa.<\/p>\n<p class=\"article-body mb-nof-24 px-nof-16\">Samalla tulos kasvatti kuopiolaisseuran pankkitilin saldoa 400\u202f000 eurolla. KuPS on t\u00e4ll\u00e4 kaudella tienannut yhteens\u00e4 jo 3,83 miljoonaa euroa Euroopan jalkapalloliiton Uefan maksamia palkintorahoja Konferenssiliigassa.<\/p>\n<p class=\"article-body mb-nof-24 px-nof-16\">Lis\u00e4ksi KuPS on onnistunut pelaajamarkkinoilla. Superlupaus <a class=\"article-personlink\" href=\"https:\/\/www.hs.fi\/haku\/?query=Matias%20Siltasen\" rel=\"nofollow noopener\" target=\"_blank\">Matias Siltasen<\/a> myynti Ruotsiin tammikuussa toi seuralle reilun miljoonan euron potin.<\/p>\n<p class=\"article-body mb-nof-24 px-nof-16\">Ei ihme, ett\u00e4 seuran p\u00e4\u00e4omistaja <a class=\"article-personlink\" href=\"https:\/\/www.hs.fi\/haku\/?query=Ari%20Lahti\" rel=\"nofollow noopener\" target=\"_blank\">Ari Lahti<\/a> kuulosti tyytyv\u00e4iselt\u00e4 puhelimessa ajaessaan perjantaina Tampereelta takaisin kotiinsa Helsinkiin.<\/p>\n<p class=\"article-body mb-nof-24 px-nof-16\">\u201dT\u00e4m\u00e4 on ensimm\u00e4inen kausi, kun minun ei tarvitse laittaa omaa rahaa KuPSiin. Seura py\u00f6rii omillaan. Siit\u00e4 olen tosi tyytyv\u00e4inen\u201d, Lahti naurahti.<\/p>\n<p class=\"article-body mb-nof-24 px-nof-16\">Investointipankkiirina miljoonaomaisuuden ansainnut Lahti, 62, pelasti KuPSin konkurssilta vuonna 2006 ja on siit\u00e4 l\u00e4htien kuitannut seuran tappiota omasta lompakostaan kausi toisensa j\u00e4lkeen. Rahaa on palanut miljoonatolkulla.<\/p>\n<p class=\"article-body mb-nof-24 px-nof-16\">Nyt n\u00e4ytt\u00e4\u00e4 silt\u00e4, ett\u00e4 KuPS ei l\u00e4hitulevaisuudessa tarvitse mesenaattinsa syvi\u00e4 taskuja.<\/p>\n<p class=\"article-body mb-nof-24 px-nof-16\">\u201dT\u00e4m\u00e4 tilikausi p\u00e4\u00e4ttyy marraskuun lopussa. Teemme ilman muuta positiivisen tuloksen, ja mestaruuden my\u00f6t\u00e4 meill\u00e4 on edellytykset tehd\u00e4 ensi vuonnakin ihan hyv\u00e4 tulos. Todenn\u00e4k\u00f6isesti saadaan silloinkin pelata pelej\u00e4 ilman, ett\u00e4 minun t\u00e4ytyy mietti\u00e4, mit\u00e4 ne maksavat\u201d, Lahti sanoi.<\/p>\n<p><img decoding=\"async\" src=\"https:\/\/www.europesays.com\/fi\/wp-content\/uploads\/2025\/11\/1762527848_666_468.jpg\" alt=\"KuPS pelaa kaikkien aikojen eurosyksy\u00e4.\" class=\"_Img_1rerz_1\" style=\"aspect-ratio:1.5\" loading=\"eager\"\/><\/p>\n<p class=\"article-picture-caption\">KuPS pelaa kaikkien aikojen eurosyksy\u00e4. Kuva:\u00a0Jussi Eskola<\/p>\n<p class=\"article-body mb-nof-24 px-nof-16\">KuPS varmisti toisen per\u00e4tt\u00e4isen Veikkausliigan mestaruutensa viikon alussa. Kultamitalien ansiosta KuPS p\u00e4\u00e4see ensi kaudella niin sanotulle mestarien polulle eurokentill\u00e4, mik\u00e4 tuo seuralle j\u00e4lleen mojovan palkintorahapotin.<\/p>\n<p class=\"article-body mb-nof-24 px-nof-16\">Lahden mukaan KuPS ei aio l\u00e4hte\u00e4 polttamaan rahaa holtittomasti ensi vuonna.<\/p>\n<p class=\"article-body mb-nof-24 px-nof-16\">\u201dPelaajabudjetti tulee olemaan varmaan aika maltillinen. V\u00e4h\u00e4n samaa linjaa kuin t\u00e4n\u00e4 vuonna. Ei l\u00e4hdet\u00e4 tuhlaamaan kaikkea kerralla, vaan pyrimme j\u00e4tt\u00e4m\u00e4\u00e4n varaa tuleville kausille\u201d, Lahti sanoo.<\/p>\n<p class=\"article-body mb-nof-24 px-nof-16\">\u201dHaluamme toki hankkia kilpailukykyisen joukkueen. Meid\u00e4n pit\u00e4\u00e4 onnistua pelaajahankinnoissa.\u201d<\/p>\n<p class=\"article-body mb-nof-24 px-nof-16\">KuPSin ennen t\u00e4m\u00e4n kauden alkua ilmoittama pelaajabudjetti oli 1,2 miljoonaa euroa. Se oli Veikkausliigan toiseksi kovin potti HJK:n j\u00e4lkeen (2,6 miljoonaa).<\/p>\n<p class=\"article-body mb-nof-24 px-nof-16\">KuPS tosin teki kovia pelaajahankintoja kes\u00e4n siirtoikkunassa ja vahvisti joukkuettaan viidell\u00e4 pelaajalla, jotka kaikki n\u00e4ytteliv\u00e4t merkitt\u00e4v\u00e4\u00e4 roolia sek\u00e4 mestaruustaistossa ett\u00e4 eurokentill\u00e4.<\/p>\n<p class=\"article-body mb-nof-24 px-nof-16\">Lahden mukaan onnistuminen kes\u00e4n pelaajamarkkinoilla oli yksi keskeisist\u00e4 syist\u00e4 huippukauteen.<\/p>\n<p class=\"article-body mb-nof-24 px-nof-16\">\u201dSanoin [hankintoja suunnitellessa], ett\u00e4 ei osteta arpoja, vaan yritet\u00e4\u00e4n l\u00f6yt\u00e4\u00e4 sellaisia pelaajia, jotka ovat varmasti vahvistuksia. Onnistuimme todella hyvin siin\u00e4\u201d, Lahti kertoo.<\/p>\n<blockquote class=\"citation\">\n<p>\u201d<\/p>\n<p>Seura py\u00f6rii omillaan. Siit\u00e4 olen tosi tyytyv\u00e4inen.<\/p>\n<\/blockquote>\n<p><img decoding=\"async\" src=\"https:\/\/www.europesays.com\/fi\/wp-content\/uploads\/2025\/11\/1762527849_631_468.jpg\" alt=\"Slovan Bratislavaa vastaan voittomaalin tehnyt Piotr Parzyszek oli yksi KuPSin kes\u00e4hankinnoista. My\u00f6s Paulo Ricardo, Taneli H\u00e4m\u00e4l\u00e4inen, Pa Konate ja Paulius Golubickas liittyiv\u00e4t KuPSin riveihin keskken kauden.\" class=\"_Img_1rerz_1\" style=\"aspect-ratio:1.5\" loading=\"eager\"\/><\/p>\n<p class=\"article-picture-caption\">Slovan Bratislavaa vastaan voittomaalin tehnyt Piotr Parzyszek oli yksi KuPSin kes\u00e4hankinnoista. My\u00f6s Paulo Ricardo, Taneli H\u00e4m\u00e4l\u00e4inen, Pa Konate ja Paulius Golubickas liittyiv\u00e4t KuPSin riveihin keskken kauden. Kuva:\u00a0Jussi Eskola<\/p>\n<p class=\"article-body mb-nof-24 px-nof-16\">Vahva suoritus pelaajamarkkinoilla ei ole viel\u00e4 tuonut jatkosopimusta KuPSin urheilujohtajalle <a class=\"article-personlink\" href=\"https:\/\/www.hs.fi\/haku\/?query=Sixten%20Bostr%C3%B6mille\" rel=\"nofollow noopener\" target=\"_blank\">Sixten Bostr\u00f6mille<\/a>. My\u00f6s tuoreen mestarivalmentajan <a class=\"article-personlink\" href=\"https:\/\/www.hs.fi\/haku\/?query=Jarkko%20Wissin\" rel=\"nofollow noopener\" target=\"_blank\">Jarkko Wissin <\/a>sopimus p\u00e4\u00e4ttyy t\u00e4h\u00e4n kauteen.<\/p>\n<p class=\"article-body mb-nof-24 px-nof-16\">Julkisuudessa on useaan otteeseen ihmetelty, miksi KuPS ei ole kiinnitt\u00e4nyt avainhahmojaan. Lahti on asiaa kommentoidessaan lyhytsanainen.<\/p>\n<p class=\"article-body mb-nof-24 px-nof-16\">\u201dMe haluamme viel\u00e4 tarkastella tilannetta. Siihen palataan varmasti l\u00e4hiaikoina.\u201d<\/p>\n<p class=\"article-body mb-nof-24 px-nof-16\">Onko teill\u00e4 muita vaihtoehtoja valmentajaksi tai urheilutoimenjohtajaksi?<\/p>\n<p class=\"article-body mb-nof-24 px-nof-16\">\u201dEn ota siihen kantaa.\u201d<\/p>\n<p class=\"article-body mb-nof-24 px-nof-16\">Teill\u00e4 oli seuran optiot sek\u00e4 Wissin ett\u00e4 Bostr\u00f6min jatkosopimuksiin, mutta ne ovat rauenneet. Miksi optioiden annettiin raueta?<\/p>\n<p class=\"article-body mb-nof-24 px-nof-16\">\u201dLiittyy \u00e4skeiseen kommenttiin.\u201d<\/p>\n<p><img decoding=\"async\" src=\"https:\/\/www.europesays.com\/fi\/wp-content\/uploads\/2025\/11\/1762527850_993_468.jpg\" alt=\"Jarkko Wissin ja Sixten Bostr\u00f6min tilanne KuPSissa on auki.\" class=\"_Img_1rerz_1\" style=\"aspect-ratio:1.5011727912431587\" loading=\"eager\"\/><\/p>\n<p class=\"article-picture-caption\">Jarkko Wissin ja Sixten Bostr\u00f6min tilanne KuPSissa on auki. Kuva:\u00a0Jussi Eskola \/ EPA \/ AOP<\/p>\n<p class=\"article-body mb-nof-24 px-nof-16\">Slovan Bratislavan kaatamisen ansiosta KuPS voi v\u00e4kev\u00e4sti unelmoida paikasta Konferenssiliigan pudotuspeleihin.<\/p>\n<p class=\"article-body mb-nof-24 px-nof-16\">Seuralla on kolmesta pelist\u00e4 kasassa nyt viisi pistett\u00e4 ja se on sarjataulukossa sijalla 11. Pudotuspeleihin selvi\u00e4\u00e4 24 joukkuetta.<\/p>\n<p class=\"article-body mb-nof-24 px-nof-16\">Konferenssiliigan pudotuspelit alkavat helmikuussa 2026, ja jos KuPS niiss\u00e4 pelaa, seuralle tulee kiire. Wissin ja Bostr\u00f6min lis\u00e4ksi yhdeks\u00e4ll\u00e4 keskeisell\u00e4 pelaajalla p\u00e4\u00e4ttyy sopimus t\u00e4m\u00e4n vuoden lopussa.<\/p>\n<p class=\"article-body mb-nof-24 px-nof-16\">\u201dNyt meill\u00e4 on homma hanskassa joulukuun 18. p\u00e4iv\u00e4\u00e4n saakka [liigavaiheen p\u00e4\u00e4t\u00f6skierros]. Ensi kauden joukkuetta ollaan suunnittelemassa jo nyt, mutta jos pelit alkavat helmikuussa, niin kyll\u00e4 se haasteita tuo. Se on kuitenkin hieno tilanne, jos niihin peleihin p\u00e4\u00e4st\u00e4\u00e4n\u201d, Lahti sanoo.<\/p>\n<p class=\"article-body mb-nof-24 px-nof-16\">Kuka rakentaa nyt KuPSin ensi kauden joukkuetta?<\/p>\n<p class=\"article-body mb-nof-24 px-nof-16\">\u201dMeid\u00e4n urheilutoimenjohtajamme, eli Sixten Bostr\u00f6m\u201d, Lahti vastaa.<\/p>\n<p class=\"article-body mb-nof-24 px-nof-16\">Lahti uskoo, ett\u00e4 KuPSilla on nyt vetovoimaa ty\u00f6nantajana. Ensi kaudella luvassa olevat europelit kiinnostavat urallaan eteenp\u00e4in pyrkivi\u00e4 nuoria suomalaispelaajia.<\/p>\n<p><img decoding=\"async\" src=\"https:\/\/www.europesays.com\/fi\/wp-content\/uploads\/2025\/11\/1762527850_40_468.jpg\" alt=\"KuPSin menestyksess\u00e4 on my\u00f6s vahva savolaisvivahde. Omat kasvatit Otto Ruoppi ja Petteri Pennanen ovat olleet tehokkaita l\u00e4pi kauden.\" class=\"_Img_1rerz_1\" style=\"aspect-ratio:1.5\" loading=\"eager\"\/><\/p>\n<p class=\"article-picture-caption\">KuPSin menestyksess\u00e4 on my\u00f6s vahva savolaisvivahde. Omat kasvatit Otto Ruoppi ja Petteri Pennanen ovat olleet tehokkaita l\u00e4pi kauden. Kuva:\u00a0mideasfi<\/p>\n<p class=\"article-body mb-nof-24 px-nof-16\">KuPS joutuu pelaamaan Konferenssiliigan liigavaiheen ottelut ja mahdolliset pudotuspelit Tampereella, sill\u00e4 seuran r\u00e4nsistynyt kotistadion Kuopiossa ei t\u00e4yt\u00e4 Uefan vaatimuksia. Lahti my\u00f6nt\u00e4\u00e4, ett\u00e4 tilanne kismitt\u00e4\u00e4 h\u00e4nt\u00e4.<\/p>\n<p class=\"article-body mb-nof-24 px-nof-16\">\u201dKun vuonna 2006 otin seuran niin sanotusti syliini, kerroin yhden tavoitteeni olevan, ett\u00e4 Kuopiossa tullaan tulevaisuudessakin pelaamaan europelej\u00e4 s\u00e4\u00e4nn\u00f6llisesti. Silloin kaikki hymisteliv\u00e4t ja ny\u00f6kk\u00e4iliv\u00e4t kauniisti, mutta ei kukaan varmaan uskonut.\u201d<\/p>\n<p class=\"article-body mb-nof-24 px-nof-16\">\u201dHalusin tuoda Kuopioon tietty\u00e4 kansainv\u00e4lisyytt\u00e4 ja luoda nuorille jalkapalloilijoille esimerkkej\u00e4 siit\u00e4, ett\u00e4 Kuopiossakin voidaan p\u00e4rj\u00e4t\u00e4, on esikuvia ja syntyy hienoja tarinoita. Itse muistan omasta lapsuudestani sellaisia\u201d, Lahti sanoo.<\/p>\n<p class=\"article-body mb-nof-24 px-nof-16\">Kuopiossa uuden stadionin rakentaminen on ollut pitk\u00e4aikainen kunnallispoliittinen kiistakappale. T\u00e4n\u00e4 syksyn\u00e4 uuden 8\u202f000 katsojapaikan areenan suunnitelmat nytk\u00e4htiv\u00e4t j\u00e4lleen uudestaan eteenp\u00e4in. Vetovastuu on Kuopion kaupungilla.<\/p>\n<p class=\"article-body mb-nof-24 px-nof-16\">\u201dOn puhuttu, ett\u00e4 l\u00e4hikuukausina ly\u00f6t\u00e4isiin lukkoon, syntyyk\u00f6 stadion vai ei\u201d, Lahti kertoo tietonsa prosessista.<\/p>\n<p class=\"article-body mb-nof-24 px-nof-16\">H\u00e4n arvelee, ett\u00e4 uusi stadion voisi valmistua kaudeksi 2028.<\/p>\n","protected":false},"excerpt":{"rendered":"Jalkapallo|Kuopion Palloseuralla on vihdoin my\u00f6s taloudellisesti hyv\u00e4 kausi. Lue tiivistelm\u00e4 Tiivistelm\u00e4 on teko\u00e4lyn tekem\u00e4 ja ihmisen tarkistama. Kuopion&hellip;\n","protected":false},"author":2,"featured_media":83801,"comment_status":"","ping_status":"","sticky":false,"template":"","format":"standard","meta":{"footnotes":""},"categories":[158],"tags":[33,31,30,46,159,32,160],"class_list":{"0":"post-83800","1":"post","2":"type-post","3":"status-publish","4":"format-standard","5":"has-post-thumbnail","7":"category-urheilu","8":"tag-fi","9":"tag-finland","10":"tag-finnish","11":"tag-helsingin-sanomat","12":"tag-sports","13":"tag-suomi","14":"tag-urheilu"},"share_on_mastodon":{"url":"https:\/\/pubeurope.com\/@fi\/115509033407372215","error":""},"_links":{"self":[{"href":"https:\/\/www.europesays.com\/fi\/wp-json\/wp\/v2\/posts\/83800","targetHints":{"allow":["GET"]}}],"collection":[{"href":"https:\/\/www.europesays.com\/fi\/wp-json\/wp\/v2\/posts"}],"about":[{"href":"https:\/\/www.europesays.com\/fi\/wp-json\/wp\/v2\/types\/post"}],"author":[{"embeddable":true,"href":"https:\/\/www.europesays.com\/fi\/wp-json\/wp\/v2\/users\/2"}],"replies":[{"embeddable":true,"href":"https:\/\/www.europesays.com\/fi\/wp-json\/wp\/v2\/comments?post=83800"}],"version-history":[{"count":0,"href":"https:\/\/www.europesays.com\/fi\/wp-json\/wp\/v2\/posts\/83800\/revisions"}],"wp:featuredmedia":[{"embeddable":true,"href":"https:\/\/www.europesays.com\/fi\/wp-json\/wp\/v2\/media\/83801"}],"wp:attachment":[{"href":"https:\/\/www.europesays.com\/fi\/wp-json\/wp\/v2\/media?parent=83800"}],"wp:term":[{"taxonomy":"category","embeddable":true,"href":"https:\/\/www.europesays.com\/fi\/wp-json\/wp\/v2\/categories?post=83800"},{"taxonomy":"post_tag","embeddable":true,"href":"https:\/\/www.europesays.com\/fi\/wp-json\/wp\/v2\/tags?post=83800"}],"curies":[{"name":"wp","href":"https:\/\/api.w.org\/{rel}","templated":true}]}}