{"id":83851,"date":"2025-11-07T16:29:09","date_gmt":"2025-11-07T16:29:09","guid":{"rendered":"https:\/\/www.europesays.com\/fi\/83851\/"},"modified":"2025-11-07T16:29:09","modified_gmt":"2025-11-07T16:29:09","slug":"j-d-vance-ja-erika-kirk-syleilivat","status":"publish","type":"post","link":"https:\/\/www.europesays.com\/fi\/83851\/","title":{"rendered":"J. D. Vance ja Erika Kirk syleiliv\u00e4t"},"content":{"rendered":"<p>Yhdysvaltain varapresidentin ja kuolleen aktivistin vaimon halausta pidet\u00e4\u00e4n \u201dintiimin\u00e4\u201d.<\/p>\n<p><img decoding=\"async\" class=\"image image-show image-preview\" src=\"https:\/\/www.europesays.com\/fi\/wp-content\/uploads\/2025\/11\/f86557172cc8c60a4daed4a1dfba525cf6c2548f8cd734dc6b1bfe9fc7d71d42.jpg\" alt=\"\"\/><img decoding=\"async\" class=\"image image-show\" src=\"https:\/\/www.europesays.com\/fi\/wp-content\/uploads\/2025\/11\/1762532949_109_f86557172cc8c60a4daed4a1dfba525cf6c2548f8cd734dc6b1bfe9fc7d71d42.jpg\" alt=\"\"\/><\/p>\n<p>Erika Kirk astui oikeistokonservatiivisen Turning Point USA:n johtoon miehens\u00e4 kuoleman j\u00e4lkeen. ZumaWire \/ MVPHOTOS<\/p>\n<p class=\"paragraph\">Yhdysvaltain varapresidentti <a href=\"https:\/\/www.iltalehti.fi\/henkilot\/J. D. Vance\" class=\"article-link-person-page\" rel=\"nofollow noopener\" target=\"_blank\">J. D. Vance<\/a> ja murhatun oikeistolaisaktivistin <a href=\"https:\/\/www.iltalehti.fi\/henkilot\/Charlie Kirk\" class=\"article-link-person-page\" rel=\"nofollow noopener\" target=\"_blank\">Charlie Kirkin<\/a> leski <a href=\"https:\/\/www.iltalehti.fi\/henkilot\/Erika Kirk\" class=\"article-link-person-page\" rel=\"nofollow noopener\" target=\"_blank\">Erika Kirk<\/a> kohtasivat Mississippin yliopiston kampuksella j\u00e4rjestetyn tapahtuman lavalla.<\/p>\n<p class=\"paragraph\">Kirk johtaa nyky\u00e4\u00e4n oikeiskonservatiivista Turning Point USA -j\u00e4rjest\u00f6\u00e4. Vance oli kutsuttu puhumaan j\u00e4rjest\u00f6n tapahtumassa.<\/p>\n<p class=\"paragraph\">Kirk vaikutti liikuttuneelta puhuessaan miehest\u00e4\u00e4n, eik\u00e4 s\u00e4\u00e4stellyt my\u00f6sk\u00e4\u00e4n J. D. Vanceen kohdistuvia ylisanoja.<\/p>\n<p class=\"paragraph\">\u2013 Kukaan ei tule ikin\u00e4 korvaamaan aviomiest\u00e4ni, Kirk sanoi, mutta lis\u00e4si n\u00e4kev\u00e4ns\u00e4 Charlie Kirkiss\u00e4 ja Vancessa joitakin yht\u00e4l\u00e4isyyksi\u00e4.<\/p>\n<p class=\"paragraph\">\u2013 Siksi olenkin niin onnekas voidessani esitell\u00e4 h\u00e4net t\u00e4n\u00e4 iltana, Kirk sanoi.<\/p>\n<p class=\"paragraph\">Kirkin puheen j\u00e4lkeen Vance ja Kirk halasivat toisiaan tiukasti. Kaksikon \u201dintiimi\u201d halaus levisi netiss\u00e4 nopeasti, kertoo <a href=\"https:\/\/people.com\/jd-vance-erika-kirk-hug-11841052\" rel=\"noopener nofollow\" target=\"_blank\">People<\/a>-lehti.<\/p>\n<p class=\"paragraph\">Halauksen aikana Kirk siirsi k\u00e4tens\u00e4 Vancen hiuksiin ja Vance laski k\u00e4tens\u00e4 Kirkin lantiolle.<\/p>\n<p class=\"paragraph\"><a href=\"https:\/\/www.buzzfeed.com\/jillianwilson\/jd-vance-erika-kirk-hug-body-language\" rel=\"noopener nofollow\" target=\"_blank\">Buzzfeedin<\/a> haastattelemat kehonkielen asiantuntijat pitiv\u00e4t halausta jopa \u201dsuperintiimin\u00e4\u201d. Halauksessa oli yhden asiantuntijan arvion mukaan \u201dseksuaalinen elementti\u201d.<\/p>\n<p class=\"paragraph\">V\u00e4hint\u00e4\u00e4nkin tiiviit otteet kertovat siit\u00e4, ett\u00e4 kaksikko on toisilleen l\u00e4heinen, asiantuntijat arvioivat.<\/p>\n<p>Moni on pit\u00e4nyt Erika Kirkin ja J. D. Vancen halausta sopimattomana. ZumaWire \/ MVPHOTOS<\/p>\n<p>Mit\u00e4 lavalla sanottiin<\/p>\n<p class=\"paragraph\">Vancen ja Kirkin tekemisi\u00e4 analysoitiin tarkkaan.<\/p>\n<p class=\"paragraph\"><a href=\"https:\/\/www.themirror.com\/entertainment\/celebrity-news\/erika-kirk-jd-vance-embrace-1478713\" rel=\"noopener nofollow\" target=\"_blank\">US Mirror<\/a> -lehden haastatteleman huulilta lukijan mukaan tilaisuudessa puhuminen vaikutti olevan Kirkille vaikea paikka.<\/p>\n<p class=\"paragraph\">\u2013 En pysty t\u00e4h\u00e4n. En halua tehd\u00e4 t\u00e4t\u00e4, Kirkin v\u00e4itet\u00e4\u00e4n sanoneen avustajalleen ennen lavalle astumista.<\/p>\n<p class=\"paragraph\">Mirrorin haastatteleman huulilta lukijan mukaan Vance sanoi halauksen aikana Kirkille olevansa t\u00e4st\u00e4 ylpe\u00e4.<\/p>\n<p class=\"paragraph\">\u2013 Se ei tuo h\u00e4nt\u00e4 [aviomies Charlie Kirki\u00e4] takaisin, Kirkin v\u00e4itet\u00e4\u00e4n vastanneen.<\/p>\n","protected":false},"excerpt":{"rendered":"Yhdysvaltain varapresidentin ja kuolleen aktivistin vaimon halausta pidet\u00e4\u00e4n \u201dintiimin\u00e4\u201d. Erika Kirk astui oikeistokonservatiivisen Turning Point USA:n johtoon miehens\u00e4&hellip;\n","protected":false},"author":2,"featured_media":83852,"comment_status":"","ping_status":"","sticky":false,"template":"","format":"standard","meta":{"footnotes":""},"categories":[14],"tags":[35,22,23,26,27,33,31,30,17,24,25,28,29,15,18,21,142,637,144,886,32,19,20,56,16,59,60,61,143],"class_list":{"0":"post-83851","1":"post","2":"type-post","3":"status-publish","4":"format-standard","5":"has-post-thumbnail","7":"category-ulkomaat","8":"tag-24h","9":"tag-breaking-news","10":"tag-breakingnews","11":"tag-featured-news","12":"tag-featurednews","13":"tag-fi","14":"tag-finland","15":"tag-finnish","16":"tag-headlines","17":"tag-latest-news","18":"tag-latestnews","19":"tag-main-news","20":"tag-mainnews","21":"tag-news","22":"tag-otsikot","23":"tag-paauutiset","24":"tag-poliitikot","25":"tag-politiikka","26":"tag-presidentti","27":"tag-puolueet","28":"tag-suomi","29":"tag-top-stories","30":"tag-topstories","31":"tag-ulkomaat","32":"tag-uutiset","33":"tag-world","34":"tag-world-news","35":"tag-worldnews","36":"tag-yhdysvaltain-politiikka"},"share_on_mastodon":{"url":"https:\/\/pubeurope.com\/@fi\/115509367076285640","error":""},"_links":{"self":[{"href":"https:\/\/www.europesays.com\/fi\/wp-json\/wp\/v2\/posts\/83851","targetHints":{"allow":["GET"]}}],"collection":[{"href":"https:\/\/www.europesays.com\/fi\/wp-json\/wp\/v2\/posts"}],"about":[{"href":"https:\/\/www.europesays.com\/fi\/wp-json\/wp\/v2\/types\/post"}],"author":[{"embeddable":true,"href":"https:\/\/www.europesays.com\/fi\/wp-json\/wp\/v2\/users\/2"}],"replies":[{"embeddable":true,"href":"https:\/\/www.europesays.com\/fi\/wp-json\/wp\/v2\/comments?post=83851"}],"version-history":[{"count":0,"href":"https:\/\/www.europesays.com\/fi\/wp-json\/wp\/v2\/posts\/83851\/revisions"}],"wp:featuredmedia":[{"embeddable":true,"href":"https:\/\/www.europesays.com\/fi\/wp-json\/wp\/v2\/media\/83852"}],"wp:attachment":[{"href":"https:\/\/www.europesays.com\/fi\/wp-json\/wp\/v2\/media?parent=83851"}],"wp:term":[{"taxonomy":"category","embeddable":true,"href":"https:\/\/www.europesays.com\/fi\/wp-json\/wp\/v2\/categories?post=83851"},{"taxonomy":"post_tag","embeddable":true,"href":"https:\/\/www.europesays.com\/fi\/wp-json\/wp\/v2\/tags?post=83851"}],"curies":[{"name":"wp","href":"https:\/\/api.w.org\/{rel}","templated":true}]}}