{"id":83858,"date":"2025-11-07T16:48:11","date_gmt":"2025-11-07T16:48:11","guid":{"rendered":"https:\/\/www.europesays.com\/fi\/83858\/"},"modified":"2025-11-07T16:48:11","modified_gmt":"2025-11-07T16:48:11","slug":"nyt-ilmaiskatselussa-laatunayttelijoiden-intensiivinen-oikeussalitrilleri-miesta-syytetaan-jarkyttavista-sotarikoksista","status":"publish","type":"post","link":"https:\/\/www.europesays.com\/fi\/83858\/","title":{"rendered":"Nyt ilmaiskatselussa: Laatun\u00e4yttelij\u00f6iden intensiivinen oikeussalitrilleri \u2013 Miest\u00e4 syytet\u00e4\u00e4n j\u00e4rkytt\u00e4vist\u00e4 sotarikoksista"},"content":{"rendered":"<p>Claire Kubik (<strong>Ashley Judd<\/strong>) on menestyv\u00e4 puolustusasianajaja, joka el\u00e4\u00e4 onnellista el\u00e4m\u00e4\u00e4 aviomiehens\u00e4 Tomin (<strong>Jim Caviezel<\/strong>) kanssa. Heid\u00e4n idyllins\u00e4 kuitenkin romahtaa, kun Tom pid\u00e4tet\u00e4\u00e4n yll\u00e4tt\u00e4en armeijan sotapoliisin toimesta.<\/p>\n<p>Pian selvi\u00e4\u00e4, ettei \u201cTom Kubik\u201d ole h\u00e4nen oikea nimens\u00e4: todellisuudessa h\u00e4n on Ron Chapman, jota syytet\u00e4\u00e4n yhdeks\u00e4n siviilin joukkosurman toteuttamisesta El Salvadorissa 1980-luvulla, h\u00e4nen palvellessaan tuolloin Yhdysvaltain armeijassa.<\/p>\n<p>Vaikka Clairella ei ole kokemusta armeijan oikeusj\u00e4rjestelm\u00e4st\u00e4, h\u00e4n p\u00e4\u00e4tt\u00e4\u00e4 puolustaa miest\u00e4\u00e4n sotilastuomioistuimessa. Avukseen h\u00e4n saa entisen sotilasasianajajan Charles Grimesin (<strong>Morgan Freeman<\/strong>), joka on kokenut, mutta kyyninen ja alkoholisoitunut puolustusasianajaja.<\/p>\n<p><strong>Carl Franklinin<\/strong> ohjaama Salattu rikos (High Crimes, 2002) on trilleri, joka tarjoaa runsaasti kutkuttavia oikeussalidraaman hetki\u00e4. Elokuva on tyylilt\u00e4\u00e4n vahvasti 1990-luvun j\u00e4nn\u00e4reiden perillinen, ja sen sivuosissa n\u00e4hd\u00e4\u00e4n muun muassa <strong>Adam Scott<\/strong>, <strong>Amanda Peet<\/strong>, <strong>Bruce Davison<\/strong> ja <strong>Michael Shannon<\/strong>.<\/p>\n<p>T\u00e4m\u00e4n elokuvan voi katsoa nyt ilmaiseksi Rakuten TV:ss\u00e4. Suoratoistoon on valittavissa suomenkielinen tekstitys ja \u00e4\u00e4niraidaksi joko 5.1 tai 2.0.<\/p>\n<p>Lue my\u00f6s: <a href=\"https:\/\/www.episodi.fi\/uutiset\/nyt-ilmaiskatselussa-the-rock-jakaa-kovakouraista-oikeutta-toimintaa-tihkuvassa-uusintaversiossa\/\" title=\"Nyt ilmaiskatselussa: The Rock jakaa kovakouraista oikeutta toimintaa tihkuvassa uusintaversiossa\" class=\"underline-custom !font-montserrat !font-bold !underline-offset-4 !decoration-4 !decoration-episodi-blue !text-md\" rel=\"nofollow noopener\" target=\"_blank\">Nyt ilmaiskatselussa: The Rock jakaa kovakouraista oikeutta toimintaa tihkuvassa uusintaversiossa<\/a><\/p>\n<p>Katso\u00a0Salattu rikos\u00a0<a href=\"https:\/\/www.rakuten.tv\/fi?content_type=movies&amp;content_id=salattu-rikos\" target=\"_blank\" rel=\"noreferrer noopener nofollow\">t\u00e4\u00e4ll\u00e4<\/a>. Elokuvan ik\u00e4raja on K-16 ja sen kesto oli Episodin katselussa 117 minuuttia mainoksien kera. Ota huomioon, ett\u00e4 mainoksien m\u00e4\u00e4r\u00e4 voi vaihdella katselukohtaisesti.<\/p>\n<p>Elokuva kuuluu my\u00f6s my\u00f6s Disney Plussan valikoimaan.<\/p>\n<p><img loading=\"lazy\" decoding=\"async\" alt=\"YouTube video\" width=\"480\" height=\"360\" data-pin-nopin=\"true\" nopin=\"nopin\" class=\"perfmatters-lazy\" src=\"https:\/\/www.europesays.com\/fi\/wp-content\/uploads\/2025\/11\/1762534091_636_hqdefault.jpg\"\/><\/p>\n<p>Lue my\u00f6s: <a href=\"https:\/\/www.episodi.fi\/uutiset\/nyt-ilmaiskatselussa-darren-aronofskyn-visuaalinen-mestariteos-fantasia-rakkaudesta-ja-kuolemasta\/\" title=\"Nyt ilmaiskatselussa: Darren Aronofskyn visuaalinen mestariteos \u2013 fantasia rakkaudesta ja kuolemasta\" class=\"underline-custom !font-montserrat !font-bold !underline-offset-4 !decoration-4 !decoration-episodi-blue !text-md\" rel=\"nofollow noopener\" target=\"_blank\">Nyt ilmaiskatselussa: Darren Aronofskyn visuaalinen mestariteos \u2013 fantasia rakkaudesta ja kuolemasta<\/a><\/p>\n<p>Lue my\u00f6s: <a href=\"https:\/\/www.episodi.fi\/uutiset\/nyt-ilmaiskatselussa-mel-gibsonin-synkan-humoristinen-ja-vakivaltainen-joulutarina-pukki-saa-peraansa-palkkamurhaajan\/\" title=\"Nyt ilmaiskatselussa: Mel Gibsonin synk\u00e4n humoristinen ja v\u00e4kivaltainen joulutarina \u2013 Pukki saa per\u00e4\u00e4ns\u00e4 palkkamurhaajan\" class=\"underline-custom !font-montserrat !font-bold !underline-offset-4 !decoration-4 !decoration-episodi-blue !text-md\" rel=\"nofollow noopener\" target=\"_blank\">Nyt ilmaiskatselussa: Mel Gibsonin synk\u00e4n humoristinen ja v\u00e4kivaltainen joulutarina \u2013 Pukki saa per\u00e4\u00e4ns\u00e4 palkkamurhaajan<\/a><\/p>\n<p>Lue my\u00f6s: <a href=\"https:\/\/www.episodi.fi\/uutiset\/nyt-ilmaiskatselussa-1800-luvulle-sijoittuva-raaka-kauhutrilleri-sarjamurhaaja-matkii-kirjailijan-teoksia\/\" title=\"Nyt ilmaiskatselussa: 1800-luvulle sijoittuva raaka kauhutrilleri \u2013 sarjamurhaaja matkii kirjailijan teoksia\" class=\"underline-custom !font-montserrat !font-bold !underline-offset-4 !decoration-4 !decoration-episodi-blue !text-md\" rel=\"nofollow noopener\" target=\"_blank\">Nyt ilmaiskatselussa: 1800-luvulle sijoittuva raaka kauhutrilleri \u2013 sarjamurhaaja matkii kirjailijan teoksia<\/a><\/p>\n<p>Lue my\u00f6s: <a href=\"https:\/\/www.episodi.fi\/uutiskirje\/?uutiskirjemainos=tekstilinkkimainos\" title=\"Tilaa Episodin uutiskirje ja voit voittaa leffalippuja! Nappaa tv-vinkit suoraan s\u00e4hk\u00f6postiin t\u00e4st\u00e4.\" class=\"underline-custom !font-montserrat !font-bold !underline-offset-4 !decoration-4 !decoration-episodi-blue !text-md\" rel=\"nofollow noopener\" target=\"_blank\">Tilaa Episodin uutiskirje ja voit voittaa leffalippuja! Nappaa katseluvinkit suoraan s\u00e4hk\u00f6postiin t\u00e4st\u00e4.<\/a><\/p>\n","protected":false},"excerpt":{"rendered":"Claire Kubik (Ashley Judd) on menestyv\u00e4 puolustusasianajaja, joka el\u00e4\u00e4 onnellista el\u00e4m\u00e4\u00e4 aviomiehens\u00e4 Tomin (Jim Caviezel) kanssa. Heid\u00e4n idyllins\u00e4&hellip;\n","protected":false},"author":2,"featured_media":83859,"comment_status":"","ping_status":"","sticky":false,"template":"","format":"standard","meta":{"footnotes":""},"categories":[131],"tags":[17280,155,137,33,173,31,30,4704,11549,172,500,32,109],"class_list":{"0":"post-83858","1":"post","2":"type-post","3":"status-publish","4":"format-standard","5":"has-post-thumbnail","7":"category-elokuvat","8":"tag-ashley-judd","9":"tag-elokuvat","10":"tag-entertainment","11":"tag-fi","12":"tag-film","13":"tag-finland","14":"tag-finnish","15":"tag-jim-caviezel","16":"tag-morgan-freeman","17":"tag-movies","18":"tag-rakuten-tv","19":"tag-suomi","20":"tag-viihde"},"share_on_mastodon":{"url":"https:\/\/pubeurope.com\/@fi\/115509441680149039","error":""},"_links":{"self":[{"href":"https:\/\/www.europesays.com\/fi\/wp-json\/wp\/v2\/posts\/83858","targetHints":{"allow":["GET"]}}],"collection":[{"href":"https:\/\/www.europesays.com\/fi\/wp-json\/wp\/v2\/posts"}],"about":[{"href":"https:\/\/www.europesays.com\/fi\/wp-json\/wp\/v2\/types\/post"}],"author":[{"embeddable":true,"href":"https:\/\/www.europesays.com\/fi\/wp-json\/wp\/v2\/users\/2"}],"replies":[{"embeddable":true,"href":"https:\/\/www.europesays.com\/fi\/wp-json\/wp\/v2\/comments?post=83858"}],"version-history":[{"count":0,"href":"https:\/\/www.europesays.com\/fi\/wp-json\/wp\/v2\/posts\/83858\/revisions"}],"wp:featuredmedia":[{"embeddable":true,"href":"https:\/\/www.europesays.com\/fi\/wp-json\/wp\/v2\/media\/83859"}],"wp:attachment":[{"href":"https:\/\/www.europesays.com\/fi\/wp-json\/wp\/v2\/media?parent=83858"}],"wp:term":[{"taxonomy":"category","embeddable":true,"href":"https:\/\/www.europesays.com\/fi\/wp-json\/wp\/v2\/categories?post=83858"},{"taxonomy":"post_tag","embeddable":true,"href":"https:\/\/www.europesays.com\/fi\/wp-json\/wp\/v2\/tags?post=83858"}],"curies":[{"name":"wp","href":"https:\/\/api.w.org\/{rel}","templated":true}]}}