{"id":83861,"date":"2025-11-07T16:50:09","date_gmt":"2025-11-07T16:50:09","guid":{"rendered":"https:\/\/www.europesays.com\/fi\/83861\/"},"modified":"2025-11-07T16:50:09","modified_gmt":"2025-11-07T16:50:09","slug":"paavalmentaja-jarkko-wiss-tietaa-miksi-kups-menestyy-niin-kotimaassa-kuin-eurokentilla-urheilua-lyhyesti","status":"publish","type":"post","link":"https:\/\/www.europesays.com\/fi\/83861\/","title":{"rendered":"P\u00e4\u00e4valmentaja Jarkko Wiss tiet\u00e4\u00e4, miksi KuPS menestyy niin kotimaassa kuin eurokentill\u00e4 | Urheilua lyhyesti"},"content":{"rendered":"<p class=\"aw-1gybjub aw-5vja16 kEtdKx kmuxyA yle__article__paragraph\">Kuopion Palloseura otti torstaina historiallisen europelivoiton. P\u00e4\u00e4valmentaja Jarkko Wiss kertoi tuntevansa ylpeytt\u00e4 joukkueestaan.<\/p>\n<p><img decoding=\"async\" alt=\"KuPS juhlii europelivoittoaan Tampereella.\" src=\"https:\/\/www.europesays.com\/fi\/wp-content\/uploads\/2025\/11\/39-1550137690d29f93fdcf.jpeg\" class=\"aw-1l9m598 hKVVvP\"\/><\/p>\n<p>Avaa kuvien katselu<\/p>\n<p>KuPSin pelaajat ottivat ilon irti Konferenssiliiga-voitostaan. Kuva: Getty Images<\/p>\n<p class=\"aw-1gybjub aw-1p7kakr kEtdKx cEmitX yle__article__paragraph\">KuPSin p\u00e4\u00e4valmentaja <strong class=\"aw-ak79eh KyCXm yle__article__strong\">Jarkko Wiss<\/strong> myh\u00e4ili viel\u00e4 perjantainakin tyytyv\u00e4isen\u00e4, kun h\u00e4n mietti joukkueensa torstai-illan voittoa jalkapallon Konferenssiliigassa. 3\u20131-voitto Slovan Bratislavasta nosti joukkueen tunnelmat kattoon niin Tampereen Tammelan stadionilla kuin pukukopissakin.<\/p>\n<p class=\"aw-1gybjub aw-1p7kakr kEtdKx cEmitX yle__article__paragraph\">\u2013 Kyll\u00e4 t\u00e4m\u00e4 on sellaista tyytyv\u00e4isyytt\u00e4 ja ylpeytt\u00e4 joukkueen pelaamisesta. Se, ett\u00e4 meill\u00e4 on n\u00e4in vahva rinki ja n\u00e4in lujia tyyppej\u00e4 my\u00f6s henkisesti. Uskalsimme oikeasti olla tosi rohkeita pallon kanssa. Se oli nautittavaa katsella, Wiss tunnelmoi.<\/p>\n<p class=\"aw-1gybjub aw-1p7kakr kEtdKx cEmitX yle__article__paragraph\">KuPS on pelannut nyt kolme ottelua, joista se on saavuttanut kaksi tasapeli\u00e4 ja yhden voiton. Viidell\u00e4 pisteell\u00e4 kuopiolaiset ovat 36 joukkueen liigassa nyt sijalla 11. Kahdeksan parasta etenee suoraan nelj\u00e4nnesv\u00e4lieriin.<\/p>\n<p class=\"aw-1gybjub aw-1p7kakr kEtdKx cEmitX yle__article__paragraph\">\u2013 Ovathan n\u00e4m\u00e4 tosi merkityksellisi\u00e4 asioita. On jo huikeaa, ett\u00e4 p\u00e4\u00e4semme lohkovaiheeseen ja viel\u00e4 huikeampaa, ett\u00e4 pystyt\u00e4\u00e4n menestym\u00e4\u00e4n. Emme ole h\u00e4vinneet kertaakaan. Tietenkin ainahan t\u00e4m\u00e4 auttaa kaikkia. Kun joku suomalainen joukkue menestyy, niin Suomi saa n\u00e4kyvyytt\u00e4, KuPS-puolustaja <strong class=\"aw-ak79eh KyCXm yle__article__strong\">Samuli Miettinen<\/strong> sanoi.<\/p>\n<p>Jarkko Wiss kertoo menestyksen merkityksest\u00e4.<\/p>\n<p class=\"aw-1gybjub aw-1p7kakr kEtdKx cEmitX yle__article__paragraph\">Miettisen mukaan mestaruuden varmistuminen toi pelaajille itseluottamusta, ja joukkue pystyi pelaamaan rennoin mielin ja pelaamaan omaa peli\u00e4\u00e4n.<\/p>\n<p class=\"aw-1gybjub aw-1p7kakr kEtdKx cEmitX yle__article__paragraph\">\u2013 N\u00e4m\u00e4 ovat isoja pelej\u00e4. P\u00e4\u00e4st\u00e4\u00e4n joukkueena n\u00e4ytt\u00e4m\u00e4\u00e4n omaa tekemist\u00e4mme, ja onhan noissa paljon enemm\u00e4n n\u00e4kyvyytt\u00e4 kuin \u2013 valitettavasti \u2013 Veikkausliigan peleiss\u00e4. Tuolla voi hyv\u00e4ll\u00e4 pelill\u00e4 aukaista itselleen paljon uusia ovia.<\/p>\n<p>Selv\u00e4 syy menestykseen<\/p>\n<p class=\"aw-1gybjub aw-1p7kakr kEtdKx cEmitX yle__article__paragraph\">KuPS varmisti maanantaina jo toisen per\u00e4kk\u00e4isen Veikkausliiga-mestaruutensa. Kuopiolaiset juhlivat mestaruutta my\u00f6s syksyll\u00e4 2019 ja ovat olleet mitaleilla joka kerta yhdeks\u00e4n viime kauden aikana.<\/p>\n<p class=\"aw-1gybjub aw-1p7kakr kEtdKx cEmitX yle__article__paragraph\">21-vuotias Miettinen on KuPSin kasvatti. H\u00e4nen mukaansa KuPS on ollut huipulla jo useamman vuoden ajan ja taistellut joka vuosi mestaruudesta.<\/p>\n<p class=\"aw-1gybjub aw-1p7kakr kEtdKx cEmitX yle__article__paragraph\">\u2013 Ei sen pit\u00e4isi olla en\u00e4\u00e4 mik\u00e4\u00e4n ep\u00e4selvyys, ett\u00e4 olemme Suomen johtavia seuroja. Minun mielest\u00e4ni vahvuus on tuo seurayhteis\u00f6. Olemme kuin yht\u00e4 perhett\u00e4 seuran sis\u00e4ll\u00e4, Miettinen sanoi.<\/p>\n<p class=\"aw-1gybjub aw-1p7kakr kEtdKx cEmitX yle__article__paragraph\">T\u00e4ksi kaudeksi KuPSin p\u00e4\u00e4valmentajaksi tullut Wiss n\u00e4kee menestykseen selv\u00e4n syyn: kova ty\u00f6nteko.<\/p>\n<p class=\"aw-1gybjub aw-1p7kakr kEtdKx cEmitX yle__article__paragraph\">\u2013 Se on sellainen ty\u00f6nteon kulttuuri. On laadukasta valmennusta ja pelaajat odottavatkin sit\u00e4. Yleisesti ottaen t\u00f6it\u00e4 tehd\u00e4\u00e4n tosi paljon. Hyvin harvoin kukaan valittaa yht\u00e4\u00e4n mist\u00e4\u00e4n, vaan tehd\u00e4\u00e4n se duuni, Wiss kertoi.<\/p>\n<p>Samuli Miettinen kertoo europelien merkityksest\u00e4 itselleen.<\/p>\n<p class=\"aw-1gybjub aw-1p7kakr kEtdKx cEmitX yle__article__paragraph\">Esimerkiksi otteluruuhkasta joukkue ei ole tehnyt itselleen ongelmaa, vaan k\u00e4\u00e4nt\u00e4nyt sen positiiviseksi asiaksi. Wissin mukaan t\u00e4m\u00e4 on vain \u201dyhteist\u00e4 laatuaikaa poikien kanssa\u201d. Valmennus on my\u00f6s saanut mahdollisuuden tehd\u00e4 rohkeita valintoja rotaatioon.<\/p>\n<p class=\"aw-1gybjub aw-1p7kakr kEtdKx cEmitX yle__article__paragraph\">Wiss my\u00f6nt\u00e4\u00e4kin, ett\u00e4 v\u00e4lill\u00e4 on tuntunut silt\u00e4, ett\u00e4 ottelun p\u00e4\u00e4tt\u00e4v\u00e4 kokoonpano on ollut vahvempi kuin aloittava.<\/p>\n<p>Palkinto kaudesta tulossa<\/p>\n<p class=\"aw-1gybjub aw-1p7kakr kEtdKx cEmitX yle__article__paragraph\">Veikkausliigan mestaruussarjaa on j\u00e4ljell\u00e4 en\u00e4\u00e4 yksi kierros. KuPS p\u00e4\u00e4see juhlimaan mestaruuttaan sunnuntaina HJK:n vieraana. Vaikka mestaruus on jo varmistunut, Wiss vakuuttaa, ett\u00e4 KuPS haluaa p\u00e4\u00e4tt\u00e4\u00e4 kauden voittoon.<\/p>\n<p class=\"aw-1gybjub aw-1p7kakr kEtdKx cEmitX yle__article__paragraph\">\u2013 Se on palkinto t\u00e4st\u00e4 kaudesta. Tiedet\u00e4\u00e4n, ett\u00e4 siin\u00e4 tulee hienoja hetki\u00e4, saadaan palkintoja, niin nautitaan siit\u00e4.<\/p>\n<p class=\"aw-1gybjub aw-1p7kakr kEtdKx cEmitX yle__article__paragraph\">Ylen TV2:n p\u00e4\u00e4ottelu Veikkausliiga-kauden viimeisell\u00e4 kierroksella sunnuntaina 9. marraskuuta on HJK\u2013KuPS. L\u00e4hetyksess\u00e4 seurataan my\u00f6s otteluita Inter\u2013Ilves ja SJK\u2013Gnistan.<\/p>\n<p class=\"aw-1gybjub aw-1p7kakr kEtdKx cEmitX yle__article__paragraph\">KuPS kohtaa Konferenssiliigassa seuraavaksi Jagiellonia Bia\u0142ystokin Puolassa 27. marraskuuta.<\/p>\n","protected":false},"excerpt":{"rendered":"Kuopion Palloseura otti torstaina historiallisen europelivoiton. P\u00e4\u00e4valmentaja Jarkko Wiss kertoi tuntevansa ylpeytt\u00e4 joukkueestaan. Avaa kuvien katselu KuPSin pelaajat&hellip;\n","protected":false},"author":2,"featured_media":83862,"comment_status":"","ping_status":"","sticky":false,"template":"","format":"standard","meta":{"footnotes":""},"categories":[158],"tags":[33,31,30,43,17281,1132,3299,1136,159,32,160,45],"class_list":{"0":"post-83861","1":"post","2":"type-post","3":"status-publish","4":"format-standard","5":"has-post-thumbnail","7":"category-urheilu","8":"tag-fi","9":"tag-finland","10":"tag-finnish","11":"tag-jalkapallo","12":"tag-jarkko-wiss","13":"tag-kuopio","14":"tag-kuopion-palloseura","15":"tag-pohjois-savo","16":"tag-sports","17":"tag-suomi","18":"tag-urheilu","19":"tag-veikkausliiga"},"share_on_mastodon":{"url":"https:\/\/pubeurope.com\/@fi\/115509449506635814","error":""},"_links":{"self":[{"href":"https:\/\/www.europesays.com\/fi\/wp-json\/wp\/v2\/posts\/83861","targetHints":{"allow":["GET"]}}],"collection":[{"href":"https:\/\/www.europesays.com\/fi\/wp-json\/wp\/v2\/posts"}],"about":[{"href":"https:\/\/www.europesays.com\/fi\/wp-json\/wp\/v2\/types\/post"}],"author":[{"embeddable":true,"href":"https:\/\/www.europesays.com\/fi\/wp-json\/wp\/v2\/users\/2"}],"replies":[{"embeddable":true,"href":"https:\/\/www.europesays.com\/fi\/wp-json\/wp\/v2\/comments?post=83861"}],"version-history":[{"count":0,"href":"https:\/\/www.europesays.com\/fi\/wp-json\/wp\/v2\/posts\/83861\/revisions"}],"wp:featuredmedia":[{"embeddable":true,"href":"https:\/\/www.europesays.com\/fi\/wp-json\/wp\/v2\/media\/83862"}],"wp:attachment":[{"href":"https:\/\/www.europesays.com\/fi\/wp-json\/wp\/v2\/media?parent=83861"}],"wp:term":[{"taxonomy":"category","embeddable":true,"href":"https:\/\/www.europesays.com\/fi\/wp-json\/wp\/v2\/categories?post=83861"},{"taxonomy":"post_tag","embeddable":true,"href":"https:\/\/www.europesays.com\/fi\/wp-json\/wp\/v2\/tags?post=83861"}],"curies":[{"name":"wp","href":"https:\/\/api.w.org\/{rel}","templated":true}]}}