{"id":83893,"date":"2025-11-07T17:36:07","date_gmt":"2025-11-07T17:36:07","guid":{"rendered":"https:\/\/www.europesays.com\/fi\/83893\/"},"modified":"2025-11-07T17:36:07","modified_gmt":"2025-11-07T17:36:07","slug":"abc-louvren-valvontakameroiden-salasana-oli-louvre-kertoo-tyontekija","status":"publish","type":"post","link":"https:\/\/www.europesays.com\/fi\/83893\/","title":{"rendered":"ABC: Louvren valvontakameroiden salasana oli \u201dLouvre\u201d, kertoo ty\u00f6ntekij\u00e4"},"content":{"rendered":"<p>Ranska|Museon turvatoimien riitt\u00e4vyytt\u00e4 on kyseenalaistettu varkauden j\u00e4lkeen.<\/p>\n<p>Lue tiivistelm\u00e4<\/p>\n<p>Tiivistelm\u00e4 on teko\u00e4lyn tekem\u00e4 ja ihmisen tarkistama.<\/p>\n<p class=\"article-body mb-nof-24 px-nof-16 sndp-summary-bullet-point-font\">Louvren valvontakameroiden salasana oli &#8217;Louvre&#8217; jalokivivarkauden aikaan, kertoo museon ty\u00f6ntekij\u00e4 ABC Newsille.<\/p>\n<p class=\"article-body mb-nof-24 px-nof-16 sndp-summary-bullet-point-font\">Nelj\u00e4n hengen iskuryhm\u00e4 murtautui museoon ja vei yhdeks\u00e4n arvokasta korua viime kuussa.<\/p>\n<p class=\"article-body mb-nof-24 px-nof-16 sndp-summary-bullet-point-font\">Museonjohtaja Laurence des Cars my\u00f6nsi senaatille, ettei ulkosein\u00e4\u00e4 kuvattu lainkaan valvontakameroilla.<\/p>\n<p class=\"article-body mb-nof-24 px-nof-16 sndp-summary-bullet-point-font\">Nelj\u00e4\u00e4 ihmist\u00e4 syytet\u00e4\u00e4n varkaudesta, mutta varastettuja esineit\u00e4 ei ole l\u00f6ydetty.<\/p>\n<p class=\"article-body mb-nof-24 px-nof-16\">Viime kuussa tehdyn Louvren jalokivivarkauden aikaan museon valvontakameroiden j\u00e4rjestelm\u00e4n salasana oli \u201dLouvre\u201d, <a class=\"article-genericlink\" href=\"https:\/\/abcnews.go.com\/International\/password-louvres-video-surveillance-system-louvre-employee\/story?id=127236297\" rel=\"nofollow noopener\" target=\"_blank\">kertoo<\/a> asiaa tunteva museon ty\u00f6ntekij\u00e4 yhdysvaltalaiselle ABC Newsille.<\/p>\n<p class=\"article-body mb-nof-24 px-nof-16\">Louvren turvatoimien riitt\u00e4vyytt\u00e4 on kyseenalaistettu varkauden j\u00e4lkeen. Tarkastusviranomaisen raportti <a class=\"article-genericlink\" href=\"https:\/\/www.bbc.com\/news\/articles\/c93dj92d5y0o\" rel=\"nofollow noopener\" target=\"_blank\">totesi<\/a> jo ennen murtoa, ett\u00e4 museo on k\u00e4ytt\u00e4nyt rahaa taidehankintoihin turvatoimien kustannuksella.<\/p>\n<p class=\"article-body mb-nof-24 px-nof-16\">Museonjohtaja <a class=\"article-personlink\" href=\"https:\/\/www.hs.fi\/haku\/?query=Laurence%20des%20Cars\" rel=\"nofollow noopener\" target=\"_blank\">Laurence des Cars<\/a> todisti Ranskan senaatin valiokunnassa, ett\u00e4 yksik\u00e4\u00e4n valvontakamera ei kuvannut Louvren ulkosein\u00e4\u00e4, josta varkaat murtautuivat sis\u00e4\u00e4n.<\/p>\n<p class=\"article-body mb-nof-24 px-nof-16\">Nelj\u00e4n varkaan iskuryhm\u00e4st\u00e4 kaksi p\u00e4\u00e4si henkil\u00f6nostinauton avulla Louvren toisen kerroksen parvekkeelle, rikkoi ikkunan r\u00e4ll\u00e4k\u00e4ll\u00e4 ja k\u00e4vi sis\u00e4\u00e4n Apollonin galleriaan, jossa s\u00e4ilytettiin Ranskan kruununjalokivi\u00e4. He olivat pukeutuneet keltaisiin huomioliiveihin ja moottoripy\u00f6r\u00e4kyp\u00e4riin.<\/p>\n<p class=\"article-body mb-nof-24 px-nof-16\">Poistuttuaan samaa reitti\u00e4 saaliinsa kanssa varkaat hypp\u00e4siv\u00e4t kahden muun henkil\u00f6n ajamien skootterien selk\u00e4\u00e4n ja poistuivat paikalta.<\/p>\n<p class=\"article-body mb-nof-24 px-nof-16\">Varkaat veiv\u00e4t museosta yhdeks\u00e4n n\u00e4yttelyesinett\u00e4, kuten smaragdi- ja safiirikoristeltuja kaula- ja korvakoruja, jotka ovat kuuluneet Ranskan kuningas <a class=\"article-personlink\" href=\"https:\/\/www.hs.fi\/haku\/?query=Ludvig%20Filip%20I:n\" rel=\"nofollow noopener\" target=\"_blank\">Ludvig Filip I:n<\/a> puolisolle <a class=\"article-personlink\" href=\"https:\/\/www.hs.fi\/haku\/?query=Maria%20Amalialle\" rel=\"nofollow noopener\" target=\"_blank\">Maria Amalialle<\/a>, keisari <a class=\"article-personlink\" href=\"https:\/\/www.hs.fi\/haku\/?query=Napoleon%20I:n\" rel=\"nofollow noopener\" target=\"_blank\">Napoleon I:n<\/a> puolisolle <a class=\"article-personlink\" href=\"https:\/\/www.hs.fi\/haku\/?query=Marie%20Louiselle\" rel=\"nofollow noopener\" target=\"_blank\">Marie Louiselle<\/a> ja keisari <a class=\"article-personlink\" href=\"https:\/\/www.hs.fi\/haku\/?query=Napoleon%20III:n\" rel=\"nofollow noopener\" target=\"_blank\">Napoleon III:n<\/a> puolisolle <a class=\"article-personlink\" href=\"https:\/\/www.hs.fi\/haku\/?query=Eug%C3%A9nielle\" rel=\"nofollow noopener\" target=\"_blank\">Eug\u00e9nielle<\/a>.<\/p>\n<p class=\"article-body mb-nof-24 px-nof-16\">Nelj\u00e4\u00e4 ihmist\u00e4 vastaan on nostettu rikossyytteet tapauksesta, mutta poliisi ei ole l\u00f6yt\u00e4nyt varastettuja arvoesineit\u00e4.<\/p>\n<p class=\"article-body mb-nof-24 px-nof-16\">Varkauden j\u00e4lkeen s\u00e4\u00e4styneit\u00e4 kruununjalokivi\u00e4 ja muita arvokoruja siirrettiin museosta Ranskan keskuspankin holviin.<\/p>\n","protected":false},"excerpt":{"rendered":"Ranska|Museon turvatoimien riitt\u00e4vyytt\u00e4 on kyseenalaistettu varkauden j\u00e4lkeen. Lue tiivistelm\u00e4 Tiivistelm\u00e4 on teko\u00e4lyn tekem\u00e4 ja ihmisen tarkistama. Louvren valvontakameroiden&hellip;\n","protected":false},"author":2,"featured_media":83894,"comment_status":"","ping_status":"","sticky":false,"template":"","format":"standard","meta":{"footnotes":""},"categories":[135],"tags":[389,387,388,390,137,33,31,30,46,32,394,393,391,392,109],"class_list":{"0":"post-83893","1":"post","2":"type-post","3":"status-publish","4":"format-standard","5":"has-post-thumbnail","7":"category-taiteet-ja-suunnittelu","8":"tag-arts","9":"tag-arts-and-design","10":"tag-artsanddesign","11":"tag-design","12":"tag-entertainment","13":"tag-fi","14":"tag-finland","15":"tag-finnish","16":"tag-helsingin-sanomat","17":"tag-suomi","18":"tag-suunnittelu","19":"tag-taiteet","20":"tag-taiteet-ja-suunnittelu","21":"tag-taiteetsuunnittelu","22":"tag-viihde"},"share_on_mastodon":{"url":"https:\/\/pubeurope.com\/@fi\/115509630257195388","error":""},"_links":{"self":[{"href":"https:\/\/www.europesays.com\/fi\/wp-json\/wp\/v2\/posts\/83893","targetHints":{"allow":["GET"]}}],"collection":[{"href":"https:\/\/www.europesays.com\/fi\/wp-json\/wp\/v2\/posts"}],"about":[{"href":"https:\/\/www.europesays.com\/fi\/wp-json\/wp\/v2\/types\/post"}],"author":[{"embeddable":true,"href":"https:\/\/www.europesays.com\/fi\/wp-json\/wp\/v2\/users\/2"}],"replies":[{"embeddable":true,"href":"https:\/\/www.europesays.com\/fi\/wp-json\/wp\/v2\/comments?post=83893"}],"version-history":[{"count":0,"href":"https:\/\/www.europesays.com\/fi\/wp-json\/wp\/v2\/posts\/83893\/revisions"}],"wp:featuredmedia":[{"embeddable":true,"href":"https:\/\/www.europesays.com\/fi\/wp-json\/wp\/v2\/media\/83894"}],"wp:attachment":[{"href":"https:\/\/www.europesays.com\/fi\/wp-json\/wp\/v2\/media?parent=83893"}],"wp:term":[{"taxonomy":"category","embeddable":true,"href":"https:\/\/www.europesays.com\/fi\/wp-json\/wp\/v2\/categories?post=83893"},{"taxonomy":"post_tag","embeddable":true,"href":"https:\/\/www.europesays.com\/fi\/wp-json\/wp\/v2\/tags?post=83893"}],"curies":[{"name":"wp","href":"https:\/\/api.w.org\/{rel}","templated":true}]}}