{"id":83895,"date":"2025-11-07T17:38:07","date_gmt":"2025-11-07T17:38:07","guid":{"rendered":"https:\/\/www.europesays.com\/fi\/83895\/"},"modified":"2025-11-07T17:38:07","modified_gmt":"2025-11-07T17:38:07","slug":"some-kielletaan-alle-15-vuotiailta-tama-pohjoismaa-paatti-ensimmaisena","status":"publish","type":"post","link":"https:\/\/www.europesays.com\/fi\/83895\/","title":{"rendered":"Some kiellet\u00e4\u00e4n alle 15-vuotiailta &#8211; t\u00e4m\u00e4 pohjoismaa p\u00e4\u00e4tti ensimm\u00e4isen\u00e4"},"content":{"rendered":"<p>EU t\u00e4smensi digipalvelus\u00e4\u00e4d\u00f6ksen soveltamista hein\u00e4kuussa. Tanska on nyt ensimm\u00e4inen EU-j\u00e4senvaltio, joka tarttuu sosiaalisen median ik\u00e4rajoituksiin.<\/p>\n<p>Sik\u00e4l\u00e4inen hallitus aikoo kielt\u00e4\u00e4 sosiaalisen median k\u00e4yt\u00f6n alle 15-vuotiailta lapsilta. Asian vahvisti tiedotusv\u00e4lineille p\u00e4\u00e4ministeri Mette Frederiksen t\u00e4n\u00e4\u00e4n perjantaina.<\/p>\n<p>P\u00e4\u00e4ministeri antoi ymm\u00e4rt\u00e4\u00e4, ett\u00e4 t\u00e4m\u00e4 on samalla viesti yhteiskunnalta siihen selke\u00e4\u00e4n suuntaan, ett\u00e4 lapsista ja nuorista tulee pit\u00e4\u00e4 parempaa huolta.<\/p>\n<p>Digiturvallisuusk\u00e4yt\u00e4nt\u00f6\u00f6n saatetaan tulevaisuudessa tehd\u00e4 joitakin poikkeuksia, jolloin nuoremmat voisivat k\u00e4ytt\u00e4\u00e4 sosiaalista mediaa vanhempien l\u00e4sn\u00e4ollessa ja suostumuksella.<\/p>\n<p>P\u00e4\u00e4t\u00f6s johtaa siihen, ett\u00e4 jatkossa sosiaalisen median alustojen on varmistettava k\u00e4ytt\u00e4j\u00e4n ik\u00e4 tavalla, joka on linjassa Euroopan unionin digipalvelus\u00e4\u00e4d\u00f6ksen kanssa. Viel\u00e4 ei ole selv\u00e4\u00e4 mit\u00e4 somepalveluja asia koskee. Esimerkiksi nuorison TikTokin k\u00e4yt\u00f6st\u00e4 on oltu EU:ssa huolissaan.<\/p>\n<p>Saman suuntaisia toimia valmistellaan my\u00f6s muualla maailmassa. Australiassa astuu joulukuussa voimaan uusi laki, joka kielt\u00e4\u00e4 sosiaalisen median k\u00e4yt\u00f6n alle 16-vuotiailta. Siell\u00e4 TikTokin lis\u00e4ksi kiellet\u00e4\u00e4n Youtube, Instagram ja Snapchat. My\u00f6s Norjassa valmistellaan samansuuntaisia p\u00e4\u00e4t\u00f6ksi\u00e4.<\/p>\n<p>K\u00e4yt\u00e4nn\u00f6ss\u00e4 somealustat joutuvat nyt koville. Mik\u00e4li palveluntuottaja ei varmista ik\u00e4rajojen noudattamista tarpeeksi riitt\u00e4v\u00e4sti, sille annetaan sakkoja. <\/p>\n","protected":false},"excerpt":{"rendered":"EU t\u00e4smensi digipalvelus\u00e4\u00e4d\u00f6ksen soveltamista hein\u00e4kuussa. Tanska on nyt ensimm\u00e4inen EU-j\u00e4senvaltio, joka tarttuu sosiaalisen median ik\u00e4rajoituksiin. Sik\u00e4l\u00e4inen hallitus aikoo&hellip;\n","protected":false},"author":2,"featured_media":83896,"comment_status":"","ping_status":"","sticky":false,"template":"","format":"standard","meta":{"footnotes":""},"categories":[133],"tags":[137,33,31,30,863,2341,32,206,2696,156,109],"class_list":{"0":"post-83895","1":"post","2":"type-post","3":"status-publish","4":"format-standard","5":"has-post-thumbnail","7":"category-televisiot","8":"tag-entertainment","9":"tag-fi","10":"tag-finland","11":"tag-finnish","12":"tag-hallitus","13":"tag-some","14":"tag-suomi","15":"tag-televisiot","16":"tag-tiktok","17":"tag-tv","18":"tag-viihde"},"share_on_mastodon":{"url":"https:\/\/pubeurope.com\/@fi\/115509638232111437","error":""},"_links":{"self":[{"href":"https:\/\/www.europesays.com\/fi\/wp-json\/wp\/v2\/posts\/83895","targetHints":{"allow":["GET"]}}],"collection":[{"href":"https:\/\/www.europesays.com\/fi\/wp-json\/wp\/v2\/posts"}],"about":[{"href":"https:\/\/www.europesays.com\/fi\/wp-json\/wp\/v2\/types\/post"}],"author":[{"embeddable":true,"href":"https:\/\/www.europesays.com\/fi\/wp-json\/wp\/v2\/users\/2"}],"replies":[{"embeddable":true,"href":"https:\/\/www.europesays.com\/fi\/wp-json\/wp\/v2\/comments?post=83895"}],"version-history":[{"count":0,"href":"https:\/\/www.europesays.com\/fi\/wp-json\/wp\/v2\/posts\/83895\/revisions"}],"wp:featuredmedia":[{"embeddable":true,"href":"https:\/\/www.europesays.com\/fi\/wp-json\/wp\/v2\/media\/83896"}],"wp:attachment":[{"href":"https:\/\/www.europesays.com\/fi\/wp-json\/wp\/v2\/media?parent=83895"}],"wp:term":[{"taxonomy":"category","embeddable":true,"href":"https:\/\/www.europesays.com\/fi\/wp-json\/wp\/v2\/categories?post=83895"},{"taxonomy":"post_tag","embeddable":true,"href":"https:\/\/www.europesays.com\/fi\/wp-json\/wp\/v2\/tags?post=83895"}],"curies":[{"name":"wp","href":"https:\/\/api.w.org\/{rel}","templated":true}]}}