{"id":83903,"date":"2025-11-07T17:42:08","date_gmt":"2025-11-07T17:42:08","guid":{"rendered":"https:\/\/www.europesays.com\/fi\/83903\/"},"modified":"2025-11-07T17:42:08","modified_gmt":"2025-11-07T17:42:08","slug":"tennis-otto-virtanen-voitti-marin-cilicin","status":"publish","type":"post","link":"https:\/\/www.europesays.com\/fi\/83903\/","title":{"rendered":"Tennis: Otto Virtanen voitti Marin \u010cili\u0107in"},"content":{"rendered":"<p>Tennis|Otto Virtanen kukisti Marin \u010cili\u0107in.<\/p>\n<p class=\"article-body mb-nof-24 px-nof-16\">Tenniksen suomalaist\u00e4hti <a class=\"article-personlink\" href=\"https:\/\/www.hs.fi\/haku\/?query=Otto%20Virtanen\" rel=\"nofollow noopener\" target=\"_blank\">Otto Virtanen<\/a> kukisti grand slam -voittaja <a class=\"article-personlink\" href=\"https:\/\/www.hs.fi\/haku\/?query=Marin%20%C4%8Cili%C4%87in\" rel=\"nofollow noopener\" target=\"_blank\">Marin \u010cili\u0107in<\/a> ATP-haastajakiertueen turnauksen puoliv\u00e4lier\u00e4ss\u00e4 Helsingin Talissa.<\/p>\n<p class=\"article-body mb-nof-24 px-nof-16\">Virtanen kaatoi turnauksen ykk\u00f6ssijoitetun \u010cili\u0107in suoraan kahdessa er\u00e4ss\u00e4.<\/p>\n<p class=\"article-body mb-nof-24 px-nof-16\">Kroatialainen \u010cili\u0107, 37, on voittanut urallaan Yhdysvaltain avointen kaksinpelin sek\u00e4 ollut maailmanlistalla korkeimmillaan kolmannella sijalla.<\/p>\n<p class=\"article-body nof-ui-body-medium mb-nof-24 px-nof-16\">Uutinen p\u00e4ivittyy.<\/p>\n","protected":false},"excerpt":{"rendered":"Tennis|Otto Virtanen kukisti Marin \u010cili\u0107in. Tenniksen suomalaist\u00e4hti Otto Virtanen kukisti grand slam -voittaja Marin \u010cili\u0107in ATP-haastajakiertueen turnauksen puoliv\u00e4lier\u00e4ss\u00e4&hellip;\n","protected":false},"author":2,"featured_media":83904,"comment_status":"","ping_status":"","sticky":false,"template":"","format":"standard","meta":{"footnotes":""},"categories":[158],"tags":[33,31,30,46,159,32,160],"class_list":{"0":"post-83903","1":"post","2":"type-post","3":"status-publish","4":"format-standard","5":"has-post-thumbnail","7":"category-urheilu","8":"tag-fi","9":"tag-finland","10":"tag-finnish","11":"tag-helsingin-sanomat","12":"tag-sports","13":"tag-suomi","14":"tag-urheilu"},"share_on_mastodon":{"url":"https:\/\/pubeurope.com\/@fi\/115509653955426279","error":""},"_links":{"self":[{"href":"https:\/\/www.europesays.com\/fi\/wp-json\/wp\/v2\/posts\/83903","targetHints":{"allow":["GET"]}}],"collection":[{"href":"https:\/\/www.europesays.com\/fi\/wp-json\/wp\/v2\/posts"}],"about":[{"href":"https:\/\/www.europesays.com\/fi\/wp-json\/wp\/v2\/types\/post"}],"author":[{"embeddable":true,"href":"https:\/\/www.europesays.com\/fi\/wp-json\/wp\/v2\/users\/2"}],"replies":[{"embeddable":true,"href":"https:\/\/www.europesays.com\/fi\/wp-json\/wp\/v2\/comments?post=83903"}],"version-history":[{"count":0,"href":"https:\/\/www.europesays.com\/fi\/wp-json\/wp\/v2\/posts\/83903\/revisions"}],"wp:featuredmedia":[{"embeddable":true,"href":"https:\/\/www.europesays.com\/fi\/wp-json\/wp\/v2\/media\/83904"}],"wp:attachment":[{"href":"https:\/\/www.europesays.com\/fi\/wp-json\/wp\/v2\/media?parent=83903"}],"wp:term":[{"taxonomy":"category","embeddable":true,"href":"https:\/\/www.europesays.com\/fi\/wp-json\/wp\/v2\/categories?post=83903"},{"taxonomy":"post_tag","embeddable":true,"href":"https:\/\/www.europesays.com\/fi\/wp-json\/wp\/v2\/tags?post=83903"}],"curies":[{"name":"wp","href":"https:\/\/api.w.org\/{rel}","templated":true}]}}