{"id":83918,"date":"2025-11-07T18:01:10","date_gmt":"2025-11-07T18:01:10","guid":{"rendered":"https:\/\/www.europesays.com\/fi\/83918\/"},"modified":"2025-11-07T18:01:10","modified_gmt":"2025-11-07T18:01:10","slug":"teki-mieli-uhrata-siihen-laitetut-rahat","status":"publish","type":"post","link":"https:\/\/www.europesays.com\/fi\/83918\/","title":{"rendered":"\u201dTeki mieli uhrata siihen laitetut rahat\u201d"},"content":{"rendered":"<p>Valtteri Lehtinen kertoo Iltalehdelle toipumisestaan kauneustoimenpiteest\u00e4.<\/p>\n<p><img decoding=\"async\" class=\"image image-show image-preview\" src=\"https:\/\/www.europesays.com\/fi\/wp-content\/uploads\/2025\/11\/005cc002083e692a8dc1d2f02a599338fd70d74e845f291f0d27acedea12a240.jpg\" alt=\"\"\/><img decoding=\"async\" class=\"image image-show\" src=\"https:\/\/www.europesays.com\/fi\/wp-content\/uploads\/2025\/11\/1762538470_975_005cc002083e692a8dc1d2f02a599338fd70d74e845f291f0d27acedea12a240.jpg\" alt=\"\"\/><\/p>\n<p>Valtteri Lehtinen saapui median eteen noin puoli vuotta kauneustoimenpiteens\u00e4 j\u00e4lkeen. Atte Kajova<\/p>\n<p class=\"paragraph\">N\u00e4yttelij\u00e4 <strong>Valtteri Lehtinen<\/strong>, 29, saapui t\u00e4hditt\u00e4m\u00e4ns\u00e4 Syke-elokuva: Kipin\u00f6it\u00e4 y\u00f6ss\u00e4 -elokuvan kutsuvierasensi-iltaan torstaina.<\/p>\n<p class=\"paragraph\">Lehtinen saapui median eteen noin puoli vuotta sen j\u00e4lkeen, kun h\u00e4n k\u00e4vi <a href=\"https:\/\/www.iltalehti.fi\/viihdeuutiset\/b61b6d2f-cd76-4e6b-88ef-c4ce4301763e\" rel=\"nofollow noopener\" target=\"_blank\">hiustensiirrossa<\/a> Tukholmassa. Kyseisess\u00e4 operaatiossa hiuksia siirret\u00e4\u00e4n tihe\u00e4mmilt\u00e4 alueilta kaljuuntuville tai harventuneille alueille.<\/p>\n<p class=\"paragraph\">N\u00e4yttelij\u00e4 kertoo Iltalehdelle, ett\u00e4 operaation j\u00e4lkeen on mennyt hyvin, mutta my\u00f6nt\u00e4\u00e4 tulosten odottamisen olevan \u201dtuskallista\u201d.<\/p>\n<p class=\"paragraph\">\u2013 Hiustensiirron j\u00e4lkeen toipumisprosessi kest\u00e4\u00e4 hirve\u00e4n kauan. Juuri eilen illalla olin peilin edess\u00e4 ja katsoin melkein tuskanhiess\u00e4, ett\u00e4 en oikein viel\u00e4k\u00e4\u00e4n n\u00e4e mit\u00e4\u00e4n tuloksia, Lehtinen sanoo.<\/p>\n<p class=\"paragraph\">\u2013 Sitten y\u00f6ll\u00e4 googletin asiasta ja tulin onneksi siihen tulokseen, ett\u00e4 vasta puolen vuoden kohdalla se isoin hiustenkasvu alkaa. Eli viel\u00e4 ei kannata olla huolissaan. Mutta kyll\u00e4 j\u00e4nnitt\u00e4\u00e4 edelleen, h\u00e4n lis\u00e4\u00e4.<\/p>\n<p class=\"paragraph\">Lehtinen sanoo haluavansa itselleen mahdollisimman tuuheat ja runsaat hiukset.<\/p>\n<p>Rankka operaatio<\/p>\n<p class=\"paragraph\">T\u00e4ll\u00e4 hetkell\u00e4 trendin\u00e4 on k\u00e4yd\u00e4 tekem\u00e4ss\u00e4 hiustensiirto Turkissa, mutta Lehtinen halusi k\u00e4yd\u00e4 nimenomaan Ruotsissa klinikalla, jossa h\u00e4nen yst\u00e4v\u00e4ns\u00e4 oli k\u00e4ynyt.<\/p>\n<p class=\"paragraph\">\u2013 Ajattelin, ett\u00e4 matka on lyhyt ja k\u00e4yt\u00e4nn\u00f6n asiat sujuvat helpommin. Mutta hauskaa oli se, ett\u00e4 sinne ruotsalaiselle klinikalle lenn\u00e4tettiin hiustensiirto-operoijat Turkista. Minulle oli hauska yll\u00e4tys, ett\u00e4 kyll\u00e4 siell\u00e4 Turkissa osataan t\u00e4m\u00e4 parhaiten.<\/p>\n<p>T\u00e4lt\u00e4 Valtteri Lehtinen n\u00e4ytti ennen kauneusoperaatiotaan vuonna 2024. Jenni G\u00e4stgivar<\/p>\n<p class=\"paragraph\">Klinikan suosituksesta Lehtinen oli j\u00e4\u00e4nyt Ruotsiin yhdeksi y\u00f6ksi operaation j\u00e4lkeen. Lehtinen kertoo, ett\u00e4 operaation j\u00e4lkeinen ensimm\u00e4inen y\u00f6 oli todella rankka.<\/p>\n<p class=\"paragraph\">\u2013 Operaation j\u00e4lkeen puudutus laskee, eik\u00e4 kipul\u00e4\u00e4kkeit\u00e4 saa aloittaa viel\u00e4 ensimm\u00e4isen\u00e4 y\u00f6n\u00e4, vaan seuraavana p\u00e4iv\u00e4n\u00e4. Joten se jomotus ja kipu voi olla voimakaskin ensimm\u00e4isen\u00e4 y\u00f6n\u00e4. Se oli sellaista koiranunta, n\u00e4yttelij\u00e4 muistelee.<\/p>\n<p class=\"paragraph\">\u2013 Mutta en tee siit\u00e4 mit\u00e4\u00e4n dramaattista numeroa. Jos t\u00e4llaiseen leikkiin ryhtyy, niin se leikin kest\u00e4k\u00f6\u00f6n, h\u00e4n toteaa.<\/p>\n<p class=\"paragraph\">N\u00e4yttelij\u00e4n mukaan ensimm\u00e4ist\u00e4 y\u00f6t\u00e4 hurjempi kokemus oli silloin, kun operaatiosta oli kulunut noin viikko.<\/p>\n<p class=\"paragraph\">\u2013 Alkoi sellainen hullu kutina. On tyypillist\u00e4, ett\u00e4 kun haava alkaa parantua, se alkaa kutista. Se on hyv\u00e4 merkki operointialueen paranemisesta, Lehtinen pohjustaa.<\/p>\n<p class=\"paragraph\">\u2013 Mutta se oli niin j\u00e4rkytt\u00e4v\u00e4 kutina, ett\u00e4 minun teki mieli uhrata koko operaatio ja kaikki siihen laitetut rahat ja kynsi\u00e4 ne [istutetut hiukset] irti. Mutta onneksi en sit\u00e4 tehnyt. Menin ne p\u00e4iv\u00e4t l\u00e4pi kylm\u00e4n viile\u00e4sti ja kirosanoja p\u00e4\u00e4stellen, h\u00e4n jatkaa.<\/p>\n<p class=\"paragraph\">Lehtinen mainitsi<a href=\"https:\/\/www.iltalehti.fi\/viihdeuutiset\/b61b6d2f-cd76-4e6b-88ef-c4ce4301763e\" rel=\"nofollow noopener\" target=\"_blank\"> aiemmin Gaala-podcastissa<\/a>, ett\u00e4 operaatio maksoi matkoineen ja majoituksineen noin 5 000 euroa. Nyt h\u00e4n kertoo pit\u00e4v\u00e4ns\u00e4 kyseist\u00e4 summaa \u201dsijoituksena tulevaisuuteen\u201d.<\/p>\n<p class=\"paragraph\">\u2013 Etenkin t\u00e4m\u00e4n ammatin kannalta. Mutta vaikka en tekisi esiintyv\u00e4\u00e4 ty\u00f6t\u00e4, olisin mahdollisesti p\u00e4\u00e4tynyt silti t\u00e4h\u00e4n operaatioon, h\u00e4n tarkentaa.<\/p>\n<p>Yhteiseloa<\/p>\n<p class=\"paragraph\">Lehtinen kertoi <a href=\"https:\/\/www.iltalehti.fi\/viihdeuutiset\/3480d2db-818b-4881-995a-224dce75ad32\" rel=\"nofollow noopener\" target=\"_blank\">Iltalehdelle<\/a> tammikuussa 2024 seurustelleensa jo useita vuosia ymp\u00e4rist\u00f6n parissa ty\u00f6skentelev\u00e4n miehen kanssa, joka ei ole lainkaan viihdealan piireiss\u00e4.<\/p>\n<p>Valtteri Lehtisen mukaan h\u00e4nen suvussaan miehet ovat usein kaljuuntuneet. Atte Kajova<\/p>\n<p class=\"paragraph\">Nyt Lehtinen kertoo heid\u00e4n asuneen pitk\u00e4\u00e4n naapuritaloissa, mutta he muuttivat saman katon alle Helsingin keskustaan noin vuosi sitten.<\/p>\n<p class=\"paragraph\">\u2013 On mennyt todella kivasti. Asunnossa on sen verran tilaa, ett\u00e4 h\u00e4n tekee et\u00e4t\u00f6it\u00e4 kotona ty\u00f6huoneessaan. H\u00e4n saa my\u00f6s rauhoittua siell\u00e4 ty\u00f6p\u00e4iv\u00e4n j\u00e4lkeen, ja min\u00e4 voin puuhata ja siivota, n\u00e4yttelij\u00e4 kertoo.<\/p>\n<p class=\"paragraph\">Pari ei kinastele kotit\u00f6ist\u00e4, sill\u00e4 heill\u00e4 on selke\u00e4 ty\u00f6njako niiden suhteen.<\/p>\n<p class=\"paragraph\">\u2013 H\u00e4n laittaa ruokaa ja k\u00e4y kaupassa ja min\u00e4 siivoan ja pyykk\u00e4\u00e4n. Olemme todella tyytyv\u00e4isi\u00e4 t\u00e4h\u00e4n j\u00e4rjestelyyn, koska olen huono ruoanlaittaja enk\u00e4 pid\u00e4 siit\u00e4, mutta puolestaan siivoamista rakastan.<\/p>\n<p class=\"paragraph\">Pari oli alkusyksyst\u00e4 lomalla Italian Toscanassa. Lis\u00e4ksi Lehtinen seikkaili hiljattain Tansanian Sansibarissa, mik\u00e4 oli n\u00e4yttelij\u00e4lle hurja kokemus.<\/p>\n<p class=\"paragraph\">\u2013 Se oli j\u00e4nnitt\u00e4v\u00e4\u00e4, kun Tansaniassa k\u00e4ytiin samaan aikaan presidentinvaalit ja sitten alkoi hirve\u00e4n vaaralliset mellakat. Olin tehnyt matkustusilmoituksen ja saimme koko ajan viestej\u00e4 Suomesta, ett\u00e4 meid\u00e4n pit\u00e4isi palata v\u00e4litt\u00f6m\u00e4sti kotiin.<\/p>\n<p class=\"paragraph\">\u2013 Sekin toi omat haasteensa yhteydenpitoon, kun koko maassa oli netti katki. Mutta p\u00e4\u00e4simme takaisin onnellisesti.<\/p>\n<p>Valtteri Lehtisell\u00e4 ja h\u00e4nen miehell\u00e4\u00e4n on selke\u00e4t roolit kodissaan. Atte Kajova<\/p>\n","protected":false},"excerpt":{"rendered":"Valtteri Lehtinen kertoo Iltalehdelle toipumisestaan kauneustoimenpiteest\u00e4. Valtteri Lehtinen saapui median eteen noin puoli vuotta kauneustoimenpiteens\u00e4 j\u00e4lkeen. Atte Kajova&hellip;\n","protected":false},"author":2,"featured_media":83919,"comment_status":"","ping_status":"","sticky":false,"template":"","format":"standard","meta":{"footnotes":""},"categories":[136],"tags":[35,153,407,152,155,137,33,31,30,408,718,154,32,140,156,109],"class_list":{"0":"post-83918","1":"post","2":"type-post","3":"status-publish","4":"format-standard","5":"has-post-thumbnail","7":"category-julkkikset","8":"tag-24h","9":"tag-audiovisuaalinen-media","10":"tag-celebrities","11":"tag-elokuva-ja-tv-nayttelijat","12":"tag-elokuvat","13":"tag-entertainment","14":"tag-fi","15":"tag-finland","16":"tag-finnish","17":"tag-julkkikset","18":"tag-nayttamotaide","19":"tag-nayttelijat-teatteri","20":"tag-suomi","21":"tag-tv-ja-elokuvat","22":"tag-tv","23":"tag-viihde"},"share_on_mastodon":{"url":"https:\/\/pubeurope.com\/@fi\/115509728687239485","error":""},"_links":{"self":[{"href":"https:\/\/www.europesays.com\/fi\/wp-json\/wp\/v2\/posts\/83918","targetHints":{"allow":["GET"]}}],"collection":[{"href":"https:\/\/www.europesays.com\/fi\/wp-json\/wp\/v2\/posts"}],"about":[{"href":"https:\/\/www.europesays.com\/fi\/wp-json\/wp\/v2\/types\/post"}],"author":[{"embeddable":true,"href":"https:\/\/www.europesays.com\/fi\/wp-json\/wp\/v2\/users\/2"}],"replies":[{"embeddable":true,"href":"https:\/\/www.europesays.com\/fi\/wp-json\/wp\/v2\/comments?post=83918"}],"version-history":[{"count":0,"href":"https:\/\/www.europesays.com\/fi\/wp-json\/wp\/v2\/posts\/83918\/revisions"}],"wp:featuredmedia":[{"embeddable":true,"href":"https:\/\/www.europesays.com\/fi\/wp-json\/wp\/v2\/media\/83919"}],"wp:attachment":[{"href":"https:\/\/www.europesays.com\/fi\/wp-json\/wp\/v2\/media?parent=83918"}],"wp:term":[{"taxonomy":"category","embeddable":true,"href":"https:\/\/www.europesays.com\/fi\/wp-json\/wp\/v2\/categories?post=83918"},{"taxonomy":"post_tag","embeddable":true,"href":"https:\/\/www.europesays.com\/fi\/wp-json\/wp\/v2\/tags?post=83918"}],"curies":[{"name":"wp","href":"https:\/\/api.w.org\/{rel}","templated":true}]}}