{"id":83936,"date":"2025-11-07T18:14:09","date_gmt":"2025-11-07T18:14:09","guid":{"rendered":"https:\/\/www.europesays.com\/fi\/83936\/"},"modified":"2025-11-07T18:14:09","modified_gmt":"2025-11-07T18:14:09","slug":"henkiloauton-kuljettaja-kuoli-tormattyaan-rekkaan-rantasalmella-etela-savo","status":"publish","type":"post","link":"https:\/\/www.europesays.com\/fi\/83936\/","title":{"rendered":"Henkil\u00f6auton kuljettaja kuoli t\u00f6rm\u00e4tty\u00e4\u00e4n rekkaan Rantasalmella | Etel\u00e4-Savo"},"content":{"rendered":"<p class=\"aw-1gybjub aw-5vja16 kEtdKx kmuxyA yle__article__paragraph\">Poliisi selvitti tapahtuma\u00adpaikalla muun muassa j\u00e4lkien avulla, ett\u00e4 henkil\u00f6auto oli ollut t\u00f6rm\u00e4yshetkell\u00e4 v\u00e4\u00e4r\u00e4ll\u00e4 ajokaistalla.<\/p>\n<p><img decoding=\"async\" alt=\"Poliisin hihamerkki\" src=\"https:\/\/www.europesays.com\/fi\/wp-content\/uploads\/2025\/11\/39-8724396179515e77bf9.jpeg\" class=\"aw-1l9m598 hKVVvP\"\/><\/p>\n<p>Avaa kuvien katselu<\/p>\n<p>Poliisi kertoo, ett\u00e4 i\u00e4k\u00e4s etel\u00e4savolainen mies kuoli perjantaina Rantasalmella, kun h\u00e4nen ohjaamansa henkil\u00f6auto t\u00f6rm\u00e4si rekkaan valtatiell\u00e4 14. Kuva: Pekka Tynell \/ Yle<\/p>\n<p class=\"aw-1gybjub aw-1p7kakr kEtdKx cEmitX yle__article__paragraph\">Henkil\u00f6auton kuljettaja kuoli Rantasalmella valtatiell\u00e4 14, kun henkil\u00f6auto t\u00f6rm\u00e4si puutavaraa kuljettaneeseen rekkaan perjantaina aamup\u00e4iv\u00e4ll\u00e4.<\/p>\n<p class=\"aw-1gybjub aw-1p7kakr kEtdKx cEmitX yle__article__paragraph\">It\u00e4-Suomen poliisi kertoo tiedotteessa, ett\u00e4 kuollut henkil\u00f6 oli henkil\u00f6autoa kuljettanut i\u00e4k\u00e4s, etel\u00e4savolainen mies.<\/p>\n<p class=\"aw-1gybjub aw-1p7kakr kEtdKx cEmitX yle__article__paragraph\">Poliisi selvitti tapahtumapaikalla puhutusten ja j\u00e4lkien avulla, ett\u00e4 henkil\u00f6auto oli ollut t\u00f6rm\u00e4yshetkell\u00e4 v\u00e4\u00e4r\u00e4ll\u00e4 ajokaistalla Mieloj\u00e4rven kohdalla.<\/p>\n<p class=\"aw-1gybjub aw-1p7kakr kEtdKx cEmitX yle__article__paragraph\">H\u00e4t\u00e4keskus sai perjantaiaamuna ilmoituksen kello 9.30 tapahtuneesta rekan ja henkil\u00f6auton kohtaamisonnettomuudesta.<\/p>\n<p class=\"aw-1gybjub aw-1p7kakr kEtdKx cEmitX yle__article__paragraph\">Rekan kuljettaja ei loukkaantunut vakavasti.<\/p>\n<p class=\"aw-1gybjub aw-1p7kakr kEtdKx cEmitX yle__article__paragraph\">Poliisi tutkii kolaria t\u00f6rke\u00e4n\u00e4 liikenneturvallisuuden vaarantamisena.<\/p>\n<p class=\"aw-1gybjub aw-1p7kakr kEtdKx cEmitX yle__article__paragraph\">My\u00f6s tieliikenneonnettomuuksien tutkijalautakunta tutkii onnettomuuteen johtaneita syit\u00e4.<\/p>\n","protected":false},"excerpt":{"rendered":"Poliisi selvitti tapahtuma\u00adpaikalla muun muassa j\u00e4lkien avulla, ett\u00e4 henkil\u00f6auto oli ollut t\u00f6rm\u00e4yshetkell\u00e4 v\u00e4\u00e4r\u00e4ll\u00e4 ajokaistalla. Avaa kuvien katselu Poliisi&hellip;\n","protected":false},"author":2,"featured_media":83937,"comment_status":"","ping_status":"","sticky":false,"template":"","format":"standard","meta":{"footnotes":""},"categories":[12],"tags":[22,23,184,26,27,33,31,30,17,71,24,25,990,28,29,15,837,18,21,2063,32,11893,19,20,16],"class_list":{"0":"post-83936","1":"post","2":"type-post","3":"status-publish","4":"format-standard","5":"has-post-thumbnail","7":"category-suomi","8":"tag-breaking-news","9":"tag-breakingnews","10":"tag-etela-savo","11":"tag-featured-news","12":"tag-featurednews","13":"tag-fi","14":"tag-finland","15":"tag-finnish","16":"tag-headlines","17":"tag-kotimaa","18":"tag-latest-news","19":"tag-latestnews","20":"tag-liikenneonnettomuudet","21":"tag-main-news","22":"tag-mainnews","23":"tag-news","24":"tag-onnettomuudet","25":"tag-otsikot","26":"tag-paauutiset","27":"tag-rantasalmi","28":"tag-suomi","29":"tag-tieliikennekuolemat","30":"tag-top-stories","31":"tag-topstories","32":"tag-uutiset"},"share_on_mastodon":{"url":"https:\/\/pubeurope.com\/@fi\/115509780103983118","error":""},"_links":{"self":[{"href":"https:\/\/www.europesays.com\/fi\/wp-json\/wp\/v2\/posts\/83936","targetHints":{"allow":["GET"]}}],"collection":[{"href":"https:\/\/www.europesays.com\/fi\/wp-json\/wp\/v2\/posts"}],"about":[{"href":"https:\/\/www.europesays.com\/fi\/wp-json\/wp\/v2\/types\/post"}],"author":[{"embeddable":true,"href":"https:\/\/www.europesays.com\/fi\/wp-json\/wp\/v2\/users\/2"}],"replies":[{"embeddable":true,"href":"https:\/\/www.europesays.com\/fi\/wp-json\/wp\/v2\/comments?post=83936"}],"version-history":[{"count":0,"href":"https:\/\/www.europesays.com\/fi\/wp-json\/wp\/v2\/posts\/83936\/revisions"}],"wp:featuredmedia":[{"embeddable":true,"href":"https:\/\/www.europesays.com\/fi\/wp-json\/wp\/v2\/media\/83937"}],"wp:attachment":[{"href":"https:\/\/www.europesays.com\/fi\/wp-json\/wp\/v2\/media?parent=83936"}],"wp:term":[{"taxonomy":"category","embeddable":true,"href":"https:\/\/www.europesays.com\/fi\/wp-json\/wp\/v2\/categories?post=83936"},{"taxonomy":"post_tag","embeddable":true,"href":"https:\/\/www.europesays.com\/fi\/wp-json\/wp\/v2\/tags?post=83936"}],"curies":[{"name":"wp","href":"https:\/\/api.w.org\/{rel}","templated":true}]}}