{"id":83955,"date":"2025-11-07T18:42:12","date_gmt":"2025-11-07T18:42:12","guid":{"rendered":"https:\/\/www.europesays.com\/fi\/83955\/"},"modified":"2025-11-07T18:42:12","modified_gmt":"2025-11-07T18:42:12","slug":"trump-unkarille-ehka-erillislupa-ostaa-oljya-venajalta","status":"publish","type":"post","link":"https:\/\/www.europesays.com\/fi\/83955\/","title":{"rendered":"Trump: Unkarille ehk\u00e4 erillislupa ostaa \u00f6ljy\u00e4 Ven\u00e4j\u00e4lt\u00e4"},"content":{"rendered":"<p>Yhdysvallat|\u201dPutki ei ole ideologinen tai poliittinen asia\u201d, sanoi Viktor Orb\u00e1n.<\/p>\n<p class=\"article-body mb-nof-24 px-nof-16\">Yhdysvaltain presidentti <a class=\"article-personlink\" href=\"https:\/\/www.hs.fi\/haku\/?query=Donald%20Trump\" rel=\"nofollow noopener\" target=\"_blank\">Donald Trump<\/a> kertoi harkitsevansa Unkarin p\u00e4\u00e4ministerille <a class=\"article-personlink\" href=\"https:\/\/www.hs.fi\/haku\/?query=Viktor%20Orb%C3%A1nille\" rel=\"nofollow noopener\" target=\"_blank\">Viktor Orb\u00e1nille<\/a> erillislupaa ostaa \u00f6ljy\u00e4 Ven\u00e4j\u00e4lt\u00e4, vaikka tuoreet pakotteet kielt\u00e4v\u00e4t sen muilta. Asiasta kertovat uutistoimistot AFP ja Reuters.<\/p>\n<p class=\"article-body mb-nof-24 px-nof-16\">\u201dPohdimme sit\u00e4, koska h\u00e4nen on vaikea saada \u00f6ljy\u00e4 ja kaasua muilta alueilta. Kuten tied\u00e4tte, heill\u00e4 ei ole etunaan merta\u201d, Trump sanoi toimittajille Valkoisessa talossa perjantaina.<\/p>\n<p class=\"article-body mb-nof-24 px-nof-16\">Orb\u00e1n kertoi selitt\u00e4v\u00e4ns\u00e4 Trumpille, mit\u00e4 seurauksia Ven\u00e4j\u00e4n \u00f6ljyn ja kaasun menett\u00e4misest\u00e4 olisi unkarilaisille ja Unkarin taloudelle.<\/p>\n<p class=\"article-body mb-nof-24 px-nof-16\">\u201dToimituksemme perustuvat putkiin. Putki ei ole ideologinen tai poliittinen asia. Se on fyysist\u00e4 todellisuutta, koska meill\u00e4 ei ole satamaa\u201d, Orb\u00e1n sanoi.<\/p>\n<p class=\"article-body mb-nof-24 px-nof-16\">Yhdysvallat julkaisi toissa viikolla uuden pakotepaketin, jonka kohteena ovat ven\u00e4l\u00e4iset \u00f6ljy-yhti\u00f6t Lukoil ja Rosfnet. Unkari ja Slovakia ovat ainoat EU-maat, joka yh\u00e4 ostavat ven\u00e4l\u00e4ist\u00e4 \u00f6ljy\u00e4. Unkari on lis\u00e4nnyt \u00f6ljyostoja Ven\u00e4j\u00e4lt\u00e4 sen j\u00e4lkeen, kun Ven\u00e4j\u00e4 aloitti t\u00e4ysimittaisen hy\u00f6kk\u00e4yssodan Ukrainassa.<\/p>\n<p class=\"article-body mb-nof-24 px-nof-16\">Trump kehotti EU-johtajia osoittamaan enemm\u00e4n kunnioitusta Orb\u00e1nia kohtaan, \u201dkoska h\u00e4n on ollut oikeassa maahanmuutosta\u201d.<\/p>\n<p class=\"article-body mb-nof-24 px-nof-16\">\u201dKatsokaa, mit\u00e4 Euroopalle on tapahtunut maahanmuuton kanssa. Eurooppaan tulvii ihmisi\u00e4\u201d, Trump sanoi.<\/p>\n<p class=\"article-body mb-nof-24 px-nof-16\">\u201dJotkut niist\u00e4 maista ovat nyt tunnistamattomia heid\u00e4n tekojensa takia. Unkari on hyvin tunnistettava.\u201d<\/p>\n<p class=\"article-body mb-nof-24 px-nof-16\">Orb\u00e1n komppasi is\u00e4nt\u00e4\u00e4ns\u00e4: \u201dOlemme Euroopan ainoa hallitus, joka pit\u00e4\u00e4 itse\u00e4\u00e4n kristillisen\u00e4 hallituksena. Kaikki muut hallitukset Euroopassa ovat k\u00e4yt\u00e4nn\u00f6ss\u00e4 vasemmistoliberaaleja hallituksia.\u201d<\/p>\n","protected":false},"excerpt":{"rendered":"Yhdysvallat|\u201dPutki ei ole ideologinen tai poliittinen asia\u201d, sanoi Viktor Orb\u00e1n. Yhdysvaltain presidentti Donald Trump kertoi harkitsevansa Unkarin p\u00e4\u00e4ministerille&hellip;\n","protected":false},"author":2,"featured_media":83956,"comment_status":"","ping_status":"","sticky":false,"template":"","format":"standard","meta":{"footnotes":""},"categories":[5],"tags":[22,23,26,27,33,31,30,17,46,24,25,28,29,15,18,21,32,19,20,16],"class_list":{"0":"post-83955","1":"post","2":"type-post","3":"status-publish","4":"format-standard","5":"has-post-thumbnail","7":"category-otsikot","8":"tag-breaking-news","9":"tag-breakingnews","10":"tag-featured-news","11":"tag-featurednews","12":"tag-fi","13":"tag-finland","14":"tag-finnish","15":"tag-headlines","16":"tag-helsingin-sanomat","17":"tag-latest-news","18":"tag-latestnews","19":"tag-main-news","20":"tag-mainnews","21":"tag-news","22":"tag-otsikot","23":"tag-paauutiset","24":"tag-suomi","25":"tag-top-stories","26":"tag-topstories","27":"tag-uutiset"},"share_on_mastodon":{"url":"https:\/\/pubeurope.com\/@fi\/115509889759977856","error":""},"_links":{"self":[{"href":"https:\/\/www.europesays.com\/fi\/wp-json\/wp\/v2\/posts\/83955","targetHints":{"allow":["GET"]}}],"collection":[{"href":"https:\/\/www.europesays.com\/fi\/wp-json\/wp\/v2\/posts"}],"about":[{"href":"https:\/\/www.europesays.com\/fi\/wp-json\/wp\/v2\/types\/post"}],"author":[{"embeddable":true,"href":"https:\/\/www.europesays.com\/fi\/wp-json\/wp\/v2\/users\/2"}],"replies":[{"embeddable":true,"href":"https:\/\/www.europesays.com\/fi\/wp-json\/wp\/v2\/comments?post=83955"}],"version-history":[{"count":0,"href":"https:\/\/www.europesays.com\/fi\/wp-json\/wp\/v2\/posts\/83955\/revisions"}],"wp:featuredmedia":[{"embeddable":true,"href":"https:\/\/www.europesays.com\/fi\/wp-json\/wp\/v2\/media\/83956"}],"wp:attachment":[{"href":"https:\/\/www.europesays.com\/fi\/wp-json\/wp\/v2\/media?parent=83955"}],"wp:term":[{"taxonomy":"category","embeddable":true,"href":"https:\/\/www.europesays.com\/fi\/wp-json\/wp\/v2\/categories?post=83955"},{"taxonomy":"post_tag","embeddable":true,"href":"https:\/\/www.europesays.com\/fi\/wp-json\/wp\/v2\/tags?post=83955"}],"curies":[{"name":"wp","href":"https:\/\/api.w.org\/{rel}","templated":true}]}}