{"id":83964,"date":"2025-11-07T19:02:11","date_gmt":"2025-11-07T19:02:11","guid":{"rendered":"https:\/\/www.europesays.com\/fi\/83964\/"},"modified":"2025-11-07T19:02:11","modified_gmt":"2025-11-07T19:02:11","slug":"tassa-on-vappu-pimian-sisko-seuraajat-ihmettelevat-yhdennakoisyytta","status":"publish","type":"post","link":"https:\/\/www.europesays.com\/fi\/83964\/","title":{"rendered":"T\u00e4ss\u00e4 on Vappu Pimi\u00e4n sisko \u2013 Seuraajat ihmettelev\u00e4t yhdenn\u00e4k\u00f6isyytt\u00e4"},"content":{"rendered":"<p>Vappu Pimi\u00e4 julkaisi Instagramissa kuvia Veera-siskonsa kanssa.<\/p>\n<p><img decoding=\"async\" class=\"image image-show image-preview\" src=\"https:\/\/www.europesays.com\/fi\/wp-content\/uploads\/2025\/09\/dddb80287b20d92654518d443c2931bd411c4a0725bcb7016a9dc768cd7ef8db.jpg\" alt=\"\"\/><img decoding=\"async\" class=\"image image-show\" src=\"https:\/\/www.europesays.com\/fi\/wp-content\/uploads\/2025\/09\/1756689187_966_dddb80287b20d92654518d443c2931bd411c4a0725bcb7016a9dc768cd7ef8db.jpg\" alt=\"\"\/><\/p>\n<p>Vappu Pimi\u00e4 juhlisti pikkusiskonsa syntym\u00e4p\u00e4iv\u00e4\u00e4. Jani Korpela<\/p>\n<p class=\"paragraph\">Juontaja <a href=\"https:\/\/www.iltalehti.fi\/henkilot\/Vappu Pimi\u00e4\" class=\"article-link-person-page\" rel=\"nofollow noopener\" target=\"_blank\">Vappu Pimi\u00e4<\/a>, 47, on julkaissut Instagram-tilill\u00e4\u00e4n kuvia <strong>Veera<\/strong>-siskonsa kanssa.<\/p>\n<p class=\"paragraph\">\u2013 Siskoni Veera toivoi joululahjaksi viime jouluna yhteist\u00e4 aikaa. Kaksi kuukautta sitten ly\u00f6tiin kalenteriin p\u00e4iv\u00e4, joka sattui olemaan my\u00f6s siskoni syntt\u00e4rip\u00e4iv\u00e4, Pimi\u00e4 kirjoittaa julkaisunsa oheen.<\/p>\n<p class=\"paragraph\">Juhlap\u00e4iv\u00e4 koitti t\u00e4ll\u00e4 viikolla. Siskokset k\u00e4viv\u00e4t yhdess\u00e4 jalkahieronnassa, lounaalla ja ostoksilla.<\/p>\n<p class=\"paragraph\">\u2013 Luonnollisesti siskoni my\u00f6s kaivoi keskell\u00e4 liikennevaloja hiusharjan laukustaan ja alkoi harjata mun tukkaa, joka oli kuulemma takussa, Pimi\u00e4 nauraa.<\/p>\n<p class=\"paragraph\">Lopuksi Pimi\u00e4 onnittelee pikkusiskoaan t\u00e4m\u00e4n merkkip\u00e4iv\u00e4n johdosta.<\/p>\n<p class=\"paragraph\">Jos upotus ei toimi, n\u00e4et julkaisun my\u00f6s <a href=\"https:\/\/www.instagram.com\/p\/DQuIxcKggTc\/?utm_source=ig_embed&amp;img_index=1\" target=\"_blank\" rel=\"noopener nofollow\">t\u00e4st\u00e4 linkist\u00e4<\/a>. N\u00e4et lis\u00e4\u00e4 kuvia oikean reunan nuolta n\u00e4p\u00e4ytt\u00e4m\u00e4ll\u00e4.<\/p>\n<p class=\"paragraph\">Pimi\u00e4 on jakanut kaksikon yhteisest\u00e4 p\u00e4iv\u00e4st\u00e4 runsaasti kuvia. Kahdessa ensimm\u00e4isess\u00e4 kuvassa siskokset katsovat kumpikin kohti kameraa. Kolmannessa kuvassa Veera istuu lasi k\u00e4dess\u00e4\u00e4n, nelj\u00e4nness\u00e4 kuvassa sisko sovittaa pitk\u00e4\u00e4 talvitakkia.<\/p>\n<p class=\"paragraph\">Viidenten\u00e4 otoksena on video, jossa Veera harjaa siskonsa hiuksia suojatiet\u00e4 ylitt\u00e4ess\u00e4\u00e4n Helsingin keskustassa.<\/p>\n<p class=\"paragraph\">Vappu Pimi\u00e4n seuraajat yhtyv\u00e4t onnittelemaan Veeraa syntym\u00e4p\u00e4ivien johdosta. Moni on kiinnitt\u00e4nyt huomionsa siskosten ulkon\u00e4k\u00f6\u00f6n.<\/p>\n<p class=\"paragraph\">\u2013 Katsoin, ett\u00e4 kaksi Vappua.<\/p>\n<p class=\"paragraph\">\u2013 Paras lahja, jonka voi antaa! Olette kuin kaksi marjaa \u2013 niin samann\u00e4k\u00f6isi\u00e4.<\/p>\n<p class=\"paragraph\">\u2013 Olettepa samann\u00e4k\u00f6iset.<\/p>\n<p class=\"paragraph\">\u2013 Ihanaa yhteist\u00e4 aikaa! Olette niin samann\u00e4k\u00f6isi\u00e4.<\/p>\n<p class=\"paragraph\">\u2013 Yhteinen aika on paras lahja. Ihanat siskokset, hyvinvointiyritt\u00e4j\u00e4 <strong>Jutta Larm<\/strong> kirjoittaa.<\/p>\n<p>Vappu Pimi\u00e4 n\u00e4hd\u00e4\u00e4n t\u00e4ll\u00e4 hetkell\u00e4 ruudussa muun muassa Tanssii t\u00e4htien kanssa -ohjelman juontajana. Atte Kajova<\/p>\n<p><script async src=\"\/\/www.instagram.com\/embed.js\"><\/script><\/p>\n","protected":false},"excerpt":{"rendered":"Vappu Pimi\u00e4 julkaisi Instagramissa kuvia Veera-siskonsa kanssa. Vappu Pimi\u00e4 juhlisti pikkusiskonsa syntym\u00e4p\u00e4iv\u00e4\u00e4. Jani Korpela Juontaja Vappu Pimi\u00e4, 47,&hellip;\n","protected":false},"author":2,"featured_media":83965,"comment_status":"","ping_status":"","sticky":false,"template":"","format":"standard","meta":{"footnotes":""},"categories":[130],"tags":[35,137,33,31,30,979,32,2140,140,139,2581,109],"class_list":{"0":"post-83964","1":"post","2":"type-post","3":"status-publish","4":"format-standard","5":"has-post-thumbnail","7":"category-viihde","8":"tag-24h","9":"tag-entertainment","10":"tag-fi","11":"tag-finland","12":"tag-finnish","13":"tag-sahkoinen-media","14":"tag-suomi","15":"tag-tosi-tv-ohjelmat","16":"tag-tv-ja-elokuvat","17":"tag-tv-ohjelmat","18":"tag-tv-2010-luku","19":"tag-viihde"},"share_on_mastodon":{"url":"https:\/\/pubeurope.com\/@fi\/115509968549990643","error":""},"_links":{"self":[{"href":"https:\/\/www.europesays.com\/fi\/wp-json\/wp\/v2\/posts\/83964","targetHints":{"allow":["GET"]}}],"collection":[{"href":"https:\/\/www.europesays.com\/fi\/wp-json\/wp\/v2\/posts"}],"about":[{"href":"https:\/\/www.europesays.com\/fi\/wp-json\/wp\/v2\/types\/post"}],"author":[{"embeddable":true,"href":"https:\/\/www.europesays.com\/fi\/wp-json\/wp\/v2\/users\/2"}],"replies":[{"embeddable":true,"href":"https:\/\/www.europesays.com\/fi\/wp-json\/wp\/v2\/comments?post=83964"}],"version-history":[{"count":0,"href":"https:\/\/www.europesays.com\/fi\/wp-json\/wp\/v2\/posts\/83964\/revisions"}],"wp:featuredmedia":[{"embeddable":true,"href":"https:\/\/www.europesays.com\/fi\/wp-json\/wp\/v2\/media\/83965"}],"wp:attachment":[{"href":"https:\/\/www.europesays.com\/fi\/wp-json\/wp\/v2\/media?parent=83964"}],"wp:term":[{"taxonomy":"category","embeddable":true,"href":"https:\/\/www.europesays.com\/fi\/wp-json\/wp\/v2\/categories?post=83964"},{"taxonomy":"post_tag","embeddable":true,"href":"https:\/\/www.europesays.com\/fi\/wp-json\/wp\/v2\/tags?post=83964"}],"curies":[{"name":"wp","href":"https:\/\/api.w.org\/{rel}","templated":true}]}}