{"id":83978,"date":"2025-11-07T19:28:09","date_gmt":"2025-11-07T19:28:09","guid":{"rendered":"https:\/\/www.europesays.com\/fi\/83978\/"},"modified":"2025-11-07T19:28:09","modified_gmt":"2025-11-07T19:28:09","slug":"mattin-penis-tuhosi-avioliiton-ex-vaimo-avautuu-vuosien-tuskasta","status":"publish","type":"post","link":"https:\/\/www.europesays.com\/fi\/83978\/","title":{"rendered":"Mattin penis tuhosi avioliiton \u2013 Ex-vaimo avautuu vuosien tuskasta"},"content":{"rendered":"<p>Matt Kalil on hyvin varusteltu mies, ainakin ex-vaimon mukaan. <\/p>\n<p><img decoding=\"async\" class=\"image image-show image-preview\" src=\"https:\/\/www.europesays.com\/fi\/wp-content\/uploads\/2025\/11\/9a2e2fa59ade198a21ddd86405439237f109baa8cfed439e18c7d55caf26ec21.jpg\" alt=\"\"\/><img decoding=\"async\" class=\"image image-show\" src=\"https:\/\/www.europesays.com\/fi\/wp-content\/uploads\/2025\/11\/1762543689_709_9a2e2fa59ade198a21ddd86405439237f109baa8cfed439e18c7d55caf26ec21.jpg\" alt=\"\"\/><\/p>\n<p>Haley ja Matt Kalil poseerasivat Sports Illustratedin tapahtuman punaisella matolla vuonna 2018.  AOP \/ USA TODAY SPORTS<\/p>\n<p class=\"paragraph\">Amerikkalaisen jalkapallon NFL-liigan entinen t\u00e4hti <strong>Matt Kalil<\/strong>, 36, kuuluu pelaajan ex-vaimon mukaan 0,1 prosentin v\u00e4hemmist\u00f6\u00f6n miesvarustuksensa osalta.<\/p>\n<p class=\"paragraph\">Mallina ja influensseria ty\u00f6skentelev\u00e4 <strong>Haley Baylee<\/strong> oli Kalilin kanssa naimisissa vuodet 2015\u20132022.<\/p>\n<p class=\"paragraph\">Nainen kertoo nyt, ett\u00e4 liitto kaatui Kalilin penikseen kokoon.<\/p>\n<p class=\"paragraph\">\u2013 Se oli suurin syy. Yritimme pit\u00e4\u00e4 yll\u00e4 aktiivista seksiel\u00e4m\u00e4\u00e4 ja tehd\u00e4 t\u00f6it\u00e4 liittomme puolesta, Baylee sanoo.<\/p>\n<p class=\"paragraph\">\u2013 Yritimme kaikkea, terapiaa ja l\u00e4\u00e4k\u00e4reit\u00e4. Harkitsimme rasvaimua. Se oli aika ironista. El\u00e4m\u00e4ni oli kuin komediaa, joka kirjoitti itse itsens\u00e4.<\/p>\n<p class=\"paragraph\">Bayleen mukaan penis oli kahden tai jopa kolmen Coca-colan t\u00f6lkin kokoinen.<\/p>\n<p class=\"paragraph\">H\u00e4n sanoo, ett\u00e4 rakastelu oli todella kivuliasta.<\/p>\n<p class=\"paragraph\">\u2013 Se oli mahdotonta ilman, ett\u00e4 aloin itke\u00e4.<\/p>\n<p class=\"paragraph\">Hy\u00f6kk\u00e4yksen linjaa pelannut Kalil edusti NFL:ss\u00e4 Minnesota Vikingsia ja Carolina Panthersia. Ura p\u00e4\u00e4ttyi vuonna 2019.<\/p>\n","protected":false},"excerpt":{"rendered":"Matt Kalil on hyvin varusteltu mies, ainakin ex-vaimon mukaan. Haley ja Matt Kalil poseerasivat Sports Illustratedin tapahtuman punaisella&hellip;\n","protected":false},"author":2,"featured_media":83979,"comment_status":"","ping_status":"","sticky":false,"template":"","format":"standard","meta":{"footnotes":""},"categories":[130],"tags":[35,137,33,31,30,41,877,875,1076,874,32,109],"class_list":{"0":"post-83978","1":"post","2":"type-post","3":"status-publish","4":"format-standard","5":"has-post-thumbnail","7":"category-viihde","8":"tag-24h","9":"tag-entertainment","10":"tag-fi","11":"tag-finland","12":"tag-finnish","13":"tag-liikunta-ja-urheilu","14":"tag-naissukupuoli","15":"tag-seksi","16":"tag-seksuaalinen-toiminta","17":"tag-sukupuolet","18":"tag-suomi","19":"tag-viihde"},"share_on_mastodon":{"url":"https:\/\/pubeurope.com\/@fi\/115510070772673554","error":""},"_links":{"self":[{"href":"https:\/\/www.europesays.com\/fi\/wp-json\/wp\/v2\/posts\/83978","targetHints":{"allow":["GET"]}}],"collection":[{"href":"https:\/\/www.europesays.com\/fi\/wp-json\/wp\/v2\/posts"}],"about":[{"href":"https:\/\/www.europesays.com\/fi\/wp-json\/wp\/v2\/types\/post"}],"author":[{"embeddable":true,"href":"https:\/\/www.europesays.com\/fi\/wp-json\/wp\/v2\/users\/2"}],"replies":[{"embeddable":true,"href":"https:\/\/www.europesays.com\/fi\/wp-json\/wp\/v2\/comments?post=83978"}],"version-history":[{"count":0,"href":"https:\/\/www.europesays.com\/fi\/wp-json\/wp\/v2\/posts\/83978\/revisions"}],"wp:featuredmedia":[{"embeddable":true,"href":"https:\/\/www.europesays.com\/fi\/wp-json\/wp\/v2\/media\/83979"}],"wp:attachment":[{"href":"https:\/\/www.europesays.com\/fi\/wp-json\/wp\/v2\/media?parent=83978"}],"wp:term":[{"taxonomy":"category","embeddable":true,"href":"https:\/\/www.europesays.com\/fi\/wp-json\/wp\/v2\/categories?post=83978"},{"taxonomy":"post_tag","embeddable":true,"href":"https:\/\/www.europesays.com\/fi\/wp-json\/wp\/v2\/tags?post=83978"}],"curies":[{"name":"wp","href":"https:\/\/api.w.org\/{rel}","templated":true}]}}