{"id":83982,"date":"2025-11-07T19:32:13","date_gmt":"2025-11-07T19:32:13","guid":{"rendered":"https:\/\/www.europesays.com\/fi\/83982\/"},"modified":"2025-11-07T19:32:13","modified_gmt":"2025-11-07T19:32:13","slug":"t24-kuva-wagner-ryhman-lippu-nahtiin-viron-rajajoella-teemat","status":"publish","type":"post","link":"https:\/\/www.europesays.com\/fi\/83982\/","title":{"rendered":"T24 | Kuva: Wagner-ryhm\u00e4n lippu n\u00e4htiin Viron rajajoella | Teemat"},"content":{"rendered":"<p>Ven\u00e4j\u00e4n ja Viron rajalla sijaitsevalla Narvajoella n\u00e4htiin viime sunnuntaina partioimassa ven\u00e4l\u00e4inen rajavartioston vene, jossa liehui pahamaineisen puolisotilaallisen Wagner-ryhm\u00e4n lippu.<\/p>\n<p><strong class=\"diks-storyline__impact\">Monet virolaiset poliitikot<\/strong> kommentoivat Viron ulkoministeri\u00f6 julkaisemaa uutista Twitteriss\u00e4 vitsaillen ja ironisesti. Viron ulkoministeri\u00f6 itsekin vitsaili twiitiss\u00e4\u00e4n, ett\u00e4 Wagner-ryhm\u00e4 n\u00e4ytt\u00e4\u00e4 ottaneen haltuunsa Ven\u00e4j\u00e4n rajaviranomaiset.<\/p>\n<p>Viron ulkoministerin<strong> Margus Tsahknan<\/strong> mukaan lippu on merkki Ven\u00e4j\u00e4n j\u00e4rjestelm\u00e4n murtumisesta.<\/p>\n<p>\u2013 Voimme vain spekuloida, onko Prigo\u017einin henki viel\u00e4 elossa Ven\u00e4j\u00e4ll\u00e4 ja yritt\u00e4\u00e4k\u00f6 Wagnerin miehist\u00f6 j\u00e4lleen kerran vallata Moskovan, vai onko heill\u00e4 t\u00e4ll\u00e4 kertaa t\u00e4ht\u00e4imess\u00e4\u00e4n Pietari. T\u00e4m\u00e4 n\u00e4ky kuitenkin vahvistaa sen tosiasian, ett\u00e4 Ven\u00e4j\u00e4n &#8221;rautainen&#8221; j\u00e4rjestelm\u00e4 on murtumassa, Tsahkna sanoi ministeri\u00f6n <a href=\"https:\/\/news.err.ee\/1609845951\/russian-border-guard-boat-flies-wagner-group-flag-on-narva-river\" rel=\"nofollow noopener\" target=\"_blank\">lehdist\u00f6tiedotteessa<\/a>.<\/p>\n<p>Wagner-ryhm\u00e4 on Ven\u00e4j\u00e4n valtion rahoittama puolisotilaallinen j\u00e4rjest\u00f6, jonka perustivat vuonna 2014 entinen Ven\u00e4j\u00e4n sotilastiedustelun GRU:n upseeri Dmitri Utkin ja liikemies Jevgeni Prigo\u017ein. Ryhm\u00e4 nousi kansainv\u00e4liseen tietoisuuteen Ukrainan sodan my\u00f6t\u00e4. Ryhm\u00e4\u00e4 on syytetty sotarikoksista Ukrainan lis\u00e4ksi my\u00f6s Syyriassa, Libyassa ja useissa Afrikan maissa.<\/p>\n","protected":false},"excerpt":{"rendered":"Ven\u00e4j\u00e4n ja Viron rajalla sijaitsevalla Narvajoella n\u00e4htiin viime sunnuntaina partioimassa ven\u00e4l\u00e4inen rajavartioston vene, jossa liehui pahamaineisen puolisotilaallisen Wagner-ryhm\u00e4n&hellip;\n","protected":false},"author":2,"featured_media":83983,"comment_status":"","ping_status":"","sticky":false,"template":"","format":"standard","meta":{"footnotes":""},"categories":[14],"tags":[22,23,26,27,33,31,30,17,24,25,28,29,2325,15,18,21,687,878,2535,32,3593,19,20,12466,549,56,16,59,60,61],"class_list":{"0":"post-83982","1":"post","2":"type-post","3":"status-publish","4":"format-standard","5":"has-post-thumbnail","7":"category-ulkomaat","8":"tag-breaking-news","9":"tag-breakingnews","10":"tag-featured-news","11":"tag-featurednews","12":"tag-fi","13":"tag-finland","14":"tag-finnish","15":"tag-headlines","16":"tag-latest-news","17":"tag-latestnews","18":"tag-main-news","19":"tag-mainnews","20":"tag-moskova-venaja","21":"tag-news","22":"tag-otsikot","23":"tag-paauutiset","24":"tag-pietari-st-petersburg","25":"tag-puolustus-ja-rajavalvonta-maanpuolustus","26":"tag-puolustuspolitiikka","27":"tag-suomi","28":"tag-tallinna24","29":"tag-top-stories","30":"tag-topstories","31":"tag-twitter","32":"tag-ukrainan-sota","33":"tag-ulkomaat","34":"tag-uutiset","35":"tag-world","36":"tag-world-news","37":"tag-worldnews"},"share_on_mastodon":{"url":"https:\/\/pubeurope.com\/@fi\/115510086528277735","error":""},"_links":{"self":[{"href":"https:\/\/www.europesays.com\/fi\/wp-json\/wp\/v2\/posts\/83982","targetHints":{"allow":["GET"]}}],"collection":[{"href":"https:\/\/www.europesays.com\/fi\/wp-json\/wp\/v2\/posts"}],"about":[{"href":"https:\/\/www.europesays.com\/fi\/wp-json\/wp\/v2\/types\/post"}],"author":[{"embeddable":true,"href":"https:\/\/www.europesays.com\/fi\/wp-json\/wp\/v2\/users\/2"}],"replies":[{"embeddable":true,"href":"https:\/\/www.europesays.com\/fi\/wp-json\/wp\/v2\/comments?post=83982"}],"version-history":[{"count":0,"href":"https:\/\/www.europesays.com\/fi\/wp-json\/wp\/v2\/posts\/83982\/revisions"}],"wp:featuredmedia":[{"embeddable":true,"href":"https:\/\/www.europesays.com\/fi\/wp-json\/wp\/v2\/media\/83983"}],"wp:attachment":[{"href":"https:\/\/www.europesays.com\/fi\/wp-json\/wp\/v2\/media?parent=83982"}],"wp:term":[{"taxonomy":"category","embeddable":true,"href":"https:\/\/www.europesays.com\/fi\/wp-json\/wp\/v2\/categories?post=83982"},{"taxonomy":"post_tag","embeddable":true,"href":"https:\/\/www.europesays.com\/fi\/wp-json\/wp\/v2\/tags?post=83982"}],"curies":[{"name":"wp","href":"https:\/\/api.w.org\/{rel}","templated":true}]}}