{"id":84056,"date":"2025-11-07T21:39:10","date_gmt":"2025-11-07T21:39:10","guid":{"rendered":"https:\/\/www.europesays.com\/fi\/84056\/"},"modified":"2025-11-07T21:39:10","modified_gmt":"2025-11-07T21:39:10","slug":"diddy-jarkyttyi-uudesta-tyostaan","status":"publish","type":"post","link":"https:\/\/www.europesays.com\/fi\/84056\/","title":{"rendered":"Diddy j\u00e4rkyttyi uudesta ty\u00f6st\u00e4\u00e4n"},"content":{"rendered":"<p>R\u00e4pp\u00e4ri Diddyll\u00e4 on uusi ty\u00f6 vankilassa. <\/p>\n<p><img decoding=\"async\" class=\"image image-show image-preview\" src=\"https:\/\/www.europesays.com\/fi\/wp-content\/uploads\/2025\/09\/41171a281cd63917bc0b8637fcca38c1ee6521e2c280ef60a9709ecb2d2360ac.jpg\" alt=\"\"\/><img decoding=\"async\" class=\"image image-show\" src=\"https:\/\/www.europesays.com\/fi\/wp-content\/uploads\/2025\/11\/41171a281cd63917bc0b8637fcca38c1ee6521e2c280ef60a9709ecb2d2360ac.jpg\" alt=\"\"\/><\/p>\n<p>Diddy pesee nyky\u00e4\u00e4n pyykki\u00e4.  AOP<\/p>\n<p class=\"paragraph\">Diddy, oikealta nimelt\u00e4\u00e4n <a href=\"https:\/\/www.iltalehti.fi\/henkilot\/Sean Combs\" class=\"article-link-person-page\" rel=\"nofollow noopener\" target=\"_blank\">Sean Combs<\/a>, tuomittiin lokakuussa vankilaan yli nelj\u00e4ksi vuodeksi prostituutiorikoksista.<\/p>\n<p class=\"paragraph\">Diddy istuu tuomiotaan New Jerseyn vankilassa, jonne h\u00e4net siirrettiin Brooklynin vankilasta aiemmin t\u00e4ll\u00e4 viikolla. Diddyn on tarkoitus istua tuomionsa loppuun New Jerseyss\u00e4. Toimettomana h\u00e4nen ei tarvitse olla, sill\u00e4 Diddy ty\u00f6skentelee vankilan pesulassa. H\u00e4n siis pesee ja kuivaa vankitovereidensa vaatteita.<\/p>\n<p class=\"paragraph\"><a href=\"https:\/\/www.tmz.com\/2025\/10\/31\/diddy-first-prison-job-laundry\/\" target=\"_blank\" rel=\"noopener nofollow\">TMZ-sivuston<\/a> mukaan ty\u00f6 voi olla Diddylle j\u00e4rkytys, sill\u00e4 h\u00e4n on tottunut ty\u00f6ntekij\u00f6idens\u00e4 tekev\u00e4n kaikki askareet puolestaan, aina puhelimen latauksesta alkaen.<\/p>\n<p class=\"paragraph\">R\u00e4pp\u00e4ri on vasta aloittanut tuomionsa k\u00e4rsimisen. On mahdollista, ett\u00e4 h\u00e4n p\u00e4\u00e4see vapauteen paljon aiemmin kuin mit\u00e4 tuomio on. Diddy on nimitt\u00e4in anonut armahdusta Yhdysvaltain presidentti Donald Trumpilta.<\/p>\n<p class=\"paragraph\">\u2013 Monet ovat kysyneet minulta armahdusta. Kutsun h\u00e4nt\u00e4 Puff Daddyksi. H\u00e4n on pyyt\u00e4nyt minulta armahdusta, paljasti Trump <a href=\"https:\/\/www.iltalehti.fi\/viihdeuutiset\/39bedbe5-ed6b-40c5-9f42-1b9c29f18a55\" rel=\"nofollow noopener\" target=\"_blank\">lehdist\u00f6lle viime kuussa<\/a>.<\/p>\n<p class=\"paragraph\">Liittovaltion valamiehist\u00f6 totesi Diddyn hein\u00e4kuussa syylliseksi prostituutioon liittyviin syytekohtiin. H\u00e4nen todettiin kuljettaneen seksity\u00f6ntekij\u00f6it\u00e4 osavaltioiden ja valtion rajojen yli, mik\u00e4 on rikos Yhdysvalloissa.<\/p>\n<p class=\"paragraph\">H\u00e4net todettiin kuitenkin syytt\u00f6m\u00e4ksi ihmiskauppaan ja j\u00e4rjest\u00e4ytyneeseen rikollisuuteen.<\/p>\n","protected":false},"excerpt":{"rendered":"R\u00e4pp\u00e4ri Diddyll\u00e4 on uusi ty\u00f6 vankilassa. Diddy pesee nyky\u00e4\u00e4n pyykki\u00e4. AOP Diddy, oikealta nimelt\u00e4\u00e4n Sean Combs, tuomittiin lokakuussa&hellip;\n","protected":false},"author":2,"featured_media":69870,"comment_status":"","ping_status":"","sticky":false,"template":"","format":"standard","meta":{"footnotes":""},"categories":[130],"tags":[35,138,137,33,31,30,53,47,977,976,32,109],"class_list":{"0":"post-84056","1":"post","2":"type-post","3":"status-publish","4":"format-standard","5":"has-post-thumbnail","7":"category-viihde","8":"tag-24h","9":"tag-audio","10":"tag-entertainment","11":"tag-fi","12":"tag-finland","13":"tag-finnish","14":"tag-laki-oikeus-ja-rikos","15":"tag-musiikki","16":"tag-oikeusistuimet","17":"tag-oikeusprosessit","18":"tag-suomi","19":"tag-viihde"},"share_on_mastodon":{"url":"https:\/\/pubeurope.com\/@fi\/115510585962300060","error":""},"_links":{"self":[{"href":"https:\/\/www.europesays.com\/fi\/wp-json\/wp\/v2\/posts\/84056","targetHints":{"allow":["GET"]}}],"collection":[{"href":"https:\/\/www.europesays.com\/fi\/wp-json\/wp\/v2\/posts"}],"about":[{"href":"https:\/\/www.europesays.com\/fi\/wp-json\/wp\/v2\/types\/post"}],"author":[{"embeddable":true,"href":"https:\/\/www.europesays.com\/fi\/wp-json\/wp\/v2\/users\/2"}],"replies":[{"embeddable":true,"href":"https:\/\/www.europesays.com\/fi\/wp-json\/wp\/v2\/comments?post=84056"}],"version-history":[{"count":0,"href":"https:\/\/www.europesays.com\/fi\/wp-json\/wp\/v2\/posts\/84056\/revisions"}],"wp:featuredmedia":[{"embeddable":true,"href":"https:\/\/www.europesays.com\/fi\/wp-json\/wp\/v2\/media\/69870"}],"wp:attachment":[{"href":"https:\/\/www.europesays.com\/fi\/wp-json\/wp\/v2\/media?parent=84056"}],"wp:term":[{"taxonomy":"category","embeddable":true,"href":"https:\/\/www.europesays.com\/fi\/wp-json\/wp\/v2\/categories?post=84056"},{"taxonomy":"post_tag","embeddable":true,"href":"https:\/\/www.europesays.com\/fi\/wp-json\/wp\/v2\/tags?post=84056"}],"curies":[{"name":"wp","href":"https:\/\/api.w.org\/{rel}","templated":true}]}}