{"id":84060,"date":"2025-11-07T21:44:07","date_gmt":"2025-11-07T21:44:07","guid":{"rendered":"https:\/\/www.europesays.com\/fi\/84060\/"},"modified":"2025-11-07T21:44:07","modified_gmt":"2025-11-07T21:44:07","slug":"auto-ympari-ja-takaisin-pyorilleen-ulosajossa-jyvaskylassa-keski-suomi","status":"publish","type":"post","link":"https:\/\/www.europesays.com\/fi\/84060\/","title":{"rendered":"Auto ymp\u00e4ri ja takaisin py\u00f6rilleen ulosajossa Jyv\u00e4skyl\u00e4ss\u00e4 | Keski-Suomi"},"content":{"rendered":"<p>Jyv\u00e4skyl\u00e4ss\u00e4 Hein\u00e4m\u00e4entiell\u00e4 sattui perjantai-iltana henkil\u00f6auton ulosajo, jossa auto meni ymp\u00e4ri ja p\u00e4\u00e4tyi lopulta py\u00f6rilleen.<\/p>\n<p>Pelastuslaitoksen tilannekeskuksen tiedossa ei ollut loukkaantumisia. Viel\u00e4 ei ollut t\u00e4ytt\u00e4 varmuutta siit\u00e4, monta henke\u00e4 autossa oli ollut.<\/p>\n<p>Pelastuslaitos sai h\u00e4lytyksen onnettomuudesta ennen kello kymment\u00e4.<\/p>\n<p>Poliisi selvitt\u00e4\u00e4 tapahtumien kulkua.<\/p>\n<p>\n\t\t\tKartassa Hein\u00e4m\u00e4entie (ei tarkka onnettomuuspaikka). <\/p>\n","protected":false},"excerpt":{"rendered":"Jyv\u00e4skyl\u00e4ss\u00e4 Hein\u00e4m\u00e4entiell\u00e4 sattui perjantai-iltana henkil\u00f6auton ulosajo, jossa auto meni ymp\u00e4ri ja p\u00e4\u00e4tyi lopulta py\u00f6rilleen. Pelastuslaitoksen tilannekeskuksen tiedossa ei&hellip;\n","protected":false},"author":2,"featured_media":84061,"comment_status":"","ping_status":"","sticky":false,"template":"","format":"standard","meta":{"footnotes":""},"categories":[12],"tags":[22,23,26,27,33,31,30,17,425,24,25,121,28,29,15,120,18,21,122,54,103,32,19,20,546,16],"class_list":{"0":"post-84060","1":"post","2":"type-post","3":"status-publish","4":"format-standard","5":"has-post-thumbnail","7":"category-suomi","8":"tag-breaking-news","9":"tag-breakingnews","10":"tag-featured-news","11":"tag-featurednews","12":"tag-fi","13":"tag-finland","14":"tag-finnish","15":"tag-headlines","16":"tag-jyvaskyla","17":"tag-latest-news","18":"tag-latestnews","19":"tag-liikenne-ja-kuljetus","20":"tag-main-news","21":"tag-mainnews","22":"tag-news","23":"tag-onnettomuustapaus","24":"tag-otsikot","25":"tag-paauutiset","26":"tag-pelastaminen","27":"tag-pelastuspalvelut","28":"tag-sosiaalikysymykset","29":"tag-suomi","30":"tag-top-stories","31":"tag-topstories","32":"tag-turvallisuus","33":"tag-uutiset"},"share_on_mastodon":{"url":"https:\/\/pubeurope.com\/@fi\/115510605507945617","error":""},"_links":{"self":[{"href":"https:\/\/www.europesays.com\/fi\/wp-json\/wp\/v2\/posts\/84060","targetHints":{"allow":["GET"]}}],"collection":[{"href":"https:\/\/www.europesays.com\/fi\/wp-json\/wp\/v2\/posts"}],"about":[{"href":"https:\/\/www.europesays.com\/fi\/wp-json\/wp\/v2\/types\/post"}],"author":[{"embeddable":true,"href":"https:\/\/www.europesays.com\/fi\/wp-json\/wp\/v2\/users\/2"}],"replies":[{"embeddable":true,"href":"https:\/\/www.europesays.com\/fi\/wp-json\/wp\/v2\/comments?post=84060"}],"version-history":[{"count":0,"href":"https:\/\/www.europesays.com\/fi\/wp-json\/wp\/v2\/posts\/84060\/revisions"}],"wp:featuredmedia":[{"embeddable":true,"href":"https:\/\/www.europesays.com\/fi\/wp-json\/wp\/v2\/media\/84061"}],"wp:attachment":[{"href":"https:\/\/www.europesays.com\/fi\/wp-json\/wp\/v2\/media?parent=84060"}],"wp:term":[{"taxonomy":"category","embeddable":true,"href":"https:\/\/www.europesays.com\/fi\/wp-json\/wp\/v2\/categories?post=84060"},{"taxonomy":"post_tag","embeddable":true,"href":"https:\/\/www.europesays.com\/fi\/wp-json\/wp\/v2\/tags?post=84060"}],"curies":[{"name":"wp","href":"https:\/\/api.w.org\/{rel}","templated":true}]}}