{"id":84177,"date":"2025-11-08T01:12:08","date_gmt":"2025-11-08T01:12:08","guid":{"rendered":"https:\/\/www.europesays.com\/fi\/84177\/"},"modified":"2025-11-08T01:12:08","modified_gmt":"2025-11-08T01:12:08","slug":"maa-jarisi-kotkansaaressa-hs-fi","status":"publish","type":"post","link":"https:\/\/www.europesays.com\/fi\/84177\/","title":{"rendered":"Maa j\u00e4risi Kotkansaaressa | HS.fi"},"content":{"rendered":"<p>Kotka|Asiasta soitettiin useita h\u00e4t\u00e4keskuspuheluita. Kaupungissa mitattiin voimakkuuden 1,8 maanj\u00e4ristys vuonna 2022.<\/p>\n<p class=\"article-body mb-nof-24 px-nof-16\">Maa j\u00e4risi Kotkassa perjantai-iltana noin yhdentoista aikaan.<\/p>\n<p class=\"article-body mb-nof-24 px-nof-16\">Kaakkois-Suomen poliisi kertoo, ett\u00e4 j\u00e4rin\u00e4st\u00e4 soitettiin useita h\u00e4t\u00e4keskuspuheluita, joista viimeisin oli kello 23.08. Tilanteesta ei kuitenkaan seurannut teht\u00e4vi\u00e4 viranomaisille.<\/p>\n<p class=\"article-body mb-nof-24 px-nof-16\">Helsingin yliopiston Seismologisen instituutin <a class=\"article-genericlink\" href=\"https:\/\/www.seismo.helsinki.fi\/bulletin\/list\/alert\/current_map.html\" rel=\"nofollow noopener\" target=\"_blank\">karttaan<\/a> on merkattu magnitudin 1,2 todenn\u00e4k\u00f6inen maanj\u00e4ristys kello 22.57. Havainto on kuitenkin tarkistamaton, joten sen paikka, luonne ja magnitudi voivat viel\u00e4 tarkentua.<\/p>\n<p class=\"article-body mb-nof-24 px-nof-16\">Maanj\u00e4ristykset eiv\u00e4t ole Kotkassa tavattomia. Esimerkiksi vuonna 2022 kaupungissa <a class=\"article-genericlink\" href=\"https:\/\/www.hs.fi\/suomi\/art-2000009275746.html\" rel=\"nofollow noopener\" target=\"_blank\">mitattiin<\/a> voimakkuuden 1,8 maanj\u00e4ristys.<\/p>\n<p class=\"article-body mb-nof-24 px-nof-16\"><a class=\"article-genericlink\" href=\"https:\/\/www.is.fi\/kotimaa\/art-2000011613396.html\" rel=\"nofollow noopener\" target=\"_blank\">Ilta-Sanomien<\/a> lukijahavaintojen mukaan j\u00e4ristyksest\u00e4 kuului kova pamaus ja se tuntui ymp\u00e4ri Kotkansaarta. Lukijat kertovat my\u00f6s t\u00e4rin\u00e4st\u00e4 muualla Kotkassa.<\/p>\n","protected":false},"excerpt":{"rendered":"Kotka|Asiasta soitettiin useita h\u00e4t\u00e4keskuspuheluita. Kaupungissa mitattiin voimakkuuden 1,8 maanj\u00e4ristys vuonna 2022. Maa j\u00e4risi Kotkassa perjantai-iltana noin yhdentoista aikaan.&hellip;\n","protected":false},"author":2,"featured_media":84178,"comment_status":"","ping_status":"","sticky":false,"template":"","format":"standard","meta":{"footnotes":""},"categories":[12],"tags":[22,23,26,27,33,31,30,17,46,24,25,28,29,15,18,21,32,19,20,16],"class_list":{"0":"post-84177","1":"post","2":"type-post","3":"status-publish","4":"format-standard","5":"has-post-thumbnail","7":"category-suomi","8":"tag-breaking-news","9":"tag-breakingnews","10":"tag-featured-news","11":"tag-featurednews","12":"tag-fi","13":"tag-finland","14":"tag-finnish","15":"tag-headlines","16":"tag-helsingin-sanomat","17":"tag-latest-news","18":"tag-latestnews","19":"tag-main-news","20":"tag-mainnews","21":"tag-news","22":"tag-otsikot","23":"tag-paauutiset","24":"tag-suomi","25":"tag-top-stories","26":"tag-topstories","27":"tag-uutiset"},"share_on_mastodon":{"url":"https:\/\/pubeurope.com\/@fi\/115511423383490980","error":""},"_links":{"self":[{"href":"https:\/\/www.europesays.com\/fi\/wp-json\/wp\/v2\/posts\/84177","targetHints":{"allow":["GET"]}}],"collection":[{"href":"https:\/\/www.europesays.com\/fi\/wp-json\/wp\/v2\/posts"}],"about":[{"href":"https:\/\/www.europesays.com\/fi\/wp-json\/wp\/v2\/types\/post"}],"author":[{"embeddable":true,"href":"https:\/\/www.europesays.com\/fi\/wp-json\/wp\/v2\/users\/2"}],"replies":[{"embeddable":true,"href":"https:\/\/www.europesays.com\/fi\/wp-json\/wp\/v2\/comments?post=84177"}],"version-history":[{"count":0,"href":"https:\/\/www.europesays.com\/fi\/wp-json\/wp\/v2\/posts\/84177\/revisions"}],"wp:featuredmedia":[{"embeddable":true,"href":"https:\/\/www.europesays.com\/fi\/wp-json\/wp\/v2\/media\/84178"}],"wp:attachment":[{"href":"https:\/\/www.europesays.com\/fi\/wp-json\/wp\/v2\/media?parent=84177"}],"wp:term":[{"taxonomy":"category","embeddable":true,"href":"https:\/\/www.europesays.com\/fi\/wp-json\/wp\/v2\/categories?post=84177"},{"taxonomy":"post_tag","embeddable":true,"href":"https:\/\/www.europesays.com\/fi\/wp-json\/wp\/v2\/tags?post=84177"}],"curies":[{"name":"wp","href":"https:\/\/api.w.org\/{rel}","templated":true}]}}