{"id":84195,"date":"2025-11-08T01:51:11","date_gmt":"2025-11-08T01:51:11","guid":{"rendered":"https:\/\/www.europesays.com\/fi\/84195\/"},"modified":"2025-11-08T01:51:11","modified_gmt":"2025-11-08T01:51:11","slug":"ilouutisia-korkeasaaresta-suloiset-keisaritamariinit-saivat-perheenlisaysta","status":"publish","type":"post","link":"https:\/\/www.europesays.com\/fi\/84195\/","title":{"rendered":"Ilouutisia Korkeasaaresta: suloiset keisaritamariinit saivat perheenlis\u00e4yst\u00e4"},"content":{"rendered":"<p>Korkeasaaren keisaritamariinit ovat saaneet perheenlis\u00e4yst\u00e4. Keisaritamariini on Etel\u00e4-Amerikan sademetsien pieni kynsiapina.<\/p>\n<p>Kuusi viikkoa sitten syntyneen poikasen syntym\u00e4\u00e4 alettiin odottaa jo kev\u00e4\u00e4ll\u00e4, kun naaraan vatsa alkoi py\u00f6risty\u00e4. Lajin kantoaika on noin 4,5 kuukautta. Poikanen on kyseisten keisaritamariinien ensimm\u00e4inen.\u00a0Korkeasaaressa laji on lis\u00e4\u00e4ntynyt viimeksi 15 vuotta sitten.\u00a0<\/p>\n<p>Poikasen sukupuoli ei ole viel\u00e4 selvill\u00e4, mutta Korkeasaaressa on jo mietitty nimivaihtoehtoja.<\/p>\n<p>\u201dPoikanen on todella s\u00f6p\u00f6 pikku riivi\u00f6 kuuden viikon ik\u00e4isen\u00e4. Se osaa jo loikkia oksalla lyhyit\u00e4 matkoja, pihist\u00e4\u00e4 p\u00e4hkin\u00e4n is\u00e4ns\u00e4 suusta ja vet\u00e4\u00e4 is\u00e4\u00e4 viiksist\u00e4 kavutessaan takaisin sen selk\u00e4\u00e4n. Is\u00e4 on hyvin huolehtivainen ja hoitaa hienosti t\u00e4rke\u00e4\u00e4 teht\u00e4v\u00e4\u00e4ns\u00e4. Emolla ravinnontarve on kasvanut selv\u00e4sti imetyksen takia, joten se saa nyt tavallista enemm\u00e4n ruokaa. Olemme eritt\u00e4in onnellisia, ett\u00e4 kaikki on sujunut hyvin\u201d, el\u00e4intenhoitaja <strong>Merja Silv\u00e1n<\/strong> sanoo Korkeasaaren tiedotteessa.<\/p>\n<p><img loading=\"lazy\" height=\"683\" width=\"1024\" class=\"wp-image-116056 sp-no-webp perfmatters-lazy\" alt=\"\" decoding=\"async\" src=\"https:\/\/www.europesays.com\/fi\/wp-content\/uploads\/2025\/11\/20251003_Keisaritamariinit-Kepler-ja-Kali_002_AnnikaSorjonen-1024x683.jpg\"  data-\/> Korkeasaaren keisaritamariinit saivat perheenlis\u00e4yst\u00e4.<\/p>\n<p>Keisaritamariini kuuluu eurooppalaisten el\u00e4intarhojen yhteiseen EEP-suojeluohjelmaan, jonka tavoitteena on yll\u00e4pit\u00e4\u00e4 lajin elinvoimaista tarhakantaa. <\/p>\n<p>Lajia uhkaa elinalueiden pirstoutuminen ja mets\u00e4alan pieneneminen, mink\u00e4 vuoksi laji luokitellaan uhanalaiseksi Brasiliassa ja Perussa. Keisaritamariineja el\u00e4\u00e4 laajoilla suojelualueilla, jotka turvaavat Amazon-joen monimuotoista sademets\u00e4luontoa, Korkeasaari kertoo.<\/p>\n<p><img loading=\"lazy\" height=\"683\" width=\"1024\" class=\"wp-image-116058 sp-no-webp perfmatters-lazy\" alt=\"\" decoding=\"async\" src=\"https:\/\/www.europesays.com\/fi\/wp-content\/uploads\/2025\/11\/20251003_Keisaritamariini-Kepler-selassaan-R-vuoden-poikanen_009_AnnikaSorjonen-1024x683.jpg\"  data-\/> <\/p>\n<p>L\u00e4hde: <a href=\"https:\/\/www.sttinfo.fi\/tiedote\/71587932\/keisaritamariinit-keskittyvat-poikasarkeen-korkeasaaren-tropiikissa?publisherId=69820121&amp;lang=fi\" rel=\"nofollow noopener\" target=\"_blank\">Korkeasaari<\/a><\/p>\n<p><a href=\"https:\/\/www.voice.fi\/ilmiot\/a-240318\" rel=\"nofollow noopener\" target=\"_blank\"><strong>Lue my\u00f6s: Korkeasaaren leijonalauma sai uuden uroksen \u2013 katso kuvat uudesta tulokkaasta<br \/><\/strong><\/a><\/p>\n","protected":false},"excerpt":{"rendered":"Korkeasaaren keisaritamariinit ovat saaneet perheenlis\u00e4yst\u00e4. Keisaritamariini on Etel\u00e4-Amerikan sademetsien pieni kynsiapina. Kuusi viikkoa sitten syntyneen poikasen syntym\u00e4\u00e4 alettiin&hellip;\n","protected":false},"author":2,"featured_media":84196,"comment_status":"","ping_status":"","sticky":false,"template":"","format":"standard","meta":{"footnotes":""},"categories":[136],"tags":[407,137,33,31,30,408,17320,17321,17322,17323,32,109],"class_list":{"0":"post-84195","1":"post","2":"type-post","3":"status-publish","4":"format-standard","5":"has-post-thumbnail","7":"category-julkkikset","8":"tag-celebrities","9":"tag-entertainment","10":"tag-fi","11":"tag-finland","12":"tag-finnish","13":"tag-julkkikset","14":"tag-keisaritamariini","15":"tag-korkeasaaren-elu00e4intarha","16":"tag-korkeasaari","17":"tag-poikanen","18":"tag-suomi","19":"tag-viihde"},"share_on_mastodon":{"url":"https:\/\/pubeurope.com\/@fi\/115511576836814268","error":""},"_links":{"self":[{"href":"https:\/\/www.europesays.com\/fi\/wp-json\/wp\/v2\/posts\/84195","targetHints":{"allow":["GET"]}}],"collection":[{"href":"https:\/\/www.europesays.com\/fi\/wp-json\/wp\/v2\/posts"}],"about":[{"href":"https:\/\/www.europesays.com\/fi\/wp-json\/wp\/v2\/types\/post"}],"author":[{"embeddable":true,"href":"https:\/\/www.europesays.com\/fi\/wp-json\/wp\/v2\/users\/2"}],"replies":[{"embeddable":true,"href":"https:\/\/www.europesays.com\/fi\/wp-json\/wp\/v2\/comments?post=84195"}],"version-history":[{"count":0,"href":"https:\/\/www.europesays.com\/fi\/wp-json\/wp\/v2\/posts\/84195\/revisions"}],"wp:featuredmedia":[{"embeddable":true,"href":"https:\/\/www.europesays.com\/fi\/wp-json\/wp\/v2\/media\/84196"}],"wp:attachment":[{"href":"https:\/\/www.europesays.com\/fi\/wp-json\/wp\/v2\/media?parent=84195"}],"wp:term":[{"taxonomy":"category","embeddable":true,"href":"https:\/\/www.europesays.com\/fi\/wp-json\/wp\/v2\/categories?post=84195"},{"taxonomy":"post_tag","embeddable":true,"href":"https:\/\/www.europesays.com\/fi\/wp-json\/wp\/v2\/tags?post=84195"}],"curies":[{"name":"wp","href":"https:\/\/api.w.org\/{rel}","templated":true}]}}