{"id":84214,"date":"2025-11-08T02:29:07","date_gmt":"2025-11-08T02:29:07","guid":{"rendered":"https:\/\/www.europesays.com\/fi\/84214\/"},"modified":"2025-11-08T02:29:07","modified_gmt":"2025-11-08T02:29:07","slug":"ukrainan-sahkonjakelussa-hatakatkoja-useilla-alueilla-venajan-iskettya-energiainfrastruktuuriin-uutissuomalainen","status":"publish","type":"post","link":"https:\/\/www.europesays.com\/fi\/84214\/","title":{"rendered":"Ukrainan s\u00e4hk\u00f6njakelussa h\u00e4t\u00e4katkoja useilla alueilla Ven\u00e4j\u00e4n isketty\u00e4 energiainfrastruktuuriin | Uutissuomalainen"},"content":{"rendered":"<p>Ven\u00e4j\u00e4n massiivinen hy\u00f6kk\u00e4ys Ukrainan energiainfrastruktuuriin on aiheuttanut s\u00e4hk\u00f6n jakelun keskeytt\u00e4misi\u00e4 useilla eri alueilla Ukrainassa, <a href=\"https:\/\/www.facebook.com\/s.grynchuk\/posts\/pfbid02Ato62nxMMqtZToHtz96Bpoa93M1K47W12LY6XjK1di2Wcb8HbnheHhpBRRM7eXGXl?__cft__[0]=AZUYlhrwouzmLBQGcPDvWU9OKkUdBMPdvAscskamVCrmK5R8z6ncP5FZuJOPg6XZCRmN6nfxK6oj7PrTHsiLrpt6w11yKzli3CYZQZO-fuYOCE7g10G2DedjhTB9tP0RceidcrPkzxCKCt3o6T1dy42j_9pp6V2pfu7efTv5MTg36Q&amp;__tn__=%2CO%2CP-R\" rel=\"nofollow noopener\" target=\"_blank\">kertoi<\/a> Ukrainan energiaministeri Svitlana Hryntshuk varhain lauantaina.<\/p>\n<p>Ministerin mukaan s\u00e4hk\u00f6njakelun h\u00e4t\u00e4katkot p\u00e4\u00e4ttyv\u00e4t, kun energiaj\u00e4rjestelm\u00e4n tilanne saadaan vakaaksi.<\/p>\n<p>\u2013\u2009Vihollisen suunnitelmista huolimatta Ukrainassa saadaan valoa ja l\u00e4mp\u00f6\u00e4 t\u00e4n\u00e4 talvena, Hryntshuk kirjoitti Facebook-viestiss\u00e4\u00e4n.<\/p>\n<p>Odessan alueen kuvern\u00f6\u00f6ri kertoi perjantai-iltana, ett\u00e4 Ven\u00e4j\u00e4 oli tehnyt lennokki-iskuja alueella sijaitsevaan energialaitokseen.<\/p>\n<p>Ven\u00e4j\u00e4 on viime kuukausina kiihdytt\u00e4nyt iskujaan Ukrainan energiainfrastruktuuriin.<\/p>\n<p>Ukraina on my\u00f6s kiihdytt\u00e4nyt iskujaan Ven\u00e4j\u00e4n \u00f6ljylaitoksiin pyrkien aiheuttamaan polttoainepulaa maassa ja v\u00e4hent\u00e4m\u00e4\u00e4n ven\u00e4l\u00e4is\u00f6ljyn vienti\u00e4, jolla Ven\u00e4j\u00e4 on sotatoimiaan rahoittanut.<\/p>\n","protected":false},"excerpt":{"rendered":"Ven\u00e4j\u00e4n massiivinen hy\u00f6kk\u00e4ys Ukrainan energiainfrastruktuuriin on aiheuttanut s\u00e4hk\u00f6n jakelun keskeytt\u00e4misi\u00e4 useilla eri alueilla Ukrainassa, kertoi Ukrainan energiaministeri Svitlana&hellip;\n","protected":false},"author":2,"featured_media":84215,"comment_status":"","ping_status":"","sticky":false,"template":"","format":"standard","meta":{"footnotes":""},"categories":[14],"tags":[22,23,124,1628,1752,26,27,33,31,30,6639,17,24,25,28,29,15,18,21,2007,932,32,19,20,549,56,16,59,60,61],"class_list":{"0":"post-84214","1":"post","2":"type-post","3":"status-publish","4":"format-standard","5":"has-post-thumbnail","7":"category-ulkomaat","8":"tag-breaking-news","9":"tag-breakingnews","10":"tag-energia-sektori","11":"tag-energia-ja-energiavarat","12":"tag-facebook","13":"tag-featured-news","14":"tag-featurednews","15":"tag-fi","16":"tag-finland","17":"tag-finnish","18":"tag-fossiiliset-polttoaineet","19":"tag-headlines","20":"tag-latest-news","21":"tag-latestnews","22":"tag-main-news","23":"tag-mainnews","24":"tag-news","25":"tag-otsikot","26":"tag-paauutiset","27":"tag-sahko","28":"tag-sahkontuotanto-ja-jakelu","29":"tag-suomi","30":"tag-top-stories","31":"tag-topstories","32":"tag-ukrainan-sota","33":"tag-ulkomaat","34":"tag-uutiset","35":"tag-world","36":"tag-world-news","37":"tag-worldnews"},"share_on_mastodon":{"url":"https:\/\/pubeurope.com\/@fi\/115511726156972786","error":""},"_links":{"self":[{"href":"https:\/\/www.europesays.com\/fi\/wp-json\/wp\/v2\/posts\/84214","targetHints":{"allow":["GET"]}}],"collection":[{"href":"https:\/\/www.europesays.com\/fi\/wp-json\/wp\/v2\/posts"}],"about":[{"href":"https:\/\/www.europesays.com\/fi\/wp-json\/wp\/v2\/types\/post"}],"author":[{"embeddable":true,"href":"https:\/\/www.europesays.com\/fi\/wp-json\/wp\/v2\/users\/2"}],"replies":[{"embeddable":true,"href":"https:\/\/www.europesays.com\/fi\/wp-json\/wp\/v2\/comments?post=84214"}],"version-history":[{"count":0,"href":"https:\/\/www.europesays.com\/fi\/wp-json\/wp\/v2\/posts\/84214\/revisions"}],"wp:featuredmedia":[{"embeddable":true,"href":"https:\/\/www.europesays.com\/fi\/wp-json\/wp\/v2\/media\/84215"}],"wp:attachment":[{"href":"https:\/\/www.europesays.com\/fi\/wp-json\/wp\/v2\/media?parent=84214"}],"wp:term":[{"taxonomy":"category","embeddable":true,"href":"https:\/\/www.europesays.com\/fi\/wp-json\/wp\/v2\/categories?post=84214"},{"taxonomy":"post_tag","embeddable":true,"href":"https:\/\/www.europesays.com\/fi\/wp-json\/wp\/v2\/tags?post=84214"}],"curies":[{"name":"wp","href":"https:\/\/api.w.org\/{rel}","templated":true}]}}