{"id":84245,"date":"2025-11-08T03:42:10","date_gmt":"2025-11-08T03:42:10","guid":{"rendered":"https:\/\/www.europesays.com\/fi\/84245\/"},"modified":"2025-11-08T03:42:10","modified_gmt":"2025-11-08T03:42:10","slug":"joko-sebastien-ogier-paasi-tallikaverinsa-ihon-alle-mita-enemman-puskemme-sita-hitaampia-olemme","status":"publish","type":"post","link":"https:\/\/www.europesays.com\/fi\/84245\/","title":{"rendered":"Joko Sebastien Ogier p\u00e4\u00e4si tallikaverinsa ihon alle? &#8211; &#8221;Mit\u00e4 enemm\u00e4n puskemme sit\u00e4 hitaampia olemme&#8221;"},"content":{"rendered":"<p>Rallin MM-sarjaa johtava walesilainen on kilpailussa kolmantena. Eroa rallia johtavaan tiimikaveri <strong>Sebastien Ogieriin <\/strong>on 10,2 sekuntia. Juuri Ogier on Evansin pahin kanto kaskessa t\u00e4ll\u00e4 hetkell\u00e4 MM-sarjassa, sill\u00e4 kolmas Toyota-kuski <strong>Kalle Rovanper\u00e4<\/strong> menetti isosti asemiaan h\u00e4viten viisi ja puoli minuuttia jousitusrikon takia.<\/p>\n<p>Evans on ennenkin taipunut mestaruustaistelussa juuri Ogierille. Moninkertaisella MM-hopeamitalistilla lienee iso jano saavuttaa uran ensimm\u00e4inen mestaruus, mutta Ogier ei ainakaan helpolla sit\u00e4 walesilaiselle anna.<\/p>\n<p>\u2013 Iltap\u00e4iv\u00e4n lenkki ei ollut paras mahdollinen meille, ei varsinkaan avausp\u00e4tk\u00e4. Annoimme paljon aikaa parin v\u00e4liaikapisteen aikana. Muuten meni ihan hyvin. Emme ole kaukana, mutta toki haluaisimme olla l\u00e4hemp\u00e4n\u00e4, Evans sanaili.<\/p>\n<p>\u2013 Fiilis autossa ei ole paras mahdollinen, emmek\u00e4 pysty olemaan tarpeeksi tehokkaita, jotta voisimme ajaa nopeasti. Nyt tuntuu, ett\u00e4 mit\u00e4 enemm\u00e4n puskemme, sit\u00e4 hitaampia olemme. Pit\u00e4\u00e4 v\u00e4h\u00e4n ottaa sit\u00e4 vaihdetta takaisin ja l\u00f6yt\u00e4\u00e4 jostain parannusta auton keulaan.<\/p>\n<p>Vaikka \u00e4kkiselt\u00e4\u00e4n tuntuisi, ett\u00e4 Ogier on p\u00e4\u00e4sem\u00e4ss\u00e4 Evansin ihon alle, ei mies itse koe asiaa niin.<\/p>\n<p>\u2013 En koe, ett\u00e4 toisen meist\u00e4 pit\u00e4isi voittaa enemm\u00e4n kuin toisen. Tilanne on tosi tiukka, joten voitto olisi t\u00e4rke\u00e4 meille molemmille, Evans mietti.<\/p>\n<p>Evans jumppaili autonsa s\u00e4\u00e4t\u00f6jen kanssa l\u00e4pi perjantain. T\u00e4ydellist\u00e4 kombinaatiota ei ainakaan toistaiseksi ole l\u00f6ytynyt.<\/p>\n<p>\u2013 Me tutkimme asiaa. Oli elementtej\u00e4, jotka olivat aamulla parempia ja sitten taas iltap\u00e4iv\u00e4ll\u00e4 jotkut toiset osa-alueet toimivat paremmin. Kun kaukoralleihin ei saa testata, niin se on aina v\u00e4h\u00e4n arvailua. Jotkut asiat arvasimme oikein, toisia taas emme, Evans summasi.<\/p>\n<p>\u2013 Homma on kuitenkin ihan okei. Olen edelleen v\u00e4h\u00e4n ongelmissa auton etup\u00e4\u00e4n kanssa. Uskon kuitenkin, ett\u00e4 se on ihan tyyppivika t\u00e4\u00e4ll\u00e4, koska tiet ovat niin kimurantteja. Kokonaisuutena p\u00e4iv\u00e4 oli ihan hyv\u00e4.<\/p>\n","protected":false},"excerpt":{"rendered":"Rallin MM-sarjaa johtava walesilainen on kilpailussa kolmantena. Eroa rallia johtavaan tiimikaveri Sebastien Ogieriin on 10,2 sekuntia. Juuri Ogier&hellip;\n","protected":false},"author":2,"featured_media":84246,"comment_status":"","ping_status":"","sticky":false,"template":"","format":"standard","meta":{"footnotes":""},"categories":[158],"tags":[6556,33,31,30,10344,3540,159,32,4600,160],"class_list":{"0":"post-84245","1":"post","2":"type-post","3":"status-publish","4":"format-standard","5":"has-post-thumbnail","7":"category-urheilu","8":"tag-elfyn-evans","9":"tag-fi","10":"tag-finland","11":"tag-finnish","12":"tag-japanin-mm-ralli","13":"tag-rallin-mm-sarja","14":"tag-sports","15":"tag-suomi","16":"tag-toyota-gazoo-racing","17":"tag-urheilu"},"share_on_mastodon":{"url":"https:\/\/pubeurope.com\/@fi\/115512013173846892","error":""},"_links":{"self":[{"href":"https:\/\/www.europesays.com\/fi\/wp-json\/wp\/v2\/posts\/84245","targetHints":{"allow":["GET"]}}],"collection":[{"href":"https:\/\/www.europesays.com\/fi\/wp-json\/wp\/v2\/posts"}],"about":[{"href":"https:\/\/www.europesays.com\/fi\/wp-json\/wp\/v2\/types\/post"}],"author":[{"embeddable":true,"href":"https:\/\/www.europesays.com\/fi\/wp-json\/wp\/v2\/users\/2"}],"replies":[{"embeddable":true,"href":"https:\/\/www.europesays.com\/fi\/wp-json\/wp\/v2\/comments?post=84245"}],"version-history":[{"count":0,"href":"https:\/\/www.europesays.com\/fi\/wp-json\/wp\/v2\/posts\/84245\/revisions"}],"wp:featuredmedia":[{"embeddable":true,"href":"https:\/\/www.europesays.com\/fi\/wp-json\/wp\/v2\/media\/84246"}],"wp:attachment":[{"href":"https:\/\/www.europesays.com\/fi\/wp-json\/wp\/v2\/media?parent=84245"}],"wp:term":[{"taxonomy":"category","embeddable":true,"href":"https:\/\/www.europesays.com\/fi\/wp-json\/wp\/v2\/categories?post=84245"},{"taxonomy":"post_tag","embeddable":true,"href":"https:\/\/www.europesays.com\/fi\/wp-json\/wp\/v2\/tags?post=84245"}],"curies":[{"name":"wp","href":"https:\/\/api.w.org\/{rel}","templated":true}]}}