{"id":84372,"date":"2025-11-08T07:15:16","date_gmt":"2025-11-08T07:15:16","guid":{"rendered":"https:\/\/www.europesays.com\/fi\/84372\/"},"modified":"2025-11-08T07:15:16","modified_gmt":"2025-11-08T07:15:16","slug":"vuoden-tieteentekijaksi-valittu-timo-r-stewart-tutkijoita-yritetaan-vaientaa","status":"publish","type":"post","link":"https:\/\/www.europesays.com\/fi\/84372\/","title":{"rendered":"Vuoden tieteen\u00adtekij\u00e4ksi valittu Timo R. Stewart: tutkijoita yritet\u00e4\u00e4n vaientaa"},"content":{"rendered":"<p>Gazan sodan kommentoijana tunnetuksi tullut Stewart kertoo saaneensa muutaman vuoden aikana osakseen uhkailua ja mustamaalaamista.<\/p>\n<p>7.11. 15:04<\/p>\n<p>Lue tiivistelm\u00e4<\/p>\n<p>Tiivistelm\u00e4 on teko\u00e4lyn tekem\u00e4 ja ihmisen tarkistama.<\/p>\n<p class=\"article-body mb-nof-24 px-nof-16 sndp-summary-bullet-point-font\">Vuoden tieteentekij\u00e4ksi valittu Timo R. Stewart kertoo saaneensa uhkailua ja mustamaalaamista Gazan sodan kommentoinnin vuoksi.<\/p>\n<p class=\"article-body mb-nof-24 px-nof-16 sndp-summary-bullet-point-font\">Stewart puhui palkinnon vastaanottaessaan Helsingiss\u00e4 tutkijoiden vaientamisyrityksist\u00e4 ja tieteen vapauden rajoittamisesta.<\/p>\n<p class=\"article-body mb-nof-24 px-nof-16 sndp-summary-bullet-point-font\">L\u00e4hi-id\u00e4n politiikan tutkija Stewart painottaa, ett\u00e4 tutkijoiden pit\u00e4\u00e4 olla rohkeita puhuakseen asiantuntemuksensa pohjalta.<\/p>\n<p class=\"article-body mb-nof-24 px-nof-16\">Vuoden tieteentekij\u00e4ksi on valittu L\u00e4hi-id\u00e4n politiikan tutkimukseen erikoistunut <a class=\"article-personlink\" href=\"https:\/\/www.aamulehti.fi\/haku\/?query=Timo%20R.%20Stewart\" rel=\"nofollow noopener\" target=\"_blank\">Timo R. Stewart<\/a>. Stewart palkittiin perjantaina Helsingiss\u00e4 j\u00e4rjestetyill\u00e4 Tieteentekij\u00e4p\u00e4ivill\u00e4.<\/p>\n<p class=\"article-body mb-nof-24 px-nof-16\">Stewart on tullut tunnetuksi erityisesti Israelin\u2013Palestiinan konfliktin kommentoijana. H\u00e4n on ollut tuttu kasvo Gazan sodan selitt\u00e4j\u00e4n\u00e4 eri medioissa. Stewart tarttui kiitospuheessaan t\u00e4st\u00e4 syntyneen julkisuuden lieveilmi\u00f6ihin.<\/p>\n<p class=\"article-body mb-nof-24 px-nof-16\">Stewart on saanut palautetta erityisesti Gazan sotaan liittyv\u00e4st\u00e4 kommentoinnistaan. H\u00e4nen on v\u00e4itetty ottaneen konfliktissa Palestiinan puolen.<\/p>\n<p class=\"article-body mb-nof-24 px-nof-16\">\u201dOlen saanut sadoittain s\u00e4hk\u00f6postiviestej\u00e4 sek\u00e4 viel\u00e4 moninkertaisesti suuremman m\u00e4\u00e4r\u00e4n sosiaalisen median eri kanavien yksityisi\u00e4 ja julkisia viestej\u00e4, joiden p\u00e4\u00e4asiallinen tavoite on ollut solvata tai mustamaalata minua, toisinaan my\u00f6s uhkailla\u201d, Stewart kuvaili.<\/p>\n<p class=\"article-body mb-nof-24 px-nof-16\">Puheessa Stewart piti ajatusten haastamista itsess\u00e4\u00e4n my\u00f6nteisen\u00e4 asiana. Kielteiseksi se muuttuu, kun haastamisen tarkoituksena on k\u00e4yd\u00e4 henkil\u00f6\u00f6n ja vaientaa tutkijoita. Se vaikuttaa my\u00f6s tieteen vapauteen, Stewart p\u00e4\u00e4tteli.<\/p>\n<p class=\"article-body mb-nof-24 px-nof-16\">\u201dSilloin kun yleisesti tiedet\u00e4\u00e4n, ett\u00e4 tutkijan pit\u00e4\u00e4 olla rohkea puhuakseen asiantuntemuksensa pohjalta, ollaan jo aika pitk\u00e4ll\u00e4 itsesensuurin hitaasti alasp\u00e4in viett\u00e4v\u00e4ll\u00e4 polulla\u201d, Stewart sanoi.<\/p>\n<p class=\"article-body mb-nof-24 px-nof-16\">Tutkijoiden hiljent\u00e4minen ei ole uusi ilmi\u00f6, h\u00e4n huomauttaa.<\/p>\n<p class=\"article-body mb-nof-24 px-nof-16\">\u201dMutta se on huomattavasti pahentunut.\u201d<\/p>\n<p class=\"article-body mb-nof-24 px-nof-16\">Stewart itse katsoo, ettei ole antanut vihamielisten viestien menn\u00e4 pahasti ihon alle. H\u00e4n painottaa, ett\u00e4 useimmiten kysymys on juuri viesteist\u00e4. Kasvokkain palaute on asiallisempaa<\/p>\n<p class=\"article-body mb-nof-24 px-nof-16\">\u201dEi v\u00e4ltt\u00e4m\u00e4tt\u00e4 samanmielist\u00e4, mutta kasvokkain osataan yh\u00e4 keskustella\u201d, h\u00e4n ajattelee.<\/p>\n<p>Gazan sota aiheuttaa suuria tunteita<\/p>\n<p class=\"article-body mb-nof-24 px-nof-16\">Palautteen m\u00e4\u00e4r\u00e4\u00e4n ja laatuun vaikuttavat paitsi aihevalinnat my\u00f6s puhumisen tapa. Gazan sota aiheuttaa yleis\u00f6ss\u00e4 suuria tunteita, eik\u00e4 Stewart ole tunnettu kiertelyst\u00e4 analyyseissaan. H\u00e4n kuitenkin katsoo, ett\u00e4 k\u00e4rjekk\u00e4\u00e4ll\u00e4kin ilmaisulla on paikkansa.<\/p>\n<p class=\"article-body mb-nof-24 px-nof-16\">\u201dJoskus se yht\u00e4\u00e4lt\u00e4 ja toisaalta -kieli on liiankin helppoa. Ajattelen niin, ett\u00e4 jos kerran meinaan sanoa t\u00e4st\u00e4 asiasta jotain, se on paras arvio, jonka voin tehd\u00e4. Se ei ole t\u00e4ydellinen arvio. Joskus sen ep\u00e4t\u00e4ydellisen, mutta harkitun arvion tekemiseen pit\u00e4\u00e4 olla rohkeutta.\u201d<\/p>\n<p class=\"article-body mb-nof-24 px-nof-16\">Toisinaan k\u00e4rjekkyys syntyy itsest\u00e4\u00e4n, h\u00e4n ajattelee. Stewart toteaa, etteiv\u00e4t esimerkiksi kansainv\u00e4lisen oikeuden m\u00e4\u00e4rittelem\u00e4t sotarikokset ole mielipidekysymys.<\/p>\n<p class=\"article-body mb-nof-24 px-nof-16\">Kritiikki kohdistuu yleens\u00e4 siihen, ett\u00e4 tutkijan katsotaan ajavan jonkin tahon agendaa.<\/p>\n<p class=\"article-body mb-nof-24 px-nof-16\">Uskotko itse olevasi puolueeton?<\/p>\n<p class=\"article-body mb-nof-24 px-nof-16\">\u201dSe riippuu siit\u00e4, kuinka puolueettoman ymm\u00e4rt\u00e4\u00e4\u201d, Stewart vastaa.<\/p>\n<p class=\"article-body mb-nof-24 px-nof-16\">Jos puolueettomuus on sit\u00e4, ett\u00e4 tunnetut faktat otetaan huomioon ja niit\u00e4 punnitaan kesken\u00e4\u00e4n, Stewart kokee ainakin pyrkiv\u00e4ns\u00e4 olemaan puolueeton.<\/p>\n<p class=\"article-body mb-nof-24 px-nof-16\">\u201dEn yrit\u00e4 vied\u00e4 johtop\u00e4\u00e4t\u00f6ksi\u00e4 kenenk\u00e4\u00e4n eduksi.\u201d<\/p>\n<p class=\"article-body mb-nof-24 px-nof-16\">Puolueettomuuden tavoittelukin voi vied\u00e4 harhaan, jos sen k\u00e4sitt\u00e4\u00e4 kaikkien miellytt\u00e4misen\u00e4, h\u00e4n ajattelee.<\/p>\n<p class=\"article-body mb-nof-24 px-nof-16\">\u201dJos joku on sit\u00e4 mielt\u00e4, ett\u00e4 kansainv\u00e4linen laki on islamisti-kommunistien h\u00f6ss\u00f6tyst\u00e4, sellaisen mielest\u00e4 en varmaan ole puolueeton. Eri asia on sitten se, pit\u00e4\u00e4k\u00f6 sellaisilla perusteilla yritt\u00e4\u00e4 olla kaikkien mielest\u00e4 tasapuolinen?\u201d<\/p>\n<p class=\"article-body mb-nof-24 px-nof-16\">Stewartin saa hermostumaan tiedon v\u00e4\u00e4ristely ja tunteiden manipulointi, joka my\u00f6s Gazan sotaan liittyy. Asioista liikkuu v\u00e4\u00e4r\u00e4\u00e4 tietoa puolin ja toisin, h\u00e4n muistuttaa. Siin\u00e4, ett\u00e4 arvioi toisen puolen olevan jossain asiassa oikeassa, ei ole kysymys puolien ottamisesta.<\/p>\n<p class=\"article-body mb-nof-24 px-nof-16\">Puheensa lopuksi Stewart kehotti tutkijoita pysym\u00e4\u00e4n rohkeina ja sanomaan my\u00f6s mielipiteit\u00e4, joista seuraa rajuakin kritiikki\u00e4. Vihapuheen vastapainoksi kaivataan my\u00f6s my\u00f6nteist\u00e4 palautetta ja asiallista keskustelua.<\/p>\n<p>Kohautti alkusyksyn\u00e4<\/p>\n<p class=\"article-body mb-nof-24 px-nof-16\">Perjantain j\u00e4lkeen Stewart ryhtyy pit\u00e4m\u00e4\u00e4n Ulkopoliittisessa instituutissa k\u00e4ytt\u00e4m\u00e4tt\u00e4 j\u00e4\u00e4neit\u00e4 lomiaan. Ty\u00f6suhde p\u00e4\u00e4ttyy virallisesti vuoden lopussa.<\/p>\n<p class=\"article-body mb-nof-24 px-nof-16\">Stewartin t\u00f6iden p\u00e4\u00e4ttymisen yhteydest\u00e4 Ulkopoliittista instituuttia syytettiin poliittisesta ohjauksesta.<\/p>\n<p class=\"article-body mb-nof-24 px-nof-16\">Ep\u00e4ilyn\u00e4 oli, ett\u00e4 Stewart olisi irtisanottu lausuntojen takia, joiden koettiin olleen poliittisesti v\u00e4rittyneit\u00e4. Alkusyksyn kohun Stewart kuittaa nyt lyhyesti.<\/p>\n<p class=\"article-body mb-nof-24 px-nof-16\">\u201dEi siihen ole uutta lis\u00e4tt\u00e4v\u00e4\u00e4 ja olen lakannut miettim\u00e4st\u00e4 koko asiaa.\u201d<\/p>\n<p class=\"article-body mb-nof-24 px-nof-16\">Seuraavaksi Stewart aikoo keskitty\u00e4 pidempiin projekteihin. Suunnitteilla on useampiakin kirja- ja tutkimusprojekteja, joita Stewart ei kuitenkaan viel\u00e4 suostu avaamaan. Teemat ovat kuitenkin pitk\u00e4lti samoja kuin aiemminkin. Erona on, ettei johtop\u00e4\u00e4t\u00f6ksill\u00e4 nyt ole kiire.<\/p>\n<p class=\"article-body mb-nof-24 px-nof-16\">\u201dMuutaman vuoden ajan suuri osa ajasta on mennyt ajankohtaisten asioiden ja nopeiden analyysien tekemiseen\u201d, h\u00e4n toteaa.<\/p>\n","protected":false},"excerpt":{"rendered":"Gazan sodan kommentoijana tunnetuksi tullut Stewart kertoo saaneensa muutaman vuoden aikana osakseen uhkailua ja mustamaalaamista. 7.11. 15:04 Lue&hellip;\n","protected":false},"author":2,"featured_media":84373,"comment_status":"","ping_status":"","sticky":false,"template":"","format":"standard","meta":{"footnotes":""},"categories":[14],"tags":[157,22,23,26,27,33,31,30,17,24,25,28,29,15,18,21,32,19,20,56,16,59,60,61],"class_list":{"0":"post-84372","1":"post","2":"type-post","3":"status-publish","4":"format-standard","5":"has-post-thumbnail","7":"category-ulkomaat","8":"tag-aamulehti","9":"tag-breaking-news","10":"tag-breakingnews","11":"tag-featured-news","12":"tag-featurednews","13":"tag-fi","14":"tag-finland","15":"tag-finnish","16":"tag-headlines","17":"tag-latest-news","18":"tag-latestnews","19":"tag-main-news","20":"tag-mainnews","21":"tag-news","22":"tag-otsikot","23":"tag-paauutiset","24":"tag-suomi","25":"tag-top-stories","26":"tag-topstories","27":"tag-ulkomaat","28":"tag-uutiset","29":"tag-world","30":"tag-world-news","31":"tag-worldnews"},"share_on_mastodon":{"url":"https:\/\/pubeurope.com\/@fi\/115512850856119139","error":""},"_links":{"self":[{"href":"https:\/\/www.europesays.com\/fi\/wp-json\/wp\/v2\/posts\/84372","targetHints":{"allow":["GET"]}}],"collection":[{"href":"https:\/\/www.europesays.com\/fi\/wp-json\/wp\/v2\/posts"}],"about":[{"href":"https:\/\/www.europesays.com\/fi\/wp-json\/wp\/v2\/types\/post"}],"author":[{"embeddable":true,"href":"https:\/\/www.europesays.com\/fi\/wp-json\/wp\/v2\/users\/2"}],"replies":[{"embeddable":true,"href":"https:\/\/www.europesays.com\/fi\/wp-json\/wp\/v2\/comments?post=84372"}],"version-history":[{"count":0,"href":"https:\/\/www.europesays.com\/fi\/wp-json\/wp\/v2\/posts\/84372\/revisions"}],"wp:featuredmedia":[{"embeddable":true,"href":"https:\/\/www.europesays.com\/fi\/wp-json\/wp\/v2\/media\/84373"}],"wp:attachment":[{"href":"https:\/\/www.europesays.com\/fi\/wp-json\/wp\/v2\/media?parent=84372"}],"wp:term":[{"taxonomy":"category","embeddable":true,"href":"https:\/\/www.europesays.com\/fi\/wp-json\/wp\/v2\/categories?post=84372"},{"taxonomy":"post_tag","embeddable":true,"href":"https:\/\/www.europesays.com\/fi\/wp-json\/wp\/v2\/tags?post=84372"}],"curies":[{"name":"wp","href":"https:\/\/api.w.org\/{rel}","templated":true}]}}