{"id":84379,"date":"2025-11-08T07:34:10","date_gmt":"2025-11-08T07:34:10","guid":{"rendered":"https:\/\/www.europesays.com\/fi\/84379\/"},"modified":"2025-11-08T07:34:10","modified_gmt":"2025-11-08T07:34:10","slug":"ensimmainen-traileri-popin-kuninkaan-elamakertaelokuvasta-julki-talta-nayttaa-antoine-fuquan-michael","status":"publish","type":"post","link":"https:\/\/www.europesays.com\/fi\/84379\/","title":{"rendered":"Ensimm\u00e4inen traileri popin kuninkaan el\u00e4m\u00e4kertaelokuvasta julki &#8211; t\u00e4lt\u00e4 n\u00e4ytt\u00e4\u00e4 Antoine Fuquan Michael"},"content":{"rendered":"<p>Maineikkaan elokuvantekij\u00e4n, Antoine Fuquan (Training Day, The Replacement Killers, Tears of the Sun) ohjaamasta Michael Jackson -el\u00e4m\u00e4kertaelokuva Michaelista on julkaistu ensimm\u00e4inen teaser trailer -video. Katso trailerin alta.<\/p>\n<p>Nuorta Michael Jacksonia elokuvassa esitt\u00e4\u00e4 Juliano Vivaldi, aikuista laulajaikonia esitt\u00e4\u00e4 puolestaan Michaelin veljenpoika Jaafar Jackson. Muissa rooleissa n\u00e4hd\u00e4\u00e4n muun muassa Colman Domingo (Joe Jackson), Miles Teller (John Branca), Kat Graham (Diana Ross), Nia Long (Katherine Jackson) sek\u00e4 Kendrick Sampson (Quincy Jones).<\/p>\n<p>Elokuvan oli tarkoitus valmistua jo viime kev\u00e4\u00e4n\u00e4, mutta sen julkaisua on lyk\u00e4tty useaan otteeseen. N\u00e4ill\u00e4 n\u00e4kymin elokuva saa ensi-iltansa Yhdysvalloissa huhtikuussa 2026.<\/p>\n<p>Michael Jacksonin perikunnan siunauksella tehdyn elokuvan ymp\u00e4rill\u00e4 on k\u00e4ynyt kuohunta jo jonkun aikaa. Jacksonin tyt\u00e4r Paris Jackson <a href=\"https:\/\/www.soundi.fi\/uutiset\/michael-jacksonin-tytar-ei-halua-olla-missaan-tekemisissa-tulevan-elamakertaelokuvan-kanssa-en-todellakaan-pida-eparehellisyydesta\/\" target=\"_blank\" rel=\"noreferrer noopener nofollow\">on sanoutunut projektista t\u00e4ysin irti<\/a>, koska h\u00e4nen mukaansa k\u00e4sikirjoitus on \u201dt\u00e4ynn\u00e4 virheit\u00e4\u201d ja \u201dsuoranaisia valheita\u201d. Michael Jacksonin v\u00e4itetyist\u00e4 lasten hyv\u00e4ksik\u00e4ytt\u00f6tapauksista Leaving Neverland -dokumentin ohjannut Dan Reed <a href=\"https:\/\/www.soundi.fi\/uutiset\/kohudokumentin-tekija-lyttaa-tulevan-michael-jackson-elamakertaelokuvan-pelkkaa-valkopesua\/\" target=\"_blank\" rel=\"noreferrer noopener nofollow\">on my\u00f6s kritisoinut elokuvaa<\/a> ja tuominnut sen olevan \u201dpelkk\u00e4\u00e4 valkopesua.\u201d<\/p>\n<p>Lue my\u00f6s: <a href=\"https:\/\/www.soundi.fi\/uutiset\/michael-jacksonin-tytar-ei-halua-olla-missaan-tekemisissa-tulevan-elamakertaelokuvan-kanssa-en-todellakaan-pida-eparehellisyydesta\/\" title=\"Michael Jacksonin tyt\u00e4r ei halua olla miss\u00e4\u00e4n tekemisiss\u00e4 tulevan el\u00e4m\u00e4kertaelokuvan kanssa \u2013 \u201dEn todellakaan pid\u00e4 ep\u00e4rehellisyydest\u00e4\u201d\" class=\"underline-custom !font-montserrat !font-bold !underline-offset-4 !decoration-4 !decoration-tilt-light\" rel=\"nofollow noopener\" target=\"_blank\">Michael Jacksonin tyt\u00e4r ei halua olla miss\u00e4\u00e4n tekemisiss\u00e4 tulevan el\u00e4m\u00e4kertaelokuvan kanssa \u2013 \u201dEn todellakaan pid\u00e4 ep\u00e4rehellisyydest\u00e4\u201d<\/a><\/p>\n<p>Lue my\u00f6s: <a href=\"https:\/\/www.soundi.fi\/uutiset\/kohudokumentin-tekija-lyttaa-tulevan-michael-jackson-elamakertaelokuvan-pelkkaa-valkopesua\/\" title=\"Kohudokumentin tekij\u00e4 lytt\u00e4\u00e4 tulevan Michael Jackson -el\u00e4m\u00e4kertaelokuvan \u2013 \u201dPelkk\u00e4\u00e4 valkopesua\u201d\" class=\"underline-custom !font-montserrat !font-bold !underline-offset-4 !decoration-4 !decoration-tilt-light\" rel=\"nofollow noopener\" target=\"_blank\">Kohudokumentin tekij\u00e4 lytt\u00e4\u00e4 tulevan Michael Jackson -el\u00e4m\u00e4kertaelokuvan \u2013 \u201dPelkk\u00e4\u00e4 valkopesua\u201d<\/a><\/p>\n","protected":false},"excerpt":{"rendered":"Maineikkaan elokuvantekij\u00e4n, Antoine Fuquan (Training Day, The Replacement Killers, Tears of the Sun) ohjaamasta Michael Jackson -el\u00e4m\u00e4kertaelokuva Michaelista&hellip;\n","protected":false},"author":2,"featured_media":84380,"comment_status":"","ping_status":"","sticky":false,"template":"","format":"standard","meta":{"footnotes":""},"categories":[131],"tags":[155,137,33,173,31,30,172,32,109],"class_list":{"0":"post-84379","1":"post","2":"type-post","3":"status-publish","4":"format-standard","5":"has-post-thumbnail","7":"category-elokuvat","8":"tag-elokuvat","9":"tag-entertainment","10":"tag-fi","11":"tag-film","12":"tag-finland","13":"tag-finnish","14":"tag-movies","15":"tag-suomi","16":"tag-viihde"},"share_on_mastodon":{"url":"https:\/\/pubeurope.com\/@fi\/115512925513667124","error":""},"_links":{"self":[{"href":"https:\/\/www.europesays.com\/fi\/wp-json\/wp\/v2\/posts\/84379","targetHints":{"allow":["GET"]}}],"collection":[{"href":"https:\/\/www.europesays.com\/fi\/wp-json\/wp\/v2\/posts"}],"about":[{"href":"https:\/\/www.europesays.com\/fi\/wp-json\/wp\/v2\/types\/post"}],"author":[{"embeddable":true,"href":"https:\/\/www.europesays.com\/fi\/wp-json\/wp\/v2\/users\/2"}],"replies":[{"embeddable":true,"href":"https:\/\/www.europesays.com\/fi\/wp-json\/wp\/v2\/comments?post=84379"}],"version-history":[{"count":0,"href":"https:\/\/www.europesays.com\/fi\/wp-json\/wp\/v2\/posts\/84379\/revisions"}],"wp:featuredmedia":[{"embeddable":true,"href":"https:\/\/www.europesays.com\/fi\/wp-json\/wp\/v2\/media\/84380"}],"wp:attachment":[{"href":"https:\/\/www.europesays.com\/fi\/wp-json\/wp\/v2\/media?parent=84379"}],"wp:term":[{"taxonomy":"category","embeddable":true,"href":"https:\/\/www.europesays.com\/fi\/wp-json\/wp\/v2\/categories?post=84379"},{"taxonomy":"post_tag","embeddable":true,"href":"https:\/\/www.europesays.com\/fi\/wp-json\/wp\/v2\/tags?post=84379"}],"curies":[{"name":"wp","href":"https:\/\/api.w.org\/{rel}","templated":true}]}}