{"id":84439,"date":"2025-11-08T09:00:07","date_gmt":"2025-11-08T09:00:07","guid":{"rendered":"https:\/\/www.europesays.com\/fi\/84439\/"},"modified":"2025-11-08T09:00:07","modified_gmt":"2025-11-08T09:00:07","slug":"vakivallanteko-taksissa-eurassa-poliisi-sai-tekijan-kiinni-uutissuomalainen","status":"publish","type":"post","link":"https:\/\/www.europesays.com\/fi\/84439\/","title":{"rendered":"V\u00e4kivallanteko taksissa Eurassa \u2013 poliisi sai tekij\u00e4n kiinni | Uutissuomalainen"},"content":{"rendered":"<p>Lounais-Suomen poliisilaitos tutkii Satakunnan Eurassa lauantaina aamuy\u00f6ll\u00e4 tapahtunutta v\u00e4kivallantekoa. Teko kohdistui mieheen taksissa. Tiedotteessa ei tarkenneta, mink\u00e4laisesta v\u00e4kivallanteosta olisi kysymys.<\/p>\n<p>Tekij\u00e4 oli tiedotteen mukaan poistunut paikalta, kun poliisi h\u00e4lytettiin paikalle kello 3.30. Poliisi kuitenkin tavoitti tekij\u00e4n ja on ottanut h\u00e4net kiinni.<\/p>\n<p>Uhrilla ei ole henke\u00e4 uhkaavia vammoja. Ulkopuoliset ja kuljettaja eiv\u00e4t olleet tapahtumienkulun aikana vaarassa.<\/p>\n<p>Poliisi jatkaa tapauksen selvitt\u00e4mist\u00e4 eik\u00e4 tutkinnallisista syist\u00e4 tiedota asiasta t\u00e4ss\u00e4 vaiheessa enemp\u00e4\u00e4.<\/p>\n","protected":false},"excerpt":{"rendered":"Lounais-Suomen poliisilaitos tutkii Satakunnan Eurassa lauantaina aamuy\u00f6ll\u00e4 tapahtunutta v\u00e4kivallantekoa. Teko kohdistui mieheen taksissa. Tiedotteessa ei tarkenneta, mink\u00e4laisesta v\u00e4kivallanteosta&hellip;\n","protected":false},"author":2,"featured_media":30445,"comment_status":"","ping_status":"","sticky":false,"template":"","format":"standard","meta":{"footnotes":""},"categories":[12],"tags":[22,23,26,27,33,31,30,17,55,24,25,2946,28,29,15,18,21,122,54,52,4061,32,19,20,546,16],"class_list":{"0":"post-84439","1":"post","2":"type-post","3":"status-publish","4":"format-standard","5":"has-post-thumbnail","7":"category-suomi","8":"tag-breaking-news","9":"tag-breakingnews","10":"tag-featured-news","11":"tag-featurednews","12":"tag-fi","13":"tag-finland","14":"tag-finnish","15":"tag-headlines","16":"tag-lainvalvonta","17":"tag-latest-news","18":"tag-latestnews","19":"tag-lounais-suomen-poliisilaitos","20":"tag-main-news","21":"tag-mainnews","22":"tag-news","23":"tag-otsikot","24":"tag-paauutiset","25":"tag-pelastaminen","26":"tag-pelastuspalvelut","27":"tag-poliisi","28":"tag-rauman-seutukunta","29":"tag-suomi","30":"tag-top-stories","31":"tag-topstories","32":"tag-turvallisuus","33":"tag-uutiset"},"share_on_mastodon":{"url":"https:\/\/pubeurope.com\/@fi\/115513263708223775","error":""},"_links":{"self":[{"href":"https:\/\/www.europesays.com\/fi\/wp-json\/wp\/v2\/posts\/84439","targetHints":{"allow":["GET"]}}],"collection":[{"href":"https:\/\/www.europesays.com\/fi\/wp-json\/wp\/v2\/posts"}],"about":[{"href":"https:\/\/www.europesays.com\/fi\/wp-json\/wp\/v2\/types\/post"}],"author":[{"embeddable":true,"href":"https:\/\/www.europesays.com\/fi\/wp-json\/wp\/v2\/users\/2"}],"replies":[{"embeddable":true,"href":"https:\/\/www.europesays.com\/fi\/wp-json\/wp\/v2\/comments?post=84439"}],"version-history":[{"count":0,"href":"https:\/\/www.europesays.com\/fi\/wp-json\/wp\/v2\/posts\/84439\/revisions"}],"wp:featuredmedia":[{"embeddable":true,"href":"https:\/\/www.europesays.com\/fi\/wp-json\/wp\/v2\/media\/30445"}],"wp:attachment":[{"href":"https:\/\/www.europesays.com\/fi\/wp-json\/wp\/v2\/media?parent=84439"}],"wp:term":[{"taxonomy":"category","embeddable":true,"href":"https:\/\/www.europesays.com\/fi\/wp-json\/wp\/v2\/categories?post=84439"},{"taxonomy":"post_tag","embeddable":true,"href":"https:\/\/www.europesays.com\/fi\/wp-json\/wp\/v2\/tags?post=84439"}],"curies":[{"name":"wp","href":"https:\/\/api.w.org\/{rel}","templated":true}]}}