{"id":84454,"date":"2025-11-08T09:25:08","date_gmt":"2025-11-08T09:25:08","guid":{"rendered":"https:\/\/www.europesays.com\/fi\/84454\/"},"modified":"2025-11-08T09:25:08","modified_gmt":"2025-11-08T09:25:08","slug":"suomi-vahvistaa-puolustustaan-maamme-on-turvassa","status":"publish","type":"post","link":"https:\/\/www.europesays.com\/fi\/84454\/","title":{"rendered":"Suomi vahvistaa puolustustaan &#8211; &#8221;maamme on turvassa&#8221;"},"content":{"rendered":"<p class=\"ai-optimize-7 ai-optimize-introduction\">Hallitus on kuullut suomalaisten huolet ja panostaa maanpuolustukseen niin kotimaassa kuin kansainv\u00e4lisen yhteisty\u00f6nkin merkeiss\u00e4, kirjoittaa kansanedustaja ja eduskunnan puolustusvaliokunnan j\u00e4sen <strong>Timo Heinonen<\/strong>\u00a0<a href=\"https:\/\/www.hameensanomat.fi\/paakirjoitus-mielipide\/8977688\" target=\"_blank\" rel=\"noopener nofollow\">H\u00e4meen Sanomien<\/a> mielipidekirjoituksessaan.<\/p>\n<p class=\"ai-optimize-8\">Elinkeinoel\u00e4m\u00e4n valtuuskunnan EVA:n tuoreen tutkimuksen mukaan l\u00e4hes puolet suomalaisista pelk\u00e4\u00e4 Ven\u00e4j\u00e4n hy\u00f6kk\u00e4yssodan Ukrainassa laajenevan eurooppalaiseksi suursodaksi. Heinonen korostaa, ett\u00e4 hallitus ottaa yhteisen huolen vakavasti. Panostukset puolustukseen ovat olleet m\u00e4\u00e4r\u00e4tietoisia.<\/p>\n<p class=\"ai-optimize-9\">\u2013 Olemme vahvistaneet puolustustamme kaikilla tasoilla: kotimaassa, Natossa ja EU:ssa, h\u00e4n luettelee.<\/p>\n<p class=\"ai-optimize-10\">Tutkimusten mukaan suomalaiset pit\u00e4v\u00e4t Nato-j\u00e4senyytt\u00e4 t\u00e4rke\u00e4n\u00e4, mutta painottavat samalla oman puolustuksen merkityst\u00e4. Heinosen mukaan omaan puolustukseen panostetaan nyt enn\u00e4tyksellisen paljon. Tavoitteena on pit\u00e4\u00e4 puolustuskykymme vahvana, ajanmukaisena ja uskottavana alati muuttuvassa turvallisuusymp\u00e4rist\u00f6ss\u00e4.<\/p>\n<p class=\"ai-optimize-11\">\u2013 Panostammekin jatkossa per\u00e4ti 5 prosenttia bruttokansantuotteesta puolustukseen. T\u00e4st\u00e4 3,5 prosenttia k\u00e4ytet\u00e4\u00e4n suoriin koviin puolustusmenoihin muiden muassa seuraavaksi maavoimiemme kehitt\u00e4miseen ja 1,5 prosenttia muihin puolustukseen liittyviin menoihin, kuten infrastruktuuriin ja teollisuuteen, h\u00e4n kertoo.<\/p>\n<p class=\"ai-optimize-12\">Heinonen korostaa, ett\u00e4 panostuksia ei tehd\u00e4 siksi, ett\u00e4 haluttaisiin sotaan \u2013 p\u00e4invastoin, toimilla pyrit\u00e4\u00e4n nimenomaan tilanteeseen, jossa sotaan ei en\u00e4\u00e4 koskaan jouduttaisi.<\/p>\n<p class=\"ai-optimize-13\">\u2013 Tavoitteenamme on turvata maamme puolustuksen uskottavuus ja pit\u00e4\u00e4 yll\u00e4 niin uskottavaa pelotetta, ett\u00e4 kukaan ei koskaan edes yrit\u00e4 puolustustamme koetella, h\u00e4n selitt\u00e4\u00e4.<\/p>\n<p class=\"ai-optimize-14\">Puolustusta vahvisavina toimina Suomi my\u00f6s teki p\u00e4\u00e4t\u00f6ksen irtaantua jalkav\u00e4kimiinat kielt\u00e4v\u00e4st\u00e4 Ottawan sopimuksesta ja nostaa reservin yl\u00e4ik\u00e4rajan 65 vuoteen.<\/p>\n<p class=\"ai-optimize-15\">Heinonen toteaa yli 14 vuoden kokemuksella puolustusvaliokunnasta, ett\u00e4 maamme kokonaisturvallisuus on nyt paremmassa tilassa kuin koskaan aikaisemmin. Turvallisuuttamme on vahvistettu m\u00e4\u00e4r\u00e4tietoisesti.<\/p>\n<p class=\"ai-optimize-16\">\u2013 Turvallisuus on tunne, mutta my\u00f6s fakta. Ja jokaisella meist\u00e4 pit\u00e4\u00e4 olla perusteltu tunne siit\u00e4, ett\u00e4 maamme on turvassa. Siksi vahvistamme paitsi puolustuskyky\u00e4 my\u00f6s huoltovarmuutta, rajaturvallisuutta ja yhteiskunnan kriisinkest\u00e4vyytt\u00e4, h\u00e4n vakuuttaa.<\/p>\n","protected":false},"excerpt":{"rendered":"Hallitus on kuullut suomalaisten huolet ja panostaa maanpuolustukseen niin kotimaassa kuin kansainv\u00e4lisen yhteisty\u00f6nkin merkeiss\u00e4, kirjoittaa kansanedustaja ja eduskunnan&hellip;\n","protected":false},"author":2,"featured_media":84455,"comment_status":"","ping_status":"","sticky":false,"template":"","format":"standard","meta":{"footnotes":""},"categories":[14],"tags":[22,23,26,27,33,31,30,17,24,25,782,28,29,15,18,21,32,19,20,56,16,59,60,61],"class_list":{"0":"post-84454","1":"post","2":"type-post","3":"status-publish","4":"format-standard","5":"has-post-thumbnail","7":"category-ulkomaat","8":"tag-breaking-news","9":"tag-breakingnews","10":"tag-featured-news","11":"tag-featurednews","12":"tag-fi","13":"tag-finland","14":"tag-finnish","15":"tag-headlines","16":"tag-latest-news","17":"tag-latestnews","18":"tag-maanpuolustus","19":"tag-main-news","20":"tag-mainnews","21":"tag-news","22":"tag-otsikot","23":"tag-paauutiset","24":"tag-suomi","25":"tag-top-stories","26":"tag-topstories","27":"tag-ulkomaat","28":"tag-uutiset","29":"tag-world","30":"tag-world-news","31":"tag-worldnews"},"share_on_mastodon":{"url":"https:\/\/pubeurope.com\/@fi\/115513361940457276","error":""},"_links":{"self":[{"href":"https:\/\/www.europesays.com\/fi\/wp-json\/wp\/v2\/posts\/84454","targetHints":{"allow":["GET"]}}],"collection":[{"href":"https:\/\/www.europesays.com\/fi\/wp-json\/wp\/v2\/posts"}],"about":[{"href":"https:\/\/www.europesays.com\/fi\/wp-json\/wp\/v2\/types\/post"}],"author":[{"embeddable":true,"href":"https:\/\/www.europesays.com\/fi\/wp-json\/wp\/v2\/users\/2"}],"replies":[{"embeddable":true,"href":"https:\/\/www.europesays.com\/fi\/wp-json\/wp\/v2\/comments?post=84454"}],"version-history":[{"count":0,"href":"https:\/\/www.europesays.com\/fi\/wp-json\/wp\/v2\/posts\/84454\/revisions"}],"wp:featuredmedia":[{"embeddable":true,"href":"https:\/\/www.europesays.com\/fi\/wp-json\/wp\/v2\/media\/84455"}],"wp:attachment":[{"href":"https:\/\/www.europesays.com\/fi\/wp-json\/wp\/v2\/media?parent=84454"}],"wp:term":[{"taxonomy":"category","embeddable":true,"href":"https:\/\/www.europesays.com\/fi\/wp-json\/wp\/v2\/categories?post=84454"},{"taxonomy":"post_tag","embeddable":true,"href":"https:\/\/www.europesays.com\/fi\/wp-json\/wp\/v2\/tags?post=84454"}],"curies":[{"name":"wp","href":"https:\/\/api.w.org\/{rel}","templated":true}]}}