{"id":84514,"date":"2025-11-08T10:46:07","date_gmt":"2025-11-08T10:46:07","guid":{"rendered":"https:\/\/www.europesays.com\/fi\/84514\/"},"modified":"2025-11-08T10:46:07","modified_gmt":"2025-11-08T10:46:07","slug":"mielipide-ilmastoisovanhemmat-evon-luonto-on-sailytettava-tuleville-sukupolville-paakirjoitus-mielipide","status":"publish","type":"post","link":"https:\/\/www.europesays.com\/fi\/84514\/","title":{"rendered":"Mielipide | Ilmastoisovanhemmat: Evon luonto on s\u00e4ilytett\u00e4v\u00e4 tuleville sukupolville | P\u00e4\u00e4kirjoitus &#038; mielipide"},"content":{"rendered":"<p>Ilmastoisovanhemmat toimivat sen puolesta, ett\u00e4 lapsilla ja nuorilla olisi tulevaisuudessa el\u00e4misen mahdollisuus maapallollamme ja luonnon monimuotoisuus s\u00e4ilyisi. Jokainen j\u00e4ljell\u00e4 oleva arvokas kohde on osa yhteist\u00e4 maailmaamme.<\/p>\n<p>Evon ainutlaatuinen luontokokonaisuus on s\u00e4ilytett\u00e4v\u00e4, jotta h\u00e4meenlinnalaiset lapset voisivat oppia ilmastosta, luonnosta ja el\u00e4m\u00e4n monimuotoisuudesta. Evo tarjoaa perheille ja oppilaitoksille erinomaisen oppimisymp\u00e4rist\u00f6n monin tavoin hy\u00f6dynnett\u00e4v\u00e4ksi. Lapset ja nuoret tarvitsevat my\u00f6s kokemusta luonnon rauhasta, hiljaisuudesta ja luonto\u00e4\u00e4nist\u00e4, aivan kuten me aikuisetkin kaiken h\u00e4lyn keskell\u00e4. Luonnolla on tutkitusti tervehdytt\u00e4v\u00e4 ja rauhoittava vaikutus.<\/p>\n<p><strong class=\"diks-storyline__impact\">Evo on valtakunnallisesti<\/strong> merkitt\u00e4v\u00e4 kohde. Suurin osa kansallispuistoalueista sijaitsee Pohjois- ja It\u00e4-Suomessa. Evo tasapainottaisi Etel\u00e4-Suomen vajetta. Alueesta voi muodostua p\u00e4\u00e4kaupunkiseudun ja Etel\u00e4-Suomen helposti saavutettava ja suosittu luontokeidas.<\/p>\n<blockquote class=\"voice-no-read rs_skip diks-blockquote\">\n<p class=\"diks-blockquote__text\">Rantojen on s\u00e4ilytt\u00e4v\u00e4 rakentamattomina.<\/p>\n<\/blockquote>\n<p>Evo tarvitsee majoituskapasiteettia sek\u00e4 vierailijoita ett\u00e4 tutkijoita varten.<\/p>\n<p>Majoituksen rakentamista ja vuokraamista ei saa antaa vain suurille toimijoille. Evoa ymp\u00e4r\u00f6ivien maanomistajien ja maatilojen mahdollisuudet on kartoitettava. Ymp\u00e4rist\u00f6n maatilamatkailulla voidaan tukea alueen elinkeinoel\u00e4m\u00e4\u00e4 ja l\u00e4hiruokatuotantoa sek\u00e4 hy\u00f6dynt\u00e4\u00e4 olemassa olevaa rakennuskantaa kest\u00e4v\u00e4ll\u00e4 tavalla ilman suuria p\u00e4\u00e4st\u00f6j\u00e4. Koko alueesta voi tehd\u00e4 omaleimaisen kokonaisuuden. Kaupungin on tuettava Evon l\u00e4hiymp\u00e4rist\u00f6n pienten yritt\u00e4jien markkinointikonseptia.<\/p>\n<p><strong class=\"diks-storyline__impact\">H\u00e4meenlinnan<\/strong> kaupunkirakennelautakunta k\u00e4sittelee tiistaina 11.11.2025 Mets\u00e4hallituksen FCG:lta (Finnish Consulting Group) tilaamaa luonnosta Evon yleiskaavaksi. Se ei sulje pois hakkuita tai rakentamista Evon tiedekansalliskansallispuistoksi suunnitellulla alueella eik\u00e4 ota huomioon kaupunginvaltuuston 6.10.2025 hyv\u00e4ksym\u00e4\u00e4 kaupunkistrategian 2025-2029 kirjausta Evon tiedekansallispuiston perustamisen edist\u00e4misest\u00e4. Kaava ei saa olla ristiriidassa t\u00e4m\u00e4n kanssa eik\u00e4 my\u00f6hemmin haitata tiedekansallispuiston toteutumista.<\/p>\n<p><strong class=\"diks-storyline__impact\">Evon tiedekansalliskansallispuistoksi <\/strong>suunnitellulla alueella ei saa sallia mit\u00e4\u00e4n uutta rakentamista, vaan tarvittava majoituskapasiteetti ja infrastruktuuri on rajattava alueen ulkopuolelle. Rantojen on s\u00e4ilytt\u00e4v\u00e4 rakentamattomina. Rakentaminen on toteutettava jo olemassa olevan tiest\u00f6n ja infrastruktuurin alueilla.<\/p>\n<p>Evon tiedekansallispuisto on H\u00e4meenlinnalle suuri taloudellinen mahdollisuus, mutta siihen ei sovellu kvartaalitalouden tai hallituskauden tuotto-odotus, vaan visio on ulotettava kauemmas. Evon vetovoimaa on kehitett\u00e4v\u00e4 pitk\u00e4ll\u00e4 t\u00e4ht\u00e4yksell\u00e4 keskell\u00e4 Etel\u00e4-Suomea sijaitsevana ainutlaatuisena matkailu- ja luontokohteena, rakennettuna kulttuuriymp\u00e4rist\u00f6n\u00e4 sek\u00e4 tutkimus- ja oppimisymp\u00e4rist\u00f6n\u00e4.<\/p>\n<p>Kirjoittaja Hannele Seitsonen kirjoittaa Ilmastoisovanhemmat ry:n H\u00e4meenlinnan toimintaryhm\u00e4n puolesta.<\/p>\n","protected":false},"excerpt":{"rendered":"Ilmastoisovanhemmat toimivat sen puolesta, ett\u00e4 lapsilla ja nuorilla olisi tulevaisuudessa el\u00e4misen mahdollisuus maapallollamme ja luonnon monimuotoisuus s\u00e4ilyisi. Jokainen&hellip;\n","protected":false},"author":2,"featured_media":84515,"comment_status":"","ping_status":"","sticky":false,"template":"","format":"standard","meta":{"footnotes":""},"categories":[117],"tags":[681,17361,33,31,30,2109,6552,2353,961,72,923,476,402,118,32,119,477],"class_list":{"0":"post-84514","1":"post","2":"type-post","3":"status-publish","4":"format-standard","5":"has-post-thumbnail","7":"category-luonto","8":"tag-alue-ja-paikallishallinto","9":"tag-evo","10":"tag-fi","11":"tag-finland","12":"tag-finnish","13":"tag-hameenlinna","14":"tag-hameenlinnan-kaupunki","15":"tag-hotellit-ja-majoitus","16":"tag-luonnonsuojelu","17":"tag-luonto","18":"tag-matkustaminen","19":"tag-nature","20":"tag-rakentaminen-kiinteistot","21":"tag-science","22":"tag-suomi","23":"tag-tiede","24":"tag-wildlife"},"share_on_mastodon":{"url":"https:\/\/pubeurope.com\/@fi\/115513680399405364","error":""},"_links":{"self":[{"href":"https:\/\/www.europesays.com\/fi\/wp-json\/wp\/v2\/posts\/84514","targetHints":{"allow":["GET"]}}],"collection":[{"href":"https:\/\/www.europesays.com\/fi\/wp-json\/wp\/v2\/posts"}],"about":[{"href":"https:\/\/www.europesays.com\/fi\/wp-json\/wp\/v2\/types\/post"}],"author":[{"embeddable":true,"href":"https:\/\/www.europesays.com\/fi\/wp-json\/wp\/v2\/users\/2"}],"replies":[{"embeddable":true,"href":"https:\/\/www.europesays.com\/fi\/wp-json\/wp\/v2\/comments?post=84514"}],"version-history":[{"count":0,"href":"https:\/\/www.europesays.com\/fi\/wp-json\/wp\/v2\/posts\/84514\/revisions"}],"wp:featuredmedia":[{"embeddable":true,"href":"https:\/\/www.europesays.com\/fi\/wp-json\/wp\/v2\/media\/84515"}],"wp:attachment":[{"href":"https:\/\/www.europesays.com\/fi\/wp-json\/wp\/v2\/media?parent=84514"}],"wp:term":[{"taxonomy":"category","embeddable":true,"href":"https:\/\/www.europesays.com\/fi\/wp-json\/wp\/v2\/categories?post=84514"},{"taxonomy":"post_tag","embeddable":true,"href":"https:\/\/www.europesays.com\/fi\/wp-json\/wp\/v2\/tags?post=84514"}],"curies":[{"name":"wp","href":"https:\/\/api.w.org\/{rel}","templated":true}]}}