{"id":84600,"date":"2025-11-08T13:15:08","date_gmt":"2025-11-08T13:15:08","guid":{"rendered":"https:\/\/www.europesays.com\/fi\/84600\/"},"modified":"2025-11-08T13:15:08","modified_gmt":"2025-11-08T13:15:08","slug":"miksei-talla-naisella-ole-jo-oscaria-tahdittaa-elokuvaa-jossa-jaadaan-kiikkiin-saunaan","status":"publish","type":"post","link":"https:\/\/www.europesays.com\/fi\/84600\/","title":{"rendered":"Miksei t\u00e4ll\u00e4 naisella ole jo Oscaria? T\u00e4hditt\u00e4\u00e4 elokuvaa, jossa j\u00e4\u00e4d\u00e4\u00e4n kiikkiin saunaan"},"content":{"rendered":"<p><strong>Milly Alcock <\/strong>ja <strong>Toni Collette<\/strong> n\u00e4yttelev\u00e4t tulevan Hot Mother -elokuvan p\u00e4\u00e4osia.<\/p>\n<p>Tarina seuraa \u00e4iti\u00e4 ja tyt\u00e4rt\u00e4, jotka matkustavat kylpyl\u00e4\u00e4n ja yritt\u00e4v\u00e4t vahvistaa v\u00e4lej\u00e4\u00e4n. Rentouttava viikonloppu muuttuu painajaiseksi, kun kaksikko j\u00e4\u00e4 vangiksi lukittuun saunaan. <\/p>\n<p>Selviytymistrillerin k\u00e4sikirjoittajana ja ohjaajana toimii <strong>Lucy Knox<\/strong>. Kyseess\u00e4 on esikoisohjaus, joka perustuu Knoxin samannimiseen lyhytelokuvaan (2020).<\/p>\n<p>Lue my\u00f6s: <a href=\"https:\/\/www.episodi.fi\/uutiset\/tanaan-tvssa-viiden-tahden-kauhuelokuva-vuodelta-2018-musertavan-upea\/\" title=\"T\u00e4n\u00e4\u00e4n tv:ss\u00e4: Viiden t\u00e4hden kauhuelokuva vuodelta 2018 \u2013\u00a0\u201dMusertavan upea\" class=\"underline-custom !font-montserrat !font-bold !underline-offset-4 !decoration-4 !decoration-episodi-blue !text-md\" rel=\"nofollow noopener\" target=\"_blank\">T\u00e4n\u00e4\u00e4n tv:ss\u00e4: Viiden t\u00e4hden kauhuelokuva vuodelta 2018 \u2013\u00a0\u201dMusertavan upea<\/a><\/p>\n<p>Lue my\u00f6s: <a href=\"https:\/\/www.episodi.fi\/uutiset\/kuudes-aisti-nayttelija-tajusi-nayttelevansa-kauhuelokuvassa-vasta-viikkojen-paasta-kuvauksista\/\" title=\"Kuudes aisti -n\u00e4yttelij\u00e4 tajusi n\u00e4yttelev\u00e4ns\u00e4 kauhuelokuvassa vasta kuvausten p\u00e4\u00e4tytty\u00e4\" class=\"underline-custom !font-montserrat !font-bold !underline-offset-4 !decoration-4 !decoration-episodi-blue !text-md\" rel=\"nofollow noopener\" target=\"_blank\">Kuudes aisti -n\u00e4yttelij\u00e4 tajusi n\u00e4yttelev\u00e4ns\u00e4 kauhuelokuvassa vasta kuvausten p\u00e4\u00e4tytty\u00e4<\/a><\/p>\n<p>Collette (Kuudes aisti, Hereditary, Little Miss Sunshine) on er\u00e4s Hollywoodin arvostetuimmista, monipuolisimmista ja ty\u00f6llistetyimmist\u00e4 n\u00e4yttelij\u00f6ist\u00e4. T\u00e4h\u00e4n menness\u00e4 ty\u00f6 on palkittu Oscar-ehdokkuudella (Kuudes aisti).<\/p>\n<p>Alcock tunnetaan muun muassa Supergirl-elokuvasta ja House of the Dragon -sarjasta.<\/p>\n<p>Hot Motherin kuvaukset alkavat Australiassa vuonna 2026. Julkaisup\u00e4iv\u00e4\u00e4 ei ole viel\u00e4 ilmoitettu.<\/p>\n<p>L\u00e4hde: <a href=\"https:\/\/screenrant.com\/milly-alcock-toni-collette-hot-mother-thriller-movie\/\" rel=\"nofollow noopener\" target=\"_blank\">Screen Rant<\/a><\/p>\n","protected":false},"excerpt":{"rendered":"Milly Alcock ja Toni Collette n\u00e4yttelev\u00e4t tulevan Hot Mother -elokuvan p\u00e4\u00e4osia. Tarina seuraa \u00e4iti\u00e4 ja tyt\u00e4rt\u00e4, jotka matkustavat&hellip;\n","protected":false},"author":2,"featured_media":84601,"comment_status":"","ping_status":"","sticky":false,"template":"","format":"standard","meta":{"footnotes":""},"categories":[130],"tags":[137,33,31,30,17369,32,7638,109],"class_list":{"0":"post-84600","1":"post","2":"type-post","3":"status-publish","4":"format-standard","5":"has-post-thumbnail","7":"category-viihde","8":"tag-entertainment","9":"tag-fi","10":"tag-finland","11":"tag-finnish","12":"tag-hot-mother","13":"tag-suomi","14":"tag-toni-collette","15":"tag-viihde"},"share_on_mastodon":{"url":"https:\/\/pubeurope.com\/@fi\/115514266308872051","error":""},"_links":{"self":[{"href":"https:\/\/www.europesays.com\/fi\/wp-json\/wp\/v2\/posts\/84600","targetHints":{"allow":["GET"]}}],"collection":[{"href":"https:\/\/www.europesays.com\/fi\/wp-json\/wp\/v2\/posts"}],"about":[{"href":"https:\/\/www.europesays.com\/fi\/wp-json\/wp\/v2\/types\/post"}],"author":[{"embeddable":true,"href":"https:\/\/www.europesays.com\/fi\/wp-json\/wp\/v2\/users\/2"}],"replies":[{"embeddable":true,"href":"https:\/\/www.europesays.com\/fi\/wp-json\/wp\/v2\/comments?post=84600"}],"version-history":[{"count":0,"href":"https:\/\/www.europesays.com\/fi\/wp-json\/wp\/v2\/posts\/84600\/revisions"}],"wp:featuredmedia":[{"embeddable":true,"href":"https:\/\/www.europesays.com\/fi\/wp-json\/wp\/v2\/media\/84601"}],"wp:attachment":[{"href":"https:\/\/www.europesays.com\/fi\/wp-json\/wp\/v2\/media?parent=84600"}],"wp:term":[{"taxonomy":"category","embeddable":true,"href":"https:\/\/www.europesays.com\/fi\/wp-json\/wp\/v2\/categories?post=84600"},{"taxonomy":"post_tag","embeddable":true,"href":"https:\/\/www.europesays.com\/fi\/wp-json\/wp\/v2\/tags?post=84600"}],"curies":[{"name":"wp","href":"https:\/\/api.w.org\/{rel}","templated":true}]}}